{"id":4399,"date":"2023-10-31T20:33:55","date_gmt":"2023-11-01T00:33:55","guid":{"rendered":"https:\/\/www.confederaciondelcobre.cl\/?p=4399"},"modified":"2023-10-31T20:33:57","modified_gmt":"2023-11-01T00:33:57","slug":"negociacion-colectiva-sindicato-nacional-no3-metrika-hace-efectiva-la-huelga","status":"publish","type":"post","link":"https:\/\/www.confederaciondelcobre.cl\/index.php\/2023\/10\/31\/negociacion-colectiva-sindicato-nacional-no3-metrika-hace-efectiva-la-huelga\/","title":{"rendered":"Negociaci\u00f3n Colectiva: Sindicato Nacional N\u00ba3 Metrika hace efectiva la huelga."},"content":{"rendered":"\n<p>Con la aprobaci\u00f3n del 95% de sus socios, y habi\u00e9ndose agotado el per\u00edodo de mediaci\u00f3n obligatoria solicitado por la empresa, los trabajadores agrupados en el Sindicato N\u00ba3 Empresa Metrika hacen efectivo su derecho a huelga.<\/p>\n\n\n\n<hr class=\"wp-block-separator has-alpha-channel-opacity\"\/>\n\n\n\n<p><strong>El d\u00eda de hoy, martes 31 de octubre, y en el marco de su actual negociaci\u00f3n colectiva, los trabajadores agrupados en el Sindicato Nacional N\u00ba3 Metrika han hecho efectivo su derecho a huelga<\/strong>. La negociaci\u00f3n, que inici\u00f3 el lunes 04 de septiembre, ha ido desarroll\u00e1ndose en un clima que desde el propio sindicato califican de <em>no amistoso<\/em>. Lo anterior \u2014aclaran los dirigentes\u2014 debido exclusivamente a la intransigente actitud de la empresa, que en los hechos ha demostrado poca o nula voluntad de negociar. De hecho, recalcan desde el sindicato, la empresa se ha limitado a solo imponer sus propias condiciones, que, cabe se\u00f1alar, se encuentran muy por debajo de lo demandado por los trabajadores, a saber: <strong>mejoras a las condiciones de salud y seguridad, aumento a sus remuneraciones, como tambi\u00e9n el establecimiento y ampliaci\u00f3n de beneficios y derechos sociales<\/strong>. Dichas demandas, insisten desde el sindicato, tienen por objeto un verdadero reconocimiento por parte de la empresa al aporte y esfuerzo de los trabajadores. Es decir hechos, no solo palabras.<\/p>\n\n\n\n<pre class=\"wp-block-verse\">El Sindicato Nacional N\u00ba3 Metrika, est\u00e1 afiliado a la Federaci\u00f3n Territorial del Cobre (Fetratec, que es federaci\u00f3n de la CTC en la Regi\u00f3n de O'Higgins), y es dirigido por Jorge Gaona, Presidente; Jorge Ch\u00e1vez, Tesorero; y Patricio Reyes, Secretario. Sus socios trabajan para la empresa Maximiliano Gonz\u00e1lez y Cia. Ltda., empresa que presta servicio en la Divisi\u00f3n El Teniente de Codelco.<\/pre>\n\n\n\n<p>Hoy, despu\u00e9s de haberse agotado (sin acuerdo) el per\u00edodo de mediaci\u00f3n obligatoria solicitado por la empresa, los trabajadores agrupados en el Sindicato Nacional N\u00ba3 Metrika han hecho efectivo su leg\u00edtimo e hist\u00f3rico derecho a huelga. La Confederaci\u00f3n de Trabajadores del Cobre, junto con saludar la unidad, consecuencia y convicci\u00f3n de los trabajadores del Sindicato, hace un llamado a la empresa Maximiliano Gonz\u00e1lez y Cia. Ltda. a cambiar la intransigencia por una voluntad de di\u00e1logo constructivo. Los trabajadores, su aporte y esfuerzo, m\u00e1s que un reconocimiento declarativo, merecen el reconocimiento en los hechos.<\/p>\n\n\n\n<figure class=\"wp-block-gallery has-nested-images columns-default is-cropped wp-block-gallery-1 is-layout-flex wp-block-gallery-is-layout-flex\">\n<figure class=\"wp-block-image size-large\"><img loading=\"lazy\" decoding=\"async\" width=\"1024\" height=\"768\" data-id=\"4412\" src=\"https:\/\/www.confederaciondelcobre.cl\/wp-content\/uploads\/2023\/10\/3b2bd1c5-5b6f-4338-a4d2-b3268973d5e9-1024x768.jpeg\" alt=\"\" class=\"wp-image-4412\" srcset=\"https:\/\/www.confederaciondelcobre.cl\/wp-content\/uploads\/2023\/10\/3b2bd1c5-5b6f-4338-a4d2-b3268973d5e9-1024x768.jpeg 1024w, https:\/\/www.confederaciondelcobre.cl\/wp-content\/uploads\/2023\/10\/3b2bd1c5-5b6f-4338-a4d2-b3268973d5e9-300x225.jpeg 300w, https:\/\/www.confederaciondelcobre.cl\/wp-content\/uploads\/2023\/10\/3b2bd1c5-5b6f-4338-a4d2-b3268973d5e9-768x576.jpeg 768w, https:\/\/www.confederaciondelcobre.cl\/wp-content\/uploads\/2023\/10\/3b2bd1c5-5b6f-4338-a4d2-b3268973d5e9-1536x1152.jpeg 1536w, https:\/\/www.confederaciondelcobre.cl\/wp-content\/uploads\/2023\/10\/3b2bd1c5-5b6f-4338-a4d2-b3268973d5e9.jpeg 1600w\" sizes=\"auto, (max-width: 1024px) 100vw, 1024px\" \/><\/figure>\n\n\n\n<figure class=\"wp-block-image size-large\"><img loading=\"lazy\" decoding=\"async\" width=\"1024\" height=\"768\" data-id=\"4413\" src=\"https:\/\/www.confederaciondelcobre.cl\/wp-content\/uploads\/2023\/10\/99b17ff5-7f96-4db8-b349-6642647fd10a-1024x768.jpeg\" alt=\"\" class=\"wp-image-4413\" srcset=\"https:\/\/www.confederaciondelcobre.cl\/wp-content\/uploads\/2023\/10\/99b17ff5-7f96-4db8-b349-6642647fd10a-1024x768.jpeg 1024w, https:\/\/www.confederaciondelcobre.cl\/wp-content\/uploads\/2023\/10\/99b17ff5-7f96-4db8-b349-6642647fd10a-300x225.jpeg 300w, https:\/\/www.confederaciondelcobre.cl\/wp-content\/uploads\/2023\/10\/99b17ff5-7f96-4db8-b349-6642647fd10a-768x576.jpeg 768w, https:\/\/www.confederaciondelcobre.cl\/wp-content\/uploads\/2023\/10\/99b17ff5-7f96-4db8-b349-6642647fd10a-1536x1152.jpeg 1536w, https:\/\/www.confederaciondelcobre.cl\/wp-content\/uploads\/2023\/10\/99b17ff5-7f96-4db8-b349-6642647fd10a.jpeg 1600w\" sizes=\"auto, (max-width: 1024px) 100vw, 1024px\" \/><\/figure>\n<\/figure>\n","protected":false},"excerpt":{"rendered":"<p>Con la aprobaci\u00f3n del 95% de sus socios, y habi\u00e9ndose agotado el per\u00edodo de mediaci\u00f3n obligatoria solicitado por la empresa, los trabajadores agrupados en el Sindicato N\u00ba3 Empresa Metrika hacen &hellip; <\/p>\n","protected":false},"author":2,"featured_media":4411,"comment_status":"closed","ping_status":"closed","sticky":false,"template":"","format":"standard","meta":{"jetpack_post_was_ever_published":false,"_jetpack_newsletter_access":"","_jetpack_dont_email_post_to_subs":false,"_jetpack_newsletter_tier_id":0,"_jetpack_memberships_contains_paywalled_content":false,"_jetpack_memberships_contains_paid_content":false,"footnotes":"","jetpack_publicize_message":"","jetpack_publicize_feature_enabled":false,"jetpack_social_post_already_shared":true,"jetpack_social_options":{"image_generator_settings":{"template":"highway","default_image_id":0,"enabled":false},"version":2}},"categories":[9,21,31,20,19],"tags":[],"class_list":["post-4399","post","type-post","status-publish","format-standard","has-post-thumbnail","hentry","category-confederacion","category-federaciones","category-fetratec","category-negociacion-colectiva","category-trabajadores"],"jetpack_publicize_connections":[],"jetpack_featured_media_url":"https:\/\/www.confederaciondelcobre.cl\/wp-content\/uploads\/2023\/10\/Portadas-web-CTC.jpg","jetpack_sharing_enabled":true,"post_mailing_queue_ids":[],"_links":{"self":[{"href":"https:\/\/www.confederaciondelcobre.cl\/index.php\/wp-json\/wp\/v2\/posts\/4399","targetHints":{"allow":["GET"]}}],"collection":[{"href":"https:\/\/www.confederaciondelcobre.cl\/index.php\/wp-json\/wp\/v2\/posts"}],"about":[{"href":"https:\/\/www.confederaciondelcobre.cl\/index.php\/wp-json\/wp\/v2\/types\/post"}],"author":[{"embeddable":true,"href":"https:\/\/www.confederaciondelcobre.cl\/index.php\/wp-json\/wp\/v2\/users\/2"}],"replies":[{"embeddable":true,"href":"https:\/\/www.confederaciondelcobre.cl\/index.php\/wp-json\/wp\/v2\/comments?post=4399"}],"version-history":[{"count":9,"href":"https:\/\/www.confederaciondelcobre.cl\/index.php\/wp-json\/wp\/v2\/posts\/4399\/revisions"}],"predecessor-version":[{"id":4415,"href":"https:\/\/www.confederaciondelcobre.cl\/index.php\/wp-json\/wp\/v2\/posts\/4399\/revisions\/4415"}],"wp:featuredmedia":[{"embeddable":true,"href":"https:\/\/www.confederaciondelcobre.cl\/index.php\/wp-json\/wp\/v2\/media\/4411"}],"wp:attachment":[{"href":"https:\/\/www.confederaciondelcobre.cl\/index.php\/wp-json\/wp\/v2\/media?parent=4399"}],"wp:term":[{"taxonomy":"category","embeddable":true,"href":"https:\/\/www.confederaciondelcobre.cl\/index.php\/wp-json\/wp\/v2\/categories?post=4399"},{"taxonomy":"post_tag","embeddable":true,"href":"https:\/\/www.confederaciondelcobre.cl\/index.php\/wp-json\/wp\/v2\/tags?post=4399"}],"curies":[{"name":"wp","href":"https:\/\/api.w.org\/{rel}","templated":true}]}}