{"id":440,"date":"2019-11-14T15:00:08","date_gmt":"2019-11-14T15:00:08","guid":{"rendered":"http:\/\/www.ctc2018.cl\/?p=440"},"modified":"2020-04-26T23:32:37","modified_gmt":"2020-04-26T23:32:37","slug":"sindicato-de-trabajadores-empresa-schwager-service-se-afilia-a-la-fesamav-y-la-ctc","status":"publish","type":"post","link":"https:\/\/www.confederaciondelcobre.cl\/index.php\/2019\/11\/14\/sindicato-de-trabajadores-empresa-schwager-service-se-afilia-a-la-fesamav-y-la-ctc\/","title":{"rendered":"Sindicato de Trabajadores Empresa Schwager Service se afilia a la FESAMAV y la CTC."},"content":{"rendered":"\n<p>La decisi\u00f3n, que ya hab\u00eda sido tomada con antelaci\u00f3n, pero que debido a la actual situaci\u00f3n que est\u00e1 viviendo el pa\u00eds no se hab\u00eda podido concretar, fue refrendada el d\u00eda de ayer (13 de noviembre) por las y los trabajadores en una votaci\u00f3n con resultado un\u00e1nime en favor de la afiliaci\u00f3n. Es as\u00ed como entonces el Sindicato de Trabajadores Empresa Schwager Service, a trav\u00e9s de su afiliaci\u00f3n a la Federaci\u00f3n de Trabajadores Contratistas MantoVerde (FESAMAV), pasa a formar parte de la Confederaci\u00f3n de Trabajadores del Cobre (CTC).<\/p>\n\n\n\n<p>Stephanie Gonz\u00e1lez, Directora Nacional Encargada de G\u00e9nero e Inclusi\u00f3n de la CTC, y Presidenta de la FESAMAV, dio un <em>\u201cgran saludo bienvenida a la Organizaci\u00f3n\u201d<\/em> indicando que <em>\u201cseguiremos luchando en conjunto para avanzar en derechos y dignidad para los trabajadores\u201d<\/em>, se\u00f1alando adem\u00e1s que <em>\u201cel camino que tomamos en conjunto esperamos sea fruct\u00edfero para todos, pues estamos convencidos que organizados, unidos y en disposici\u00f3n de lucha, es la manera en que alcanzaremos nuestros objetivos\u201d.<\/em><\/p>\n\n\n\n<p>Finalmente, y ante los \u00faltimos acontecimientos del pa\u00eds, donde el pueblo chileno, cansado de tanto abuso, desigualdades y discriminaciones se ha manifestado en las calles de Chile, la Presidenta de la FESAMAV, a prop\u00f3sito de la activa participaci\u00f3n tanto de la CTC, sus Federaciones y el Sindicato que hoy se integra, coment\u00f3 que <em>\u201choy, m\u00e1s que nunca, hemos demostrado nuestro compromiso como trabajadores, pues somos parte de la sociedad y que para alcanzar los profundos cambios que el pa\u00eds necesita, como la constituci\u00f3n a trav\u00e9s de una asamblea constituyente, seguiremos contribuyendo y en lucha\u201d<\/em>.<\/p>\n","protected":false},"excerpt":{"rendered":"<p>La decisi\u00f3n, que ya hab\u00eda sido tomada con antelaci\u00f3n, pero que debido a la actual situaci\u00f3n que est\u00e1 viviendo el pa\u00eds no se hab\u00eda podido concretar, fue refrendada el d\u00eda &hellip; <\/p>\n","protected":false},"author":2,"featured_media":441,"comment_status":"open","ping_status":"open","sticky":false,"template":"","format":"standard","meta":{"jetpack_post_was_ever_published":false,"_jetpack_newsletter_access":"","_jetpack_dont_email_post_to_subs":false,"_jetpack_newsletter_tier_id":0,"_jetpack_memberships_contains_paywalled_content":false,"_jetpack_memberships_contains_paid_content":false,"footnotes":"","jetpack_publicize_message":"","jetpack_publicize_feature_enabled":true,"jetpack_social_post_already_shared":false,"jetpack_social_options":{"image_generator_settings":{"template":"highway","default_image_id":0,"enabled":false},"version":2}},"categories":[9,21,25],"tags":[],"class_list":["post-440","post","type-post","status-publish","format-standard","has-post-thumbnail","hentry","category-confederacion","category-federaciones","category-fesamav"],"jetpack_publicize_connections":[],"jetpack_featured_media_url":"https:\/\/www.confederaciondelcobre.cl\/wp-content\/uploads\/2019\/11\/ShFESAMAV.jpg","jetpack_sharing_enabled":true,"post_mailing_queue_ids":[],"_links":{"self":[{"href":"https:\/\/www.confederaciondelcobre.cl\/index.php\/wp-json\/wp\/v2\/posts\/440","targetHints":{"allow":["GET"]}}],"collection":[{"href":"https:\/\/www.confederaciondelcobre.cl\/index.php\/wp-json\/wp\/v2\/posts"}],"about":[{"href":"https:\/\/www.confederaciondelcobre.cl\/index.php\/wp-json\/wp\/v2\/types\/post"}],"author":[{"embeddable":true,"href":"https:\/\/www.confederaciondelcobre.cl\/index.php\/wp-json\/wp\/v2\/users\/2"}],"replies":[{"embeddable":true,"href":"https:\/\/www.confederaciondelcobre.cl\/index.php\/wp-json\/wp\/v2\/comments?post=440"}],"version-history":[{"count":1,"href":"https:\/\/www.confederaciondelcobre.cl\/index.php\/wp-json\/wp\/v2\/posts\/440\/revisions"}],"predecessor-version":[{"id":442,"href":"https:\/\/www.confederaciondelcobre.cl\/index.php\/wp-json\/wp\/v2\/posts\/440\/revisions\/442"}],"wp:featuredmedia":[{"embeddable":true,"href":"https:\/\/www.confederaciondelcobre.cl\/index.php\/wp-json\/wp\/v2\/media\/441"}],"wp:attachment":[{"href":"https:\/\/www.confederaciondelcobre.cl\/index.php\/wp-json\/wp\/v2\/media?parent=440"}],"wp:term":[{"taxonomy":"category","embeddable":true,"href":"https:\/\/www.confederaciondelcobre.cl\/index.php\/wp-json\/wp\/v2\/categories?post=440"},{"taxonomy":"post_tag","embeddable":true,"href":"https:\/\/www.confederaciondelcobre.cl\/index.php\/wp-json\/wp\/v2\/tags?post=440"}],"curies":[{"name":"wp","href":"https:\/\/api.w.org\/{rel}","templated":true}]}}