{"id":4417,"date":"2024-01-24T17:01:09","date_gmt":"2024-01-24T21:01:09","guid":{"rendered":"https:\/\/www.confederaciondelcobre.cl\/?p=4417"},"modified":"2024-01-24T17:01:32","modified_gmt":"2024-01-24T21:01:32","slug":"nelsonenlamemoria-con-actuacion-de-inti-illimani-y-walitroques-la-sexta-version-del-festival-se-realizara-en-el-centro-cultural-atacama-de-la-ciudad-de-copiapo","status":"publish","type":"post","link":"https:\/\/www.confederaciondelcobre.cl\/index.php\/2024\/01\/24\/nelsonenlamemoria-con-actuacion-de-inti-illimani-y-walitroques-la-sexta-version-del-festival-se-realizara-en-el-centro-cultural-atacama-de-la-ciudad-de-copiapo\/","title":{"rendered":"#NelsonEnlaMemoria: con actuaci\u00f3n de Inti-Illimani y Walitroques, la sexta versi\u00f3n del festival se realizar\u00e1 en el Centro Cultural Atacama de la ciudad de Copiap\u00f3."},"content":{"rendered":"\n<p>Con la actuaci\u00f3n del grupo <a href=\"https:\/\/www.youtube.com\/@walitroques\" target=\"_blank\" rel=\"noreferrer noopener\">Walitroques<\/a>, banda musical de Tierra Amarilla (Regi\u00f3n de Atacama-Chile); y con la presencia de autoridades regionales, como tambi\u00e9n de representantes de organizaciones sindicales, sociales y culturales, entre otras; el <strong><em>&#8220;Festival Nelson en la memoria&#8221;<\/em><\/strong> se llevar\u00e1 a cabo <strong>\u2014de forma gratuita\u2014<\/strong> el s\u00e1bado 27 de enero de este 2024, a partir de las 18:00 horas, en el <a href=\"https:\/\/maps.app.goo.gl\/ioJpQbYfWybsqcbN8\" target=\"_blank\" rel=\"noreferrer noopener\">Centro Cultural Atacama de la ciudad de Copiap\u00f3<\/a>, y cerrar\u00e1 su sexta versi\u00f3n con la presentaci\u00f3n del hist\u00f3rico grupo musical <a href=\"https:\/\/www.instagram.com\/intiillimani\/\" target=\"_blank\" rel=\"noreferrer noopener\">Inti-Illimani<\/a>.<\/p>\n\n\n\n<hr class=\"wp-block-separator has-alpha-channel-opacity\"\/>\n\n\n\n<blockquote class=\"wp-block-quote is-layout-flow wp-block-quote-is-layout-flow\">\n<p>El Festival Nelson en la memoria, organizado por la Federaci\u00f3n de Sindicatos El Salvador (FESAL, que es federaci\u00f3n de la CTC en la Regi\u00f3n de Atacama), va por su sexta versi\u00f3n y busca reivindicar la memoria hist\u00f3rica en la idea de aportar al sentido de identidad y pertenencia de las y los trabajadores subcontratados del cobre. Esto como una<strong>&nbsp;<\/strong>forma de<strong>&nbsp;establecer un compromiso para que los cr\u00edmenes contra las y los trabajadores,&nbsp;como en el caso de nuestro compa\u00f1ero Nelson Quichillao L\u00f3pez, por quien a m\u00e1s de ocho a\u00f1os de su asesinato seguimos en b\u00fasqueda de verdad y justicia, no se sigan repitiendo en Chile<\/strong>.<\/p>\n<\/blockquote>\n\n\n\n<div class=\"wp-block-jetpack-slideshow aligncenter\" data-effect=\"slide\"><div class=\"wp-block-jetpack-slideshow_container swiper-container\"><ul class=\"wp-block-jetpack-slideshow_swiper-wrapper swiper-wrapper\"><li class=\"wp-block-jetpack-slideshow_slide swiper-slide\"><figure><img loading=\"lazy\" decoding=\"async\" width=\"1000\" height=\"1000\" alt=\"\" class=\"wp-block-jetpack-slideshow_image wp-image-4712\" data-id=\"4712\" src=\"https:\/\/www.confederaciondelcobre.cl\/wp-content\/uploads\/2024\/01\/FestNEM-INTI.jpg\" srcset=\"https:\/\/www.confederaciondelcobre.cl\/wp-content\/uploads\/2024\/01\/FestNEM-INTI.jpg 1000w, https:\/\/www.confederaciondelcobre.cl\/wp-content\/uploads\/2024\/01\/FestNEM-INTI-300x300.jpg 300w, https:\/\/www.confederaciondelcobre.cl\/wp-content\/uploads\/2024\/01\/FestNEM-INTI-150x150.jpg 150w, https:\/\/www.confederaciondelcobre.cl\/wp-content\/uploads\/2024\/01\/FestNEM-INTI-768x768.jpg 768w\" sizes=\"auto, (max-width: 1000px) 100vw, 1000px\" \/><\/figure><\/li><li class=\"wp-block-jetpack-slideshow_slide swiper-slide\"><figure><img loading=\"lazy\" decoding=\"async\" width=\"1000\" height=\"1000\" alt=\"\" class=\"wp-block-jetpack-slideshow_image wp-image-4713\" data-id=\"4713\" src=\"https:\/\/www.confederaciondelcobre.cl\/wp-content\/uploads\/2024\/01\/FestNEM-Walitroques.jpg\" srcset=\"https:\/\/www.confederaciondelcobre.cl\/wp-content\/uploads\/2024\/01\/FestNEM-Walitroques.jpg 1000w, https:\/\/www.confederaciondelcobre.cl\/wp-content\/uploads\/2024\/01\/FestNEM-Walitroques-300x300.jpg 300w, https:\/\/www.confederaciondelcobre.cl\/wp-content\/uploads\/2024\/01\/FestNEM-Walitroques-150x150.jpg 150w, https:\/\/www.confederaciondelcobre.cl\/wp-content\/uploads\/2024\/01\/FestNEM-Walitroques-768x768.jpg 768w\" sizes=\"auto, (max-width: 1000px) 100vw, 1000px\" \/><\/figure><\/li><li class=\"wp-block-jetpack-slideshow_slide swiper-slide\"><figure><img loading=\"lazy\" decoding=\"async\" width=\"500\" height=\"500\" alt=\"\" class=\"wp-block-jetpack-slideshow_image wp-image-4714\" data-id=\"4714\" src=\"https:\/\/www.confederaciondelcobre.cl\/wp-content\/uploads\/2024\/01\/FestNEM.jpg\" srcset=\"https:\/\/www.confederaciondelcobre.cl\/wp-content\/uploads\/2024\/01\/FestNEM.jpg 500w, https:\/\/www.confederaciondelcobre.cl\/wp-content\/uploads\/2024\/01\/FestNEM-300x300.jpg 300w, https:\/\/www.confederaciondelcobre.cl\/wp-content\/uploads\/2024\/01\/FestNEM-150x150.jpg 150w\" sizes=\"auto, (max-width: 500px) 100vw, 500px\" \/><\/figure><\/li><\/ul><a class=\"wp-block-jetpack-slideshow_button-prev swiper-button-prev swiper-button-white\" role=\"button\"><\/a><a class=\"wp-block-jetpack-slideshow_button-next swiper-button-next swiper-button-white\" role=\"button\"><\/a><a aria-label=\"Pause Slideshow\" class=\"wp-block-jetpack-slideshow_button-pause\" role=\"button\"><\/a><div class=\"wp-block-jetpack-slideshow_pagination swiper-pagination swiper-pagination-white\"><\/div><\/div><\/div>\n\n\n\n<p>Ya est\u00e1 todo listo y dispuesto, entonces, para la realizaci\u00f3n de la sexta versi\u00f3n del <strong>&#8220;Festival Nelson en la memoria&#8221;, que, reiteramos, tendr\u00e1 lugar <strong>\u2014de forma gratuita\u2014<\/strong> a partir de las 18:00 horas del<\/strong> <strong>s\u00e1bado 27 de enero de este 2024. La cita ser\u00e1 en el <a href=\"https:\/\/maps.app.goo.gl\/ioJpQbYfWybsqcbN8\" target=\"_blank\" rel=\"noreferrer noopener\">Centro Cultural Atacama de la ciudad de Copiap\u00f3<\/a><\/strong>, y <strong>contar\u00e1 con las presentaciones musicales de <a href=\"https:\/\/www.instagram.com\/walitroques\/\" target=\"_blank\" rel=\"noreferrer noopener\">Walitroques<\/a> e <a href=\"https:\/\/www.instagram.com\/intiillimani\/\" target=\"_blank\" rel=\"noreferrer noopener\">Inti-Illimani<\/a><\/strong> \u00a1Las y los esperamos!<\/p>\n","protected":false},"excerpt":{"rendered":"<p>Con la actuaci\u00f3n del grupo Walitroques, banda musical de Tierra Amarilla (Regi\u00f3n de Atacama-Chile); y con la presencia de autoridades regionales, como tambi\u00e9n de representantes de organizaciones sindicales, sociales y &hellip; <\/p>\n","protected":false},"author":2,"featured_media":4708,"comment_status":"closed","ping_status":"closed","sticky":false,"template":"","format":"standard","meta":{"jetpack_post_was_ever_published":false,"_jetpack_newsletter_access":"","_jetpack_dont_email_post_to_subs":false,"_jetpack_newsletter_tier_id":0,"_jetpack_memberships_contains_paywalled_content":false,"_jetpack_memberships_contains_paid_content":false,"footnotes":"","jetpack_publicize_message":"","jetpack_publicize_feature_enabled":false,"jetpack_social_post_already_shared":true,"jetpack_social_options":{"image_generator_settings":{"template":"highway","default_image_id":0,"enabled":false},"version":2}},"categories":[37,23,9,21,22,28,25,33,29,31,13,15,32,19],"tags":[],"class_list":["post-4417","post","type-post","status-publish","format-standard","has-post-thumbnail","hentry","category-memoriactc","category-acuerdo-marco-codelco","category-confederacion","category-federaciones","category-feminort","category-fesal","category-fesamav","category-fesitram","category-fetramac","category-fetratec","category-internacional","category-nacional","category-nelson-quichillao","category-trabajadores"],"jetpack_publicize_connections":[],"jetpack_featured_media_url":"https:\/\/www.confederaciondelcobre.cl\/wp-content\/uploads\/2024\/01\/Port-3.jpg","jetpack_sharing_enabled":true,"post_mailing_queue_ids":[],"_links":{"self":[{"href":"https:\/\/www.confederaciondelcobre.cl\/index.php\/wp-json\/wp\/v2\/posts\/4417","targetHints":{"allow":["GET"]}}],"collection":[{"href":"https:\/\/www.confederaciondelcobre.cl\/index.php\/wp-json\/wp\/v2\/posts"}],"about":[{"href":"https:\/\/www.confederaciondelcobre.cl\/index.php\/wp-json\/wp\/v2\/types\/post"}],"author":[{"embeddable":true,"href":"https:\/\/www.confederaciondelcobre.cl\/index.php\/wp-json\/wp\/v2\/users\/2"}],"replies":[{"embeddable":true,"href":"https:\/\/www.confederaciondelcobre.cl\/index.php\/wp-json\/wp\/v2\/comments?post=4417"}],"version-history":[{"count":13,"href":"https:\/\/www.confederaciondelcobre.cl\/index.php\/wp-json\/wp\/v2\/posts\/4417\/revisions"}],"predecessor-version":[{"id":4715,"href":"https:\/\/www.confederaciondelcobre.cl\/index.php\/wp-json\/wp\/v2\/posts\/4417\/revisions\/4715"}],"wp:featuredmedia":[{"embeddable":true,"href":"https:\/\/www.confederaciondelcobre.cl\/index.php\/wp-json\/wp\/v2\/media\/4708"}],"wp:attachment":[{"href":"https:\/\/www.confederaciondelcobre.cl\/index.php\/wp-json\/wp\/v2\/media?parent=4417"}],"wp:term":[{"taxonomy":"category","embeddable":true,"href":"https:\/\/www.confederaciondelcobre.cl\/index.php\/wp-json\/wp\/v2\/categories?post=4417"},{"taxonomy":"post_tag","embeddable":true,"href":"https:\/\/www.confederaciondelcobre.cl\/index.php\/wp-json\/wp\/v2\/tags?post=4417"}],"curies":[{"name":"wp","href":"https:\/\/api.w.org\/{rel}","templated":true}]}}