{"id":4423,"date":"2023-11-10T20:43:51","date_gmt":"2023-11-11T00:43:51","guid":{"rendered":"https:\/\/www.confederaciondelcobre.cl\/?p=4423"},"modified":"2023-11-10T21:03:17","modified_gmt":"2023-11-11T01:03:17","slug":"sindicato-no5-geovita-logra-exitoso-cierre-de-negociacion-colectiva","status":"publish","type":"post","link":"https:\/\/www.confederaciondelcobre.cl\/index.php\/2023\/11\/10\/sindicato-no5-geovita-logra-exitoso-cierre-de-negociacion-colectiva\/","title":{"rendered":"Sindicato N\u00ba5 Geovita logra exitoso cierre de negociaci\u00f3n colectiva."},"content":{"rendered":"\n<p>Mejores salarios, implementaci\u00f3n y ampliaci\u00f3n de bonos, cl\u00e1usulas de cierre y titularidad sindical, entre otras, son las conquistas del Sindicato N\u00ba5 Geovita en su \u00faltima negociaci\u00f3n colectiva.<\/p>\n\n\n\n<hr class=\"wp-block-separator has-alpha-channel-opacity\"\/>\n\n\n\n<p>El lunes 06 de noviembre del presente, el Sindicato N\u00ba5 Geovita finalmente arrib\u00f3 a un acuerdo con la empresa en el marco de su \u00faltima negociaci\u00f3n colectiva. La negociaci\u00f3n, que parti\u00f3 el 28 de agosto, cabe recordar, estuvo marcada por la falta de voluntad por parte de la empresa, que incurri\u00f3 incluso en malas pr\u00e1cticas que se manifestaron, por ejemplo, en amenazas a los trabajadores organizados. Dicha actitud, calificada por la dirigencia sindical como intransigente, llev\u00f3 a que los trabajadores decidieran echar mano a una hist\u00f3rica, leg\u00edtima y legal herramienta de lucha: la huelga. Lo anterior, subrayan desde el sindicato, debido a que la \u00faltima oferta de la empresa era a lo menos insuficiente.<\/p>\n\n\n\n<p>Una vez votada la huelga, con un 98% de aprobaci\u00f3n por parte de los socios del sindicato, y a solo d\u00edas de hacerse efectiva, la empresa solicit\u00f3 la mediaci\u00f3n obligatoria (instancia en que act\u00faa como mediadora la Direcci\u00f3n del Trabajo) y fue durante este per\u00edodo que ambas partes finalmente arribaron a un acuerdo, un acuerdo en que, entre otras conquistas, figuran la mejora de salarios, la implementaci\u00f3n y ampliaci\u00f3n de bonos, cl\u00e1usulas de cierre y titularidad sindical, es decir (titularidad sindical) que lo conquistado aplicar\u00e1 solo para los actuales y futuros afiliados al sindicato.<\/p>\n\n\n\n<blockquote class=\"wp-block-quote is-layout-flow wp-block-quote-is-layout-flow\">\n<ul class=\"wp-block-list\">\n<li>El Sindicato N\u00ba5 Geovita est\u00e1 afiliado a la Federaci\u00f3n de Trabajadores Territorial del Cobre (FETRATEC, que federaci\u00f3n de la Confederaci\u00f3n de Trabajadores del Cobre).<\/li>\n\n\n\n<li>El Sindicato N\u00ba5 Geovita es dirigido por Luis Marchant , Presidente; Francisco P\u00e9rez, Tesorero; y Francisco Cantero, Secretario.<\/li>\n\n\n\n<li>Los trabajadores, socios del Sindicato N\u00ba5 Geovita, desempe\u00f1an sus labores en la Divisi\u00f3n Chuquicamata de Codelco, en los contratos Nivel 1 Norte y Nivel 1 Sur.<\/li>\n<\/ul>\n<\/blockquote>\n\n\n\n<p>Luis Marchant Vald\u00e9s, Presidente del Sindicato N\u00ba5 Geovita, quien tambi\u00e9n es Presidente de la Federaci\u00f3n de Trabajadores Territorial del Cobre (FETRATEC) y Director Nacional Encargado de Comunicaciones de la CTC, valor\u00f3 esta negociaci\u00f3n colectiva por cuanto a que \u201cprimero, fue complejo reinstalar la organizaci\u00f3n [el sindicato], una organizaci\u00f3n que tiene historia, pero que sin embargo la empresa siempre trat\u00f3 de disolver. Pero a pesar de las dificultades \u2014recalc\u00f3 Luis Marchant\u2014 los trabajadores eligieron la unidad, eligieron organizarse y eligieron este sindicato, para hacer lo que justamente los sindicatos est\u00e1n llamados a hacer, que es velar por los derechos y conquistas que ellos mismos han logrado\u201d. Tambi\u00e9n, el Presidente del Sindicato N\u00ba5 Geovita indic\u00f3 estar \u201corgulloso de quienes participaron de este proceso, que fue complejo, pero que al final rindi\u00f3 sus frutos: tenemos un contrato colectivo cuyos derechos y beneficios ser\u00e1n extensivos solo a los socios del sindicato, un contrato que regir\u00e1 por los siguientes 36 meses, y que gracias a la lucha de los trabajadores organizados se hace cargo de importantes aspectos salariales, laborales y sociales\u201d. Para finalizar, Luis Marchant tambi\u00e9n destac\u00f3 el fundamental rol, tanto del Directorio del sindicato como de la propia Confederaci\u00f3n de Trabajadores del Cobre (CTC) en el logro de exitoso resultado.<\/p>\n\n\n\n<p>Se comprueba, una vez m\u00e1s, que la unidad de las y los trabajadoras en torno a su sindicato y a su organizaci\u00f3n nacional son garant\u00edas de fuerza y cohesi\u00f3n en las luchas por mejores condiciones de trabajo y de vida.<\/p>\n\n\n\n<p>Desde la Confederaci\u00f3n de Trabajadores del Cobre saludamos y felicitamos a los trabajadores organizados en el Sindicato N\u00ba5 Geovita y a su dirigencia. A trav\u00e9s de este proceso de negociaci\u00f3n colectiva, se pudo tambi\u00e9n mejorar el tipo de instrumento colectivo (es ahora un Contrato Colectivo y ya no un Convenio Colectivo). Finalmente se logr\u00f3 aumentar en forma importante el n\u00famero de socios y fortalecer a un sindicato que represente los intereses de todos los trabajadores de la empresa sin discriminaci\u00f3n, lo que sirve como ejemplo en las futuras negociaciones colectivas a nivel nacional.<\/p>\n\n\n\n<p>La unidad y disposici\u00f3n de lucha mostrada en este proceso, pone, una vez m\u00e1s, en evidencia que ese es el camino a seguir para avanzar en m\u00e1s y mejores conquistas para las y los trabajadores y sus familias. La dignidad en el trabajo, un trabajo realmente digno, son objetivos cada vez m\u00e1s cercanos. Es organizados y en disposici\u00f3n de lucha, pero tambi\u00e9n muy conscientes de nuestra merecida dignidad, es que avanzamos.<\/p>\n","protected":false},"excerpt":{"rendered":"<p>Mejores salarios, implementaci\u00f3n y ampliaci\u00f3n de bonos, cl\u00e1usulas de cierre y titularidad sindical, entre otras, son las conquistas del Sindicato N\u00ba5 Geovita en su \u00faltima negociaci\u00f3n colectiva. El lunes 06 &hellip; <\/p>\n","protected":false},"author":2,"featured_media":4431,"comment_status":"closed","ping_status":"closed","sticky":false,"template":"","format":"standard","meta":{"jetpack_post_was_ever_published":false,"_jetpack_newsletter_access":"","_jetpack_dont_email_post_to_subs":false,"_jetpack_newsletter_tier_id":0,"_jetpack_memberships_contains_paywalled_content":false,"_jetpack_memberships_contains_paid_content":false,"footnotes":"","jetpack_publicize_message":"","jetpack_publicize_feature_enabled":false,"jetpack_social_post_already_shared":true,"jetpack_social_options":{"image_generator_settings":{"template":"highway","default_image_id":0,"enabled":false},"version":2}},"categories":[9,21,31,20,19],"tags":[],"class_list":["post-4423","post","type-post","status-publish","format-standard","has-post-thumbnail","hentry","category-confederacion","category-federaciones","category-fetratec","category-negociacion-colectiva","category-trabajadores"],"jetpack_publicize_connections":[],"jetpack_featured_media_url":"https:\/\/www.confederaciondelcobre.cl\/wp-content\/uploads\/2023\/11\/Port.jpg","jetpack_sharing_enabled":true,"post_mailing_queue_ids":[],"_links":{"self":[{"href":"https:\/\/www.confederaciondelcobre.cl\/index.php\/wp-json\/wp\/v2\/posts\/4423","targetHints":{"allow":["GET"]}}],"collection":[{"href":"https:\/\/www.confederaciondelcobre.cl\/index.php\/wp-json\/wp\/v2\/posts"}],"about":[{"href":"https:\/\/www.confederaciondelcobre.cl\/index.php\/wp-json\/wp\/v2\/types\/post"}],"author":[{"embeddable":true,"href":"https:\/\/www.confederaciondelcobre.cl\/index.php\/wp-json\/wp\/v2\/users\/2"}],"replies":[{"embeddable":true,"href":"https:\/\/www.confederaciondelcobre.cl\/index.php\/wp-json\/wp\/v2\/comments?post=4423"}],"version-history":[{"count":16,"href":"https:\/\/www.confederaciondelcobre.cl\/index.php\/wp-json\/wp\/v2\/posts\/4423\/revisions"}],"predecessor-version":[{"id":4456,"href":"https:\/\/www.confederaciondelcobre.cl\/index.php\/wp-json\/wp\/v2\/posts\/4423\/revisions\/4456"}],"wp:featuredmedia":[{"embeddable":true,"href":"https:\/\/www.confederaciondelcobre.cl\/index.php\/wp-json\/wp\/v2\/media\/4431"}],"wp:attachment":[{"href":"https:\/\/www.confederaciondelcobre.cl\/index.php\/wp-json\/wp\/v2\/media?parent=4423"}],"wp:term":[{"taxonomy":"category","embeddable":true,"href":"https:\/\/www.confederaciondelcobre.cl\/index.php\/wp-json\/wp\/v2\/categories?post=4423"},{"taxonomy":"post_tag","embeddable":true,"href":"https:\/\/www.confederaciondelcobre.cl\/index.php\/wp-json\/wp\/v2\/tags?post=4423"}],"curies":[{"name":"wp","href":"https:\/\/api.w.org\/{rel}","templated":true}]}}