{"id":4435,"date":"2023-11-10T21:43:58","date_gmt":"2023-11-11T01:43:58","guid":{"rendered":"https:\/\/www.confederaciondelcobre.cl\/?p=4435"},"modified":"2023-11-10T21:44:00","modified_gmt":"2023-11-11T01:44:00","slug":"con-exito-el-sindicato-nacional-no3-metrika-cierra-su-primera-negociacion-colectiva","status":"publish","type":"post","link":"https:\/\/www.confederaciondelcobre.cl\/index.php\/2023\/11\/10\/con-exito-el-sindicato-nacional-no3-metrika-cierra-su-primera-negociacion-colectiva\/","title":{"rendered":"Con \u00e9xito, el Sindicato Nacional N\u00ba3 Metrika cierra su primera negociaci\u00f3n colectiva."},"content":{"rendered":"\n<p>Demandas econ\u00f3micas, laborales y sociales finalmente se tradujeron en el aumento de remuneraciones, aportes por deporte, recreaci\u00f3n, etc, como tambi\u00e9n cl\u00e1usulas de cierre y titularidad sindical, entre otras.<\/p>\n\n\n\n<hr class=\"wp-block-separator has-alpha-channel-opacity\"\/>\n\n\n\n<p>El martes 07 de noviembre del presente, el Sindicato Nacional N\u00ba3 Metrika cerr\u00f3 con \u00e9xito su primera negociaci\u00f3n colectiva. Iniciada el 04 de septiembre, y luego de un complejo proceso de negociaci\u00f3n, en el que, cabe agregar, la falta de voluntad para negociar por parte de la empresa Maximiliano Gonz\u00e1lez y Cia. Ltda. fuera la t\u00f3nica, los trabajadores organizados en el sindicato tuvieron que incluso llegar a votar la huelga.<\/p>\n\n\n\n<p>La huelga, herramienta tan hist\u00f3rica como leg\u00edtima, adem\u00e1s de encontrarse reglada en un proceso de negociaci\u00f3n colectiva, fue aprobada por el 95% de los socios del sindicato y no fue hasta entonces que la empresa \u2014al solicitar la mediaci\u00f3n obligatoria por parte de la Direcci\u00f3n del Trabajo\u2014 comenz\u00f3 a dar se\u00f1ales de apertura, aunque a\u00fan insuficientes pues continuaba en la idea de imponer sus propias condiciones. Fue ante ello, entonces, y debido a la intransigencia de la empresa, que la huelga tuvo que hacerse efectiva.<\/p>\n\n\n\n<blockquote class=\"wp-block-quote is-layout-flow wp-block-quote-is-layout-flow\">\n<p>El Sindicato Nacional N\u00ba3 Metrika est\u00e1 afiliado a la Federaci\u00f3n Territorial del Cobre (Fetratec, que es federaci\u00f3n de la CTC en la Regi\u00f3n de O&#8217;Higgins), y es dirigido por Jorge Gaona, Presidente; Jorge Ch\u00e1vez, Tesorero; y Patricio Reyes, Secretario. Sus socios trabajan para la empresa Maximiliano Gonz\u00e1lez y Cia. Ltda., empresa que presta servicio en la Divisi\u00f3n El Teniente de Codelco.<\/p>\n<\/blockquote>\n\n\n\n<p>\u201cEl proceso fue complejo, dif\u00edcil\u201d, se\u00f1al\u00f3 el Presidente del Sindicato, Jorge Gaona, quien indic\u00f3 que \u201cllegar a la huelga para conseguir lo demandado fue necesario y valioso, porque, primero, ese fue el mandato de la asamblea que representamos; y tambi\u00e9n porque es una herramienta de lucha que los trabajadores debemos estar dispuestos a usar\u201d. Y as\u00ed fue \u2014durante el desarrollo de la huelga, que dur\u00f3 siete d\u00edas\u2014 como finalmente trabajadores y empresa acercaron posiciones, y las demandas econ\u00f3micas, laborales y sociales finalmente se tradujeron en el aumento de remuneraciones, aportes por deporte, recreaci\u00f3n, etc, como tambi\u00e9n cl\u00e1usulas de cierre y titularidad sindical, significando esto \u00faltimo (titularidad sindical) que los derechos y beneficios conquistados aplican y aplicar\u00e1n solo a los actuales y futuros socios del sindicato. Para finalizar, el Presidente del Sindicato Nacional N\u00ba3 Metrika destac\u00f3 el rol fundamental de la Fetratec&nbsp; y de la propia CTC en el desarrollo y en los resultados de la negociaci\u00f3n.<\/p>\n\n\n\n<p>Como ha sido la hist\u00f3rica experiencia de las luchas sindicales, el \u00e9xito es el resultado de la unidad de las y los trabajadoras en torno a su sindicato y a su organizaci\u00f3n nacional.<\/p>\n\n\n\n<p>Desde la Confederaci\u00f3n de Trabajadores del Cobre (CTC), saludamos y felicitamos a los trabajadores agrupados en el Sindicato Nacional N\u00ba3 Metrika y a su directiva, quienes han demostrado una fuerte unidad, conciencia y disposici\u00f3n de lucha en torno a la organizaci\u00f3n que reci\u00e9n este a\u00f1o han constituido y que ya cuenta a su haber con un exitoso contrato colectivo. Les llamamos, en consecuencia, a seguir organizados, a seguir unidos y a seguir vigilantes, para que lo conquistado sea efectivamente materializado, y para que el objetivo de un trabajo verdaderamente decente sea cada vez m\u00e1s cercano.<\/p>\n","protected":false},"excerpt":{"rendered":"<p>Demandas econ\u00f3micas, laborales y sociales finalmente se tradujeron en el aumento de remuneraciones, aportes por deporte, recreaci\u00f3n, etc, como tambi\u00e9n cl\u00e1usulas de cierre y titularidad sindical, entre otras. El martes &hellip; <\/p>\n","protected":false},"author":2,"featured_media":4438,"comment_status":"closed","ping_status":"closed","sticky":false,"template":"","format":"standard","meta":{"jetpack_post_was_ever_published":false,"_jetpack_newsletter_access":"","_jetpack_dont_email_post_to_subs":false,"_jetpack_newsletter_tier_id":0,"_jetpack_memberships_contains_paywalled_content":false,"_jetpack_memberships_contains_paid_content":false,"footnotes":"","jetpack_publicize_message":"","jetpack_publicize_feature_enabled":false,"jetpack_social_post_already_shared":true,"jetpack_social_options":{"image_generator_settings":{"template":"highway","default_image_id":0,"enabled":false},"version":2}},"categories":[9,21,31,20,19],"tags":[],"class_list":["post-4435","post","type-post","status-publish","format-standard","has-post-thumbnail","hentry","category-confederacion","category-federaciones","category-fetratec","category-negociacion-colectiva","category-trabajadores"],"jetpack_publicize_connections":[],"jetpack_featured_media_url":"https:\/\/www.confederaciondelcobre.cl\/wp-content\/uploads\/2023\/11\/Port-1.jpg","jetpack_sharing_enabled":true,"post_mailing_queue_ids":[],"_links":{"self":[{"href":"https:\/\/www.confederaciondelcobre.cl\/index.php\/wp-json\/wp\/v2\/posts\/4435","targetHints":{"allow":["GET"]}}],"collection":[{"href":"https:\/\/www.confederaciondelcobre.cl\/index.php\/wp-json\/wp\/v2\/posts"}],"about":[{"href":"https:\/\/www.confederaciondelcobre.cl\/index.php\/wp-json\/wp\/v2\/types\/post"}],"author":[{"embeddable":true,"href":"https:\/\/www.confederaciondelcobre.cl\/index.php\/wp-json\/wp\/v2\/users\/2"}],"replies":[{"embeddable":true,"href":"https:\/\/www.confederaciondelcobre.cl\/index.php\/wp-json\/wp\/v2\/comments?post=4435"}],"version-history":[{"count":5,"href":"https:\/\/www.confederaciondelcobre.cl\/index.php\/wp-json\/wp\/v2\/posts\/4435\/revisions"}],"predecessor-version":[{"id":4459,"href":"https:\/\/www.confederaciondelcobre.cl\/index.php\/wp-json\/wp\/v2\/posts\/4435\/revisions\/4459"}],"wp:featuredmedia":[{"embeddable":true,"href":"https:\/\/www.confederaciondelcobre.cl\/index.php\/wp-json\/wp\/v2\/media\/4438"}],"wp:attachment":[{"href":"https:\/\/www.confederaciondelcobre.cl\/index.php\/wp-json\/wp\/v2\/media?parent=4435"}],"wp:term":[{"taxonomy":"category","embeddable":true,"href":"https:\/\/www.confederaciondelcobre.cl\/index.php\/wp-json\/wp\/v2\/categories?post=4435"},{"taxonomy":"post_tag","embeddable":true,"href":"https:\/\/www.confederaciondelcobre.cl\/index.php\/wp-json\/wp\/v2\/tags?post=4435"}],"curies":[{"name":"wp","href":"https:\/\/api.w.org\/{rel}","templated":true}]}}