{"id":4460,"date":"2023-11-14T12:52:24","date_gmt":"2023-11-14T16:52:24","guid":{"rendered":"https:\/\/www.confederaciondelcobre.cl\/?p=4460"},"modified":"2023-11-14T12:52:41","modified_gmt":"2023-11-14T16:52:41","slug":"negociacion-colectiva-inminente-huelga-del-sindicato-de-trabajadores-sociedad-de-transporte-gutierrez-y-rojas-ltda","status":"publish","type":"post","link":"https:\/\/www.confederaciondelcobre.cl\/index.php\/2023\/11\/14\/negociacion-colectiva-inminente-huelga-del-sindicato-de-trabajadores-sociedad-de-transporte-gutierrez-y-rojas-ltda\/","title":{"rendered":"Negociaci\u00f3n Colectiva: inminente huelga del Sindicato de Trabajadores Sociedad de Transporte Guti\u00e9rrez y Rojas Ltda."},"content":{"rendered":"\n<p>De no arribar a un acuerdo con la empresa, principalmente sobre el aumento de remuneraciones, beneficios sociales, cl\u00e1usulas de cierre y titularidad sindical, entre otras, la huelga es cosa de d\u00edas.<\/p>\n\n\n\n<hr class=\"wp-block-separator has-alpha-channel-opacity\"\/>\n\n\n\n<p>Iniciada el 27 de septiembre del presente, la negociaci\u00f3n colectiva que est\u00e1 cursando entre el Sindicato Empresa de Trabajadores Sociedad de Transporte Guti\u00e9rrez y Rojas Ltda. y la empresa Sociedad de Transportes Guti\u00e9rrez y Rojas Ltda. (conocida como Turismo Rojas Atacama) ha transitado por una serie de reuniones en que la empresa no ha tenido una real disposici\u00f3n de apertura para negociar ni reconocer \u2014en los hechos\u2014 el aporte y esfuerzo de las y los trabajadores, llegando incluso a incurrir en pr\u00e1cticas desleales. As\u00ed los se\u00f1alan desde el propio sindicato, pues ante las demandas de aumento salarial, beneficios sociales, cl\u00e1usulas de cierre y titularidad sindical, entre otras, la empresa se ha limitado a poner sobre la mesa lo que los trabajadores consideran insuficiente.<\/p>\n\n\n\n<blockquote class=\"wp-block-quote is-layout-flow wp-block-quote-is-layout-flow\">\n<p>Presidido por Manuel Catal\u00e1n, el Sindicato Empresa de Trabajadores Sociedad de Transporte Guti\u00e9rrez y Rojas Ltda. agrupa a trabajadoras y trabajadores que se desempe\u00f1an en el transporte de personal para la Divisi\u00f3n Salvador-Potrerillos en la regi\u00f3n de Atacama.<\/p>\n<\/blockquote>\n\n\n\n<p>&#8220;La oferta de la empresa se aleja de las aspiraciones de los trabajadores&#8221;, as\u00ed lo defini\u00f3 Manuel Catal\u00e1n, Presidente del sindicato, quien agreg\u00f3 que ante ello &#8220;hay un sentimiento entre los asociados, de que la empresa no quiere disponer de mayores esfuerzos para entregar condiciones que est\u00e9n por sobre lo que hay, que ya es insuficiente.&#8221;  Sobre la Titularidad Sindical, esto es que los derechos y conquistas de los trabajadores apliquen solo a los actuales y futuros socios del sindicato, el Manuel Catal\u00e1n indic\u00f3 que se trata de &#8220;un pilar fundamental, porque si la bandera principal de lucha es la solidaridad, esto tambi\u00e9n tiene que ver con incluir a los trabajadores que la empresa impugn\u00f3 para esta negociaci\u00f3n&#8221;, concluy\u00f3.<\/p>\n\n\n\n<p>La negociaci\u00f3n colectiva, a\u00fan con sus grandes limitaciones para las y los trabajadores, es un derecho y en \u00e9l se encuentra reglado el tambi\u00e9n derecho a huelga. La negociaci\u00f3n colectiva y la huelga, que adem\u00e1s son hist\u00f3ricas conquistas de la clase trabajadora, son leg\u00edtimas herramientas para equilibrar o mejorar las condiciones en que se desempe\u00f1an las y los trabajadores, condiciones que \u2014sin ir m\u00e1s lejos\u2014 en la \u00faltima oferta por parte de la empresa &#8220;Turismo Rojas&#8221; son insuficientes y no cumplen con las expectativas de las y los trabajadores del sindicato.<\/p>\n\n\n\n<p>As\u00ed las cosas, con la votaci\u00f3n ya realizada, y con los trabajadores del Sindicato Empresa de Trabajadores Sociedad de Transporte Guti\u00e9rrez y Rojas Ltda. en alerta. La huelga es cosa de d\u00edas.<\/p>\n","protected":false},"excerpt":{"rendered":"<p>De no arribar a un acuerdo con la empresa, principalmente sobre el aumento de remuneraciones, beneficios sociales, cl\u00e1usulas de cierre y titularidad sindical, entre otras, la huelga es cosa de &hellip; <\/p>\n","protected":false},"author":2,"featured_media":4489,"comment_status":"closed","ping_status":"closed","sticky":false,"template":"","format":"standard","meta":{"jetpack_post_was_ever_published":false,"_jetpack_newsletter_access":"","_jetpack_dont_email_post_to_subs":false,"_jetpack_newsletter_tier_id":0,"_jetpack_memberships_contains_paywalled_content":false,"_jetpack_memberships_contains_paid_content":false,"footnotes":"","jetpack_publicize_message":"","jetpack_publicize_feature_enabled":true,"jetpack_social_post_already_shared":true,"jetpack_social_options":{"image_generator_settings":{"template":"highway","default_image_id":0,"enabled":false},"version":2}},"categories":[9,21,20,19],"tags":[],"class_list":["post-4460","post","type-post","status-publish","format-standard","has-post-thumbnail","hentry","category-confederacion","category-federaciones","category-negociacion-colectiva","category-trabajadores"],"jetpack_publicize_connections":[],"jetpack_featured_media_url":"https:\/\/www.confederaciondelcobre.cl\/wp-content\/uploads\/2023\/11\/Port-5.jpg","jetpack_sharing_enabled":true,"post_mailing_queue_ids":[],"_links":{"self":[{"href":"https:\/\/www.confederaciondelcobre.cl\/index.php\/wp-json\/wp\/v2\/posts\/4460","targetHints":{"allow":["GET"]}}],"collection":[{"href":"https:\/\/www.confederaciondelcobre.cl\/index.php\/wp-json\/wp\/v2\/posts"}],"about":[{"href":"https:\/\/www.confederaciondelcobre.cl\/index.php\/wp-json\/wp\/v2\/types\/post"}],"author":[{"embeddable":true,"href":"https:\/\/www.confederaciondelcobre.cl\/index.php\/wp-json\/wp\/v2\/users\/2"}],"replies":[{"embeddable":true,"href":"https:\/\/www.confederaciondelcobre.cl\/index.php\/wp-json\/wp\/v2\/comments?post=4460"}],"version-history":[{"count":6,"href":"https:\/\/www.confederaciondelcobre.cl\/index.php\/wp-json\/wp\/v2\/posts\/4460\/revisions"}],"predecessor-version":[{"id":4488,"href":"https:\/\/www.confederaciondelcobre.cl\/index.php\/wp-json\/wp\/v2\/posts\/4460\/revisions\/4488"}],"wp:featuredmedia":[{"embeddable":true,"href":"https:\/\/www.confederaciondelcobre.cl\/index.php\/wp-json\/wp\/v2\/media\/4489"}],"wp:attachment":[{"href":"https:\/\/www.confederaciondelcobre.cl\/index.php\/wp-json\/wp\/v2\/media?parent=4460"}],"wp:term":[{"taxonomy":"category","embeddable":true,"href":"https:\/\/www.confederaciondelcobre.cl\/index.php\/wp-json\/wp\/v2\/categories?post=4460"},{"taxonomy":"post_tag","embeddable":true,"href":"https:\/\/www.confederaciondelcobre.cl\/index.php\/wp-json\/wp\/v2\/tags?post=4460"}],"curies":[{"name":"wp","href":"https:\/\/api.w.org\/{rel}","templated":true}]}}