{"id":4463,"date":"2023-11-15T17:49:16","date_gmt":"2023-11-15T21:49:16","guid":{"rendered":"https:\/\/www.confederaciondelcobre.cl\/?p=4463"},"modified":"2023-11-15T17:49:18","modified_gmt":"2023-11-15T21:49:18","slug":"acuerdomarco-ctc-se-reunio-con-agema-y-codelco-en-mesa-de-trabajo-permanente","status":"publish","type":"post","link":"https:\/\/www.confederaciondelcobre.cl\/index.php\/2023\/11\/15\/acuerdomarco-ctc-se-reunio-con-agema-y-codelco-en-mesa-de-trabajo-permanente\/","title":{"rendered":"#AcuerdoMarco: CTC se reuni\u00f3 con Agema y Codelco en mesa de trabajo permanente."},"content":{"rendered":"\n<p>Los d\u00edas lunes, martes y mi\u00e9rcoles de esta semana, y a prop\u00f3sito del permanente trabajo de di\u00e1logo social y tripartito que la Confederaci\u00f3n de Trabajadores del Cobre (CTC), en conjunto con la Asociaci\u00f3n Gremial de Empresas para la Miner\u00eda y Rubros Asociados (AGEMA) y la Corporaci\u00f3n Nacional del Cobre (CODELCO) est\u00e1n desarrollando en torno a la implementaci\u00f3n del <a rel=\"noreferrer noopener\" href=\"https:\/\/www.confederaciondelcobre.cl\/index.php\/2022\/11\/23\/acuerdomarco-ctc-codelco-y-agema-firman-actualizacion-y-mejora-de-acuerdo-marco\/\" target=\"_blank\">Acuerdo Marco<\/a>; Directores Nacionales de la CTC, encabezados por su Presidenta, Ana Lamas Aguirre, se reunieron con representantes de las mencionadas AGEMA y CODELCO.<\/p>\n\n\n\n<p>Las citas tuvieron por objeto dar continuidad a la labor que se ha venido desarrollando en torno a la implementaci\u00f3n del Acuerdo Marco, pues, cabe recalcar, el Acuerdo Marco es en si mismo un continuo proceso de trabajo. Es de tal manera, entonces, que en dichas jornadas se establecieron objetivos, plazos y metodolog\u00edas de trabajo que permitir\u00e1n la permanencia de dicha labor en beneficio de las y los trabajadores y sus familias.<\/p>\n\n\n\n<div class=\"wp-block-jetpack-slideshow aligncenter\" data-effect=\"slide\"><div class=\"wp-block-jetpack-slideshow_container swiper-container\"><ul class=\"wp-block-jetpack-slideshow_swiper-wrapper swiper-wrapper\"><li class=\"wp-block-jetpack-slideshow_slide swiper-slide\"><figure><img loading=\"lazy\" decoding=\"async\" width=\"800\" height=\"600\" alt=\"\" class=\"wp-block-jetpack-slideshow_image wp-image-4499\" data-id=\"4499\" src=\"https:\/\/www.confederaciondelcobre.cl\/wp-content\/uploads\/2023\/11\/1.jpg\" srcset=\"https:\/\/www.confederaciondelcobre.cl\/wp-content\/uploads\/2023\/11\/1.jpg 800w, https:\/\/www.confederaciondelcobre.cl\/wp-content\/uploads\/2023\/11\/1-300x225.jpg 300w, https:\/\/www.confederaciondelcobre.cl\/wp-content\/uploads\/2023\/11\/1-768x576.jpg 768w\" sizes=\"auto, (max-width: 800px) 100vw, 800px\" \/><\/figure><\/li><li class=\"wp-block-jetpack-slideshow_slide swiper-slide\"><figure><img loading=\"lazy\" decoding=\"async\" width=\"800\" height=\"600\" alt=\"\" class=\"wp-block-jetpack-slideshow_image wp-image-4500\" data-id=\"4500\" src=\"https:\/\/www.confederaciondelcobre.cl\/wp-content\/uploads\/2023\/11\/2.jpg\" srcset=\"https:\/\/www.confederaciondelcobre.cl\/wp-content\/uploads\/2023\/11\/2.jpg 800w, https:\/\/www.confederaciondelcobre.cl\/wp-content\/uploads\/2023\/11\/2-300x225.jpg 300w, https:\/\/www.confederaciondelcobre.cl\/wp-content\/uploads\/2023\/11\/2-768x576.jpg 768w\" sizes=\"auto, (max-width: 800px) 100vw, 800px\" \/><\/figure><\/li><li class=\"wp-block-jetpack-slideshow_slide swiper-slide\"><figure><img loading=\"lazy\" decoding=\"async\" width=\"800\" height=\"600\" alt=\"\" class=\"wp-block-jetpack-slideshow_image wp-image-4501\" data-id=\"4501\" src=\"https:\/\/www.confederaciondelcobre.cl\/wp-content\/uploads\/2023\/11\/3.jpg\" srcset=\"https:\/\/www.confederaciondelcobre.cl\/wp-content\/uploads\/2023\/11\/3.jpg 800w, https:\/\/www.confederaciondelcobre.cl\/wp-content\/uploads\/2023\/11\/3-300x225.jpg 300w, https:\/\/www.confederaciondelcobre.cl\/wp-content\/uploads\/2023\/11\/3-768x576.jpg 768w\" sizes=\"auto, (max-width: 800px) 100vw, 800px\" \/><\/figure><\/li><li class=\"wp-block-jetpack-slideshow_slide swiper-slide\"><figure><img loading=\"lazy\" decoding=\"async\" width=\"800\" height=\"600\" alt=\"\" class=\"wp-block-jetpack-slideshow_image wp-image-4502\" data-id=\"4502\" src=\"https:\/\/www.confederaciondelcobre.cl\/wp-content\/uploads\/2023\/11\/4.jpg\" srcset=\"https:\/\/www.confederaciondelcobre.cl\/wp-content\/uploads\/2023\/11\/4.jpg 800w, https:\/\/www.confederaciondelcobre.cl\/wp-content\/uploads\/2023\/11\/4-300x225.jpg 300w, https:\/\/www.confederaciondelcobre.cl\/wp-content\/uploads\/2023\/11\/4-768x576.jpg 768w\" sizes=\"auto, (max-width: 800px) 100vw, 800px\" \/><\/figure><\/li><\/ul><a class=\"wp-block-jetpack-slideshow_button-prev swiper-button-prev swiper-button-white\" role=\"button\"><\/a><a class=\"wp-block-jetpack-slideshow_button-next swiper-button-next swiper-button-white\" role=\"button\"><\/a><a aria-label=\"Pause Slideshow\" class=\"wp-block-jetpack-slideshow_button-pause\" role=\"button\"><\/a><div class=\"wp-block-jetpack-slideshow_pagination swiper-pagination swiper-pagination-white\"><\/div><\/div><\/div>\n\n\n\n<p>El di\u00e1logo social y tripartito, que se da entre representantes de las y los trabajadores contratistas y subcontratistas de la miner\u00eda del cobre, en conjunto con representantes de las empresas contratistas, subcontratistas y de la propia mandante (en este caso Codelco); tiene por objeto dar continuidad al trabajo que busca un mejoramiento continuo en la implementaci\u00f3n de la actualizaci\u00f3n y mejora del Acuerdo Marco. Pero tambi\u00e9n, y del mismo modo, valorar y fortalecer un instrumento in\u00e9dito de negociaci\u00f3n, que genera beneficios para todas las y los trabajadores subcontratados del cobre.<\/p>\n\n\n\n<ul class=\"wp-block-list\">\n<li>Por la CTC participaron: Ana Lamas Aguirre, Presidenta, Jedry Velis Palma, Tesorero; Patricio Roco Bucarey, Director Nacional Encargado de Organizaci\u00f3n; Francisco Cabezas Cort\u00e9s, Vicepresidente; Corina Alfaro D\u00edaz, Director Nacional Encargada de Inclusi\u00f3n y G\u00e9nero; y el Director Nacional Claudio Escobar Albornoz.<\/li>\n<\/ul>\n","protected":false},"excerpt":{"rendered":"<p>Los d\u00edas lunes, martes y mi\u00e9rcoles de esta semana, y a prop\u00f3sito del permanente trabajo de di\u00e1logo social y tripartito que la Confederaci\u00f3n de Trabajadores del Cobre (CTC), en conjunto &hellip; <\/p>\n","protected":false},"author":2,"featured_media":4471,"comment_status":"closed","ping_status":"closed","sticky":false,"template":"","format":"standard","meta":{"jetpack_post_was_ever_published":false,"_jetpack_newsletter_access":"","_jetpack_dont_email_post_to_subs":false,"_jetpack_newsletter_tier_id":0,"_jetpack_memberships_contains_paywalled_content":false,"_jetpack_memberships_contains_paid_content":false,"footnotes":"","jetpack_publicize_message":"","jetpack_publicize_feature_enabled":false,"jetpack_social_post_already_shared":true,"jetpack_social_options":{"image_generator_settings":{"template":"highway","default_image_id":0,"enabled":false},"version":2}},"categories":[5,23,9,21,19],"tags":[],"class_list":["post-4463","post","type-post","status-publish","format-standard","has-post-thumbnail","hentry","category-acuerdo-marco","category-acuerdo-marco-codelco","category-confederacion","category-federaciones","category-trabajadores"],"jetpack_publicize_connections":[],"jetpack_featured_media_url":"https:\/\/www.confederaciondelcobre.cl\/wp-content\/uploads\/2023\/11\/Port-3.jpg","jetpack_sharing_enabled":true,"post_mailing_queue_ids":[],"_links":{"self":[{"href":"https:\/\/www.confederaciondelcobre.cl\/index.php\/wp-json\/wp\/v2\/posts\/4463","targetHints":{"allow":["GET"]}}],"collection":[{"href":"https:\/\/www.confederaciondelcobre.cl\/index.php\/wp-json\/wp\/v2\/posts"}],"about":[{"href":"https:\/\/www.confederaciondelcobre.cl\/index.php\/wp-json\/wp\/v2\/types\/post"}],"author":[{"embeddable":true,"href":"https:\/\/www.confederaciondelcobre.cl\/index.php\/wp-json\/wp\/v2\/users\/2"}],"replies":[{"embeddable":true,"href":"https:\/\/www.confederaciondelcobre.cl\/index.php\/wp-json\/wp\/v2\/comments?post=4463"}],"version-history":[{"count":13,"href":"https:\/\/www.confederaciondelcobre.cl\/index.php\/wp-json\/wp\/v2\/posts\/4463\/revisions"}],"predecessor-version":[{"id":4505,"href":"https:\/\/www.confederaciondelcobre.cl\/index.php\/wp-json\/wp\/v2\/posts\/4463\/revisions\/4505"}],"wp:featuredmedia":[{"embeddable":true,"href":"https:\/\/www.confederaciondelcobre.cl\/index.php\/wp-json\/wp\/v2\/media\/4471"}],"wp:attachment":[{"href":"https:\/\/www.confederaciondelcobre.cl\/index.php\/wp-json\/wp\/v2\/media?parent=4463"}],"wp:term":[{"taxonomy":"category","embeddable":true,"href":"https:\/\/www.confederaciondelcobre.cl\/index.php\/wp-json\/wp\/v2\/categories?post=4463"},{"taxonomy":"post_tag","embeddable":true,"href":"https:\/\/www.confederaciondelcobre.cl\/index.php\/wp-json\/wp\/v2\/tags?post=4463"}],"curies":[{"name":"wp","href":"https:\/\/api.w.org\/{rel}","templated":true}]}}