{"id":4477,"date":"2023-11-14T09:56:58","date_gmt":"2023-11-14T13:56:58","guid":{"rendered":"https:\/\/www.confederaciondelcobre.cl\/?p=4477"},"modified":"2023-11-14T09:57:13","modified_gmt":"2023-11-14T13:57:13","slug":"en-iquique-federacion-de-la-ctc-participo-de-semana-pampina","status":"publish","type":"post","link":"https:\/\/www.confederaciondelcobre.cl\/index.php\/2023\/11\/14\/en-iquique-federacion-de-la-ctc-participo-de-semana-pampina\/","title":{"rendered":"En Iquique: federaci\u00f3n de la CTC particip\u00f3 de &#8220;Semana Pampina&#8221;."},"content":{"rendered":"\n<p>En el mismo mes de aniversario de la comuna de Iquique, ayer domingo 12 de noviembre, m\u00e1s de un centenar de pampinas y pampinos se congregaron en la rotonda de ingreso a la ciudad, en torno al monumento al Pampino, para reiniciar la tradici\u00f3n que, en esta oportunidad, reuni\u00f3 a pampinas y pampinos de las oficinas Victoria, Alianza, Humberstone, La Santiago, de Huara y otros lugares.<\/p>\n\n\n\n<p>El Acto, al que asistieron diversas organizaciones sociales, culturales y sindicales, entre ellas la Federaci\u00f3n de Minera del Norte (FEMINORT, que es federaci\u00f3n de la CTC en la regi\u00f3n de Tarapac\u00e1 ), encabezada por Francisco Cabezas Cort\u00e9s, quiene es tambi\u00e9n Vicepresidente de la CTC, fue acompa\u00f1ado por autoridades del Gobierno Regional, Seremis, parlamentarios y personalidades de la historia pampina.<\/p>\n\n\n\n<p>En la oportunidad, junto con muestras de alegr\u00eda por el reencuentro, pues dicha festividad no se realizaba desde el inicio de la pandemia del Covid, tambi\u00e9n se conmemor\u00f3 la historia y a sus protagonistas: trabajadoras y trabajadores del salitre, quienes, junto a sus familias, por d\u00e9cadas se dejaron la vida en la pampa durante los a\u00f1os de explotaci\u00f3n salitrera. Muchas y muchos, cabe recordar, literalmente la pedieron en criminales represiones cuando luchaban por mejores condiciones laborales, econ\u00f3micas y sociales para ellas, ellos y sus familias.<\/p>\n\n\n\n<p>Amenizado por la Banda Wiracocha de Iquique, el acto tuvo palabras del destacado pampino de Victoria, Hugo Barraza, quien entreg\u00f3 una versi\u00f3n sobre la historia de esta iniciativa y de la construcci\u00f3n del monumento, recordando a sus fundadores, entre los que estaban \u00e9l, Luis Taboada, Gilberto Vigueras y Daniel D\u00edaz, entre otros. Luego la profesora de Huara, Laura Vera Brunes, dio lectura a poes\u00edas de su destacada profesora, Mar\u00eda Taboada, alusivas a la Pampa. Tambi\u00e9n estuvieron los m\u00fasicos pampinos con los valses que se bailaban anta\u00f1o y que, por cierto, en la oportunidad nuevamente se bailaron. Especial atenci\u00f3n merecieron las danzas presentadas por el tradicional grupo de la Santiago y otro que lo hizo con varios pies de cachimbos y de la cueca nortina. La solemnidad del acto tuvo su momento, y este fue el dep\u00f3sito de las ofrendas florales en memoria de los pampinos de todos los tiempos. Dicho dep\u00f3sito lo hizo el grupo de Victoria-Alianza, la Santiago, El Centro para el Progreso de Huara y Derechos Humanos de Iquique, cerrando el solemne momento la FEMINORT en conjunto con la CUT, ambas organizaciones en representaci\u00f3n del Comit\u00e9 Pro Centenario Salitreras 2025, que prepara un programa conmemorativo para el Centenario de Junio 2025, por las Masacres de la Coru\u00f1a, Maroussia y la Foch de Huara.<\/p>\n\n\n\n<div class=\"wp-block-jetpack-slideshow aligncenter\" data-effect=\"slide\"><div class=\"wp-block-jetpack-slideshow_container swiper-container\"><ul class=\"wp-block-jetpack-slideshow_swiper-wrapper swiper-wrapper\"><li class=\"wp-block-jetpack-slideshow_slide swiper-slide\"><figure><img loading=\"lazy\" decoding=\"async\" width=\"768\" height=\"1024\" alt=\"\" class=\"wp-block-jetpack-slideshow_image wp-image-4482\" data-id=\"4482\" src=\"https:\/\/www.confederaciondelcobre.cl\/wp-content\/uploads\/2023\/11\/7a7d9eba-eae8-4157-818e-ff8fe6262b14-768x1024.jpeg\" srcset=\"https:\/\/www.confederaciondelcobre.cl\/wp-content\/uploads\/2023\/11\/7a7d9eba-eae8-4157-818e-ff8fe6262b14-768x1024.jpeg 768w, https:\/\/www.confederaciondelcobre.cl\/wp-content\/uploads\/2023\/11\/7a7d9eba-eae8-4157-818e-ff8fe6262b14-225x300.jpeg 225w, https:\/\/www.confederaciondelcobre.cl\/wp-content\/uploads\/2023\/11\/7a7d9eba-eae8-4157-818e-ff8fe6262b14-1152x1536.jpeg 1152w, https:\/\/www.confederaciondelcobre.cl\/wp-content\/uploads\/2023\/11\/7a7d9eba-eae8-4157-818e-ff8fe6262b14.jpeg 1200w\" sizes=\"auto, (max-width: 768px) 100vw, 768px\" \/><\/figure><\/li><li class=\"wp-block-jetpack-slideshow_slide swiper-slide\"><figure><img loading=\"lazy\" decoding=\"async\" width=\"1024\" height=\"576\" alt=\"\" class=\"wp-block-jetpack-slideshow_image wp-image-4483\" data-id=\"4483\" src=\"https:\/\/www.confederaciondelcobre.cl\/wp-content\/uploads\/2023\/11\/9c582923-260a-4c31-93e6-dca513e39d0a-1024x576.jpeg\" srcset=\"https:\/\/www.confederaciondelcobre.cl\/wp-content\/uploads\/2023\/11\/9c582923-260a-4c31-93e6-dca513e39d0a-1024x576.jpeg 1024w, https:\/\/www.confederaciondelcobre.cl\/wp-content\/uploads\/2023\/11\/9c582923-260a-4c31-93e6-dca513e39d0a-300x169.jpeg 300w, https:\/\/www.confederaciondelcobre.cl\/wp-content\/uploads\/2023\/11\/9c582923-260a-4c31-93e6-dca513e39d0a-768x432.jpeg 768w, https:\/\/www.confederaciondelcobre.cl\/wp-content\/uploads\/2023\/11\/9c582923-260a-4c31-93e6-dca513e39d0a-1536x864.jpeg 1536w, https:\/\/www.confederaciondelcobre.cl\/wp-content\/uploads\/2023\/11\/9c582923-260a-4c31-93e6-dca513e39d0a.jpeg 1600w\" sizes=\"auto, (max-width: 1024px) 100vw, 1024px\" \/><\/figure><\/li><li class=\"wp-block-jetpack-slideshow_slide swiper-slide\"><figure><img loading=\"lazy\" decoding=\"async\" width=\"1024\" height=\"576\" alt=\"\" class=\"wp-block-jetpack-slideshow_image wp-image-4484\" data-id=\"4484\" src=\"https:\/\/www.confederaciondelcobre.cl\/wp-content\/uploads\/2023\/11\/916dc6a2-1dd0-4d4b-ac76-77a9c436eeeb-1024x576.jpeg\" srcset=\"https:\/\/www.confederaciondelcobre.cl\/wp-content\/uploads\/2023\/11\/916dc6a2-1dd0-4d4b-ac76-77a9c436eeeb-1024x576.jpeg 1024w, https:\/\/www.confederaciondelcobre.cl\/wp-content\/uploads\/2023\/11\/916dc6a2-1dd0-4d4b-ac76-77a9c436eeeb-300x169.jpeg 300w, https:\/\/www.confederaciondelcobre.cl\/wp-content\/uploads\/2023\/11\/916dc6a2-1dd0-4d4b-ac76-77a9c436eeeb-768x432.jpeg 768w, https:\/\/www.confederaciondelcobre.cl\/wp-content\/uploads\/2023\/11\/916dc6a2-1dd0-4d4b-ac76-77a9c436eeeb-1536x864.jpeg 1536w, https:\/\/www.confederaciondelcobre.cl\/wp-content\/uploads\/2023\/11\/916dc6a2-1dd0-4d4b-ac76-77a9c436eeeb.jpeg 1600w\" sizes=\"auto, (max-width: 1024px) 100vw, 1024px\" \/><\/figure><\/li><li class=\"wp-block-jetpack-slideshow_slide swiper-slide\"><figure><img loading=\"lazy\" decoding=\"async\" width=\"1024\" height=\"576\" alt=\"\" class=\"wp-block-jetpack-slideshow_image wp-image-4485\" data-id=\"4485\" src=\"https:\/\/www.confederaciondelcobre.cl\/wp-content\/uploads\/2023\/11\/ed53c672-a27e-427b-a2c7-27a90206b377-1024x576.jpeg\" srcset=\"https:\/\/www.confederaciondelcobre.cl\/wp-content\/uploads\/2023\/11\/ed53c672-a27e-427b-a2c7-27a90206b377-1024x576.jpeg 1024w, https:\/\/www.confederaciondelcobre.cl\/wp-content\/uploads\/2023\/11\/ed53c672-a27e-427b-a2c7-27a90206b377-300x169.jpeg 300w, https:\/\/www.confederaciondelcobre.cl\/wp-content\/uploads\/2023\/11\/ed53c672-a27e-427b-a2c7-27a90206b377-768x432.jpeg 768w, https:\/\/www.confederaciondelcobre.cl\/wp-content\/uploads\/2023\/11\/ed53c672-a27e-427b-a2c7-27a90206b377-1536x864.jpeg 1536w, https:\/\/www.confederaciondelcobre.cl\/wp-content\/uploads\/2023\/11\/ed53c672-a27e-427b-a2c7-27a90206b377.jpeg 1600w\" sizes=\"auto, (max-width: 1024px) 100vw, 1024px\" \/><\/figure><\/li><\/ul><a class=\"wp-block-jetpack-slideshow_button-prev swiper-button-prev swiper-button-white\" role=\"button\"><\/a><a class=\"wp-block-jetpack-slideshow_button-next swiper-button-next swiper-button-white\" role=\"button\"><\/a><a aria-label=\"Pause Slideshow\" class=\"wp-block-jetpack-slideshow_button-pause\" role=\"button\"><\/a><div class=\"wp-block-jetpack-slideshow_pagination swiper-pagination swiper-pagination-white\"><\/div><\/div><\/div>\n\n\n\n<p>Como Confederaci\u00f3n de Trabajadores del Cobre (CTC) valoramos enormemente la realizaci\u00f3n de este tipo de actividades, que rescatan la memoria hist\u00f3rica de nuestro pa\u00eds, pero en particular aquella que dice relaci\u00f3n con las y los trabajadores. Por su parte, la Federaci\u00f3n Minera del Norte (FEMNORT), que es federaci\u00f3n de la CTC en la regi\u00f3n de Tarapac\u00e1, ha venido desarrollando una serie de actividades, conversatorios, actos y trabajos en conjunto con otras organizaciones de la regi\u00f3n, que se vinculan precisamente con ese rescate, en una iniciativa y linea de trabajo que \u2014cabe destacar\u2014 la CTC  lleva adelante como uno de sus pilares en el sentido de reivindicar y afianzar la consciencia de clase trabajadora.<\/p>\n\n\n\n<p>La preparaci\u00f3n del programa conmemorativo para el Centenario de Junio 2025, en torno a las Masacres de La Coru\u00f1a, Maroussia y la Foch de Huara, est\u00e1 en pleno desarrollo. La CTC y la FEMINORT, en conjunto con las organizaciones del territorio, all\u00ed estar\u00e1n.<\/p>\n","protected":false},"excerpt":{"rendered":"<p>En el mismo mes de aniversario de la comuna de Iquique, ayer domingo 12 de noviembre, m\u00e1s de un centenar de pampinas y pampinos se congregaron en la rotonda de &hellip; <\/p>\n","protected":false},"author":2,"featured_media":4481,"comment_status":"closed","ping_status":"closed","sticky":false,"template":"","format":"standard","meta":{"jetpack_post_was_ever_published":false,"_jetpack_newsletter_access":"","_jetpack_dont_email_post_to_subs":false,"_jetpack_newsletter_tier_id":0,"_jetpack_memberships_contains_paywalled_content":false,"_jetpack_memberships_contains_paid_content":false,"footnotes":"","jetpack_publicize_message":"","jetpack_publicize_feature_enabled":false,"jetpack_social_post_already_shared":true,"jetpack_social_options":{"image_generator_settings":{"template":"highway","default_image_id":0,"enabled":false},"version":2}},"categories":[37,9,21,22,14,15,17,19],"tags":[],"class_list":["post-4477","post","type-post","status-publish","format-standard","has-post-thumbnail","hentry","category-memoriactc","category-confederacion","category-federaciones","category-feminort","category-movimientos-sociales","category-nacional","category-regiones","category-trabajadores"],"jetpack_publicize_connections":[],"jetpack_featured_media_url":"https:\/\/www.confederaciondelcobre.cl\/wp-content\/uploads\/2023\/11\/Port-4.jpg","jetpack_sharing_enabled":true,"post_mailing_queue_ids":[],"_links":{"self":[{"href":"https:\/\/www.confederaciondelcobre.cl\/index.php\/wp-json\/wp\/v2\/posts\/4477","targetHints":{"allow":["GET"]}}],"collection":[{"href":"https:\/\/www.confederaciondelcobre.cl\/index.php\/wp-json\/wp\/v2\/posts"}],"about":[{"href":"https:\/\/www.confederaciondelcobre.cl\/index.php\/wp-json\/wp\/v2\/types\/post"}],"author":[{"embeddable":true,"href":"https:\/\/www.confederaciondelcobre.cl\/index.php\/wp-json\/wp\/v2\/users\/2"}],"replies":[{"embeddable":true,"href":"https:\/\/www.confederaciondelcobre.cl\/index.php\/wp-json\/wp\/v2\/comments?post=4477"}],"version-history":[{"count":4,"href":"https:\/\/www.confederaciondelcobre.cl\/index.php\/wp-json\/wp\/v2\/posts\/4477\/revisions"}],"predecessor-version":[{"id":4486,"href":"https:\/\/www.confederaciondelcobre.cl\/index.php\/wp-json\/wp\/v2\/posts\/4477\/revisions\/4486"}],"wp:featuredmedia":[{"embeddable":true,"href":"https:\/\/www.confederaciondelcobre.cl\/index.php\/wp-json\/wp\/v2\/media\/4481"}],"wp:attachment":[{"href":"https:\/\/www.confederaciondelcobre.cl\/index.php\/wp-json\/wp\/v2\/media?parent=4477"}],"wp:term":[{"taxonomy":"category","embeddable":true,"href":"https:\/\/www.confederaciondelcobre.cl\/index.php\/wp-json\/wp\/v2\/categories?post=4477"},{"taxonomy":"post_tag","embeddable":true,"href":"https:\/\/www.confederaciondelcobre.cl\/index.php\/wp-json\/wp\/v2\/tags?post=4477"}],"curies":[{"name":"wp","href":"https:\/\/api.w.org\/{rel}","templated":true}]}}