{"id":448,"date":"2019-10-20T20:50:01","date_gmt":"2019-10-20T20:50:01","guid":{"rendered":"http:\/\/www.ctc2018.cl\/?p=448"},"modified":"2020-04-26T23:38:38","modified_gmt":"2020-04-26T23:38:38","slug":"convocatoria-a-huelga-general-ctmin-de-no-mediar-respuestas-del-gobierno-se-hara-efectiva-a-partir-del-proximo-miercoles-23-de-octubre","status":"publish","type":"post","link":"https:\/\/www.confederaciondelcobre.cl\/index.php\/2019\/10\/20\/convocatoria-a-huelga-general-ctmin-de-no-mediar-respuestas-del-gobierno-se-hara-efectiva-a-partir-del-proximo-miercoles-23-de-octubre\/","title":{"rendered":"Convocatoria a Huelga General CTMIN: &#8220;&#8230;de no mediar respuestas del gobierno&#8230; &#8230;se har\u00e1 efectiva a partir del pr\u00f3ximo mi\u00e9rcoles 23 de octubre&#8221;"},"content":{"rendered":"\n<figure class=\"wp-block-image\"><img loading=\"lazy\" decoding=\"async\" width=\"571\" height=\"677\" src=\"http:\/\/www.ctc2018.cl\/wp-content\/uploads\/2019\/11\/ComCTMIN.jpeg\" alt=\"\" class=\"wp-image-450\" srcset=\"https:\/\/www.confederaciondelcobre.cl\/wp-content\/uploads\/2019\/11\/ComCTMIN.jpeg 571w, https:\/\/www.confederaciondelcobre.cl\/wp-content\/uploads\/2019\/11\/ComCTMIN-253x300.jpeg 253w\" sizes=\"auto, (max-width: 571px) 100vw, 571px\" \/><\/figure>\n","protected":false},"excerpt":{"rendered":"","protected":false},"author":2,"featured_media":449,"comment_status":"open","ping_status":"open","sticky":false,"template":"","format":"standard","meta":{"jetpack_post_was_ever_published":false,"_jetpack_newsletter_access":"","_jetpack_dont_email_post_to_subs":false,"_jetpack_newsletter_tier_id":0,"_jetpack_memberships_contains_paywalled_content":false,"_jetpack_memberships_contains_paid_content":false,"footnotes":"","jetpack_publicize_message":"","jetpack_publicize_feature_enabled":true,"jetpack_social_post_already_shared":false,"jetpack_social_options":{"image_generator_settings":{"template":"highway","default_image_id":0,"enabled":false},"version":2}},"categories":[8,9,11],"tags":[],"class_list":["post-448","post","type-post","status-publish","format-standard","has-post-thumbnail","hentry","category-comunicado","category-confederacion","category-ctmin"],"jetpack_publicize_connections":[],"jetpack_featured_media_url":"https:\/\/www.confederaciondelcobre.cl\/wp-content\/uploads\/2019\/11\/ComCTMIN.jpg","jetpack_sharing_enabled":true,"post_mailing_queue_ids":[],"_links":{"self":[{"href":"https:\/\/www.confederaciondelcobre.cl\/index.php\/wp-json\/wp\/v2\/posts\/448","targetHints":{"allow":["GET"]}}],"collection":[{"href":"https:\/\/www.confederaciondelcobre.cl\/index.php\/wp-json\/wp\/v2\/posts"}],"about":[{"href":"https:\/\/www.confederaciondelcobre.cl\/index.php\/wp-json\/wp\/v2\/types\/post"}],"author":[{"embeddable":true,"href":"https:\/\/www.confederaciondelcobre.cl\/index.php\/wp-json\/wp\/v2\/users\/2"}],"replies":[{"embeddable":true,"href":"https:\/\/www.confederaciondelcobre.cl\/index.php\/wp-json\/wp\/v2\/comments?post=448"}],"version-history":[{"count":1,"href":"https:\/\/www.confederaciondelcobre.cl\/index.php\/wp-json\/wp\/v2\/posts\/448\/revisions"}],"predecessor-version":[{"id":451,"href":"https:\/\/www.confederaciondelcobre.cl\/index.php\/wp-json\/wp\/v2\/posts\/448\/revisions\/451"}],"wp:featuredmedia":[{"embeddable":true,"href":"https:\/\/www.confederaciondelcobre.cl\/index.php\/wp-json\/wp\/v2\/media\/449"}],"wp:attachment":[{"href":"https:\/\/www.confederaciondelcobre.cl\/index.php\/wp-json\/wp\/v2\/media?parent=448"}],"wp:term":[{"taxonomy":"category","embeddable":true,"href":"https:\/\/www.confederaciondelcobre.cl\/index.php\/wp-json\/wp\/v2\/categories?post=448"},{"taxonomy":"post_tag","embeddable":true,"href":"https:\/\/www.confederaciondelcobre.cl\/index.php\/wp-json\/wp\/v2\/tags?post=448"}],"curies":[{"name":"wp","href":"https:\/\/api.w.org\/{rel}","templated":true}]}}