{"id":4490,"date":"2023-11-15T18:20:26","date_gmt":"2023-11-15T22:20:26","guid":{"rendered":"https:\/\/www.confederaciondelcobre.cl\/?p=4490"},"modified":"2023-11-15T18:26:53","modified_gmt":"2023-11-15T22:26:53","slug":"acuerdomarco-codelco-pago-de-incentivo-por-asistencia-y-condiciones-de-trabajo-periodo-agosto-2023-octubre-2023","status":"publish","type":"post","link":"https:\/\/www.confederaciondelcobre.cl\/index.php\/2023\/11\/15\/acuerdomarco-codelco-pago-de-incentivo-por-asistencia-y-condiciones-de-trabajo-periodo-agosto-2023-octubre-2023\/","title":{"rendered":"#AcuerdoMarco Codelco: Pago de Incentivo por Asistencia y Condiciones de Trabajo, per\u00edodo agosto 2023 \u2013 octubre 2023."},"content":{"rendered":"\n<p>Compa\u00f1eras y compa\u00f1eros, comunicamos que&nbsp;<strong>en las remuneraciones del mes de noviembre del presente<\/strong>&nbsp;debe venir reflejado el&nbsp;<strong>pago de Incentivo Trimestral por Asistencia y Condiciones de Trabajo, correspondiente al per\u00edodo agosto 2023 \u2013 octubre 2023<\/strong>. Cabe se\u00f1alar que dicho Incentivo es&nbsp;<strong>para trabajadoras y trabajadores de empresas contratistas y subcontratistas que prestan servicios permanentes y exclusivos a la mandante Codelco<\/strong>, y su monto es de&nbsp;<strong>$424.461 pesos brutos<\/strong>.<\/p>\n\n\n\n<blockquote class=\"wp-block-quote is-layout-flow wp-block-quote-is-layout-flow\">\n<p>Los derechos y beneficios contemplados en el Acuerdo Marco son fruto de la unidad, conciencia, organizaci\u00f3n y lucha de las y los trabajadores que, agrupados en la CTC, han conquistado, mantenido vigente y mejorado dicho Acuerdo con Codelco.<\/p>\n<\/blockquote>\n\n\n\n<p>Llamamos a todas y todos a difundir esta informaci\u00f3n entre sus compa\u00f1eras y compa\u00f1eros de trabajo, a la vez que tambi\u00e9n les invitamos a acercarse a sus dirigentes y sindicatos de la CTC.<\/p>\n\n\n\n<figure class=\"wp-block-image size-large\"><img loading=\"lazy\" decoding=\"async\" width=\"1024\" height=\"1024\" src=\"https:\/\/www.confederaciondelcobre.cl\/wp-content\/uploads\/2023\/11\/CuartoIncentivoTrimestral-1024x1024.png\" alt=\"\" class=\"wp-image-4497\" srcset=\"https:\/\/www.confederaciondelcobre.cl\/wp-content\/uploads\/2023\/11\/CuartoIncentivoTrimestral-1024x1024.png 1024w, https:\/\/www.confederaciondelcobre.cl\/wp-content\/uploads\/2023\/11\/CuartoIncentivoTrimestral-300x300.png 300w, https:\/\/www.confederaciondelcobre.cl\/wp-content\/uploads\/2023\/11\/CuartoIncentivoTrimestral-150x150.png 150w, https:\/\/www.confederaciondelcobre.cl\/wp-content\/uploads\/2023\/11\/CuartoIncentivoTrimestral-768x768.png 768w, https:\/\/www.confederaciondelcobre.cl\/wp-content\/uploads\/2023\/11\/CuartoIncentivoTrimestral.png 1080w\" sizes=\"auto, (max-width: 1024px) 100vw, 1024px\" \/><\/figure>\n","protected":false},"excerpt":{"rendered":"<p>Compa\u00f1eras y compa\u00f1eros, comunicamos que&nbsp;en las remuneraciones del mes de noviembre del presente&nbsp;debe venir reflejado el&nbsp;pago de Incentivo Trimestral por Asistencia y Condiciones de Trabajo, correspondiente al per\u00edodo agosto 2023 &hellip; <\/p>\n","protected":false},"author":2,"featured_media":4495,"comment_status":"closed","ping_status":"closed","sticky":false,"template":"","format":"standard","meta":{"jetpack_post_was_ever_published":false,"_jetpack_newsletter_access":"","_jetpack_dont_email_post_to_subs":false,"_jetpack_newsletter_tier_id":0,"_jetpack_memberships_contains_paywalled_content":false,"_jetpack_memberships_contains_paid_content":false,"footnotes":"","jetpack_publicize_message":"","jetpack_publicize_feature_enabled":false,"jetpack_social_post_already_shared":true,"jetpack_social_options":{"image_generator_settings":{"template":"highway","default_image_id":0,"enabled":false},"version":2}},"categories":[5,23,9,21,15,19],"tags":[],"class_list":["post-4490","post","type-post","status-publish","format-standard","has-post-thumbnail","hentry","category-acuerdo-marco","category-acuerdo-marco-codelco","category-confederacion","category-federaciones","category-nacional","category-trabajadores"],"jetpack_publicize_connections":[],"jetpack_featured_media_url":"https:\/\/www.confederaciondelcobre.cl\/wp-content\/uploads\/2023\/11\/Port-6.jpg","jetpack_sharing_enabled":true,"post_mailing_queue_ids":[],"_links":{"self":[{"href":"https:\/\/www.confederaciondelcobre.cl\/index.php\/wp-json\/wp\/v2\/posts\/4490","targetHints":{"allow":["GET"]}}],"collection":[{"href":"https:\/\/www.confederaciondelcobre.cl\/index.php\/wp-json\/wp\/v2\/posts"}],"about":[{"href":"https:\/\/www.confederaciondelcobre.cl\/index.php\/wp-json\/wp\/v2\/types\/post"}],"author":[{"embeddable":true,"href":"https:\/\/www.confederaciondelcobre.cl\/index.php\/wp-json\/wp\/v2\/users\/2"}],"replies":[{"embeddable":true,"href":"https:\/\/www.confederaciondelcobre.cl\/index.php\/wp-json\/wp\/v2\/comments?post=4490"}],"version-history":[{"count":4,"href":"https:\/\/www.confederaciondelcobre.cl\/index.php\/wp-json\/wp\/v2\/posts\/4490\/revisions"}],"predecessor-version":[{"id":4498,"href":"https:\/\/www.confederaciondelcobre.cl\/index.php\/wp-json\/wp\/v2\/posts\/4490\/revisions\/4498"}],"wp:featuredmedia":[{"embeddable":true,"href":"https:\/\/www.confederaciondelcobre.cl\/index.php\/wp-json\/wp\/v2\/media\/4495"}],"wp:attachment":[{"href":"https:\/\/www.confederaciondelcobre.cl\/index.php\/wp-json\/wp\/v2\/media?parent=4490"}],"wp:term":[{"taxonomy":"category","embeddable":true,"href":"https:\/\/www.confederaciondelcobre.cl\/index.php\/wp-json\/wp\/v2\/categories?post=4490"},{"taxonomy":"post_tag","embeddable":true,"href":"https:\/\/www.confederaciondelcobre.cl\/index.php\/wp-json\/wp\/v2\/tags?post=4490"}],"curies":[{"name":"wp","href":"https:\/\/api.w.org\/{rel}","templated":true}]}}