{"id":4508,"date":"2023-11-17T11:10:11","date_gmt":"2023-11-17T15:10:11","guid":{"rendered":"https:\/\/www.confederaciondelcobre.cl\/?p=4508"},"modified":"2023-11-17T11:10:34","modified_gmt":"2023-11-17T15:10:34","slug":"continuan-actividades-de-la-semana-pampina-en-vistas-al-centenario-de-junio-2025","status":"publish","type":"post","link":"https:\/\/www.confederaciondelcobre.cl\/index.php\/2023\/11\/17\/continuan-actividades-de-la-semana-pampina-en-vistas-al-centenario-de-junio-2025\/","title":{"rendered":"Contin\u00faan actividades de la Semana Pampina, en vistas al Centenario de junio 2025."},"content":{"rendered":"\n<p>El d\u00eda martes de esta semana se realiz\u00f3 la tercera actividad del Programa de la Semana Pampina 2023 (en Iquique, regi\u00f3n de Tarapac\u00e1), con la exhibici\u00f3n de la pel\u00edcula \u201cActas de Maroussia\u201d, en la Casa de la Cultura de la corporaci\u00f3n de la Municipalidad de Iquique.<\/p>\n\n\n\n<p>La cinta, que expone los esfuerzos por organizarse de la clase trabajadora, y que fueron violentamente reprimidos, llegando incluso al extremo de ser masacrados; relata un hist\u00f3rico hecho ocurrido en la pampa salitrera de 1925, en que se llevaron a cabo la tragedia de la Coru\u00f1a y el asalto al local de la Foch de Huara.<\/p>\n\n\n\n<figure class=\"wp-block-image size-large\"><img loading=\"lazy\" decoding=\"async\" width=\"1024\" height=\"768\" src=\"https:\/\/www.confederaciondelcobre.cl\/wp-content\/uploads\/2023\/11\/f962e5d4-121f-4480-8038-c0c022bb2a8d-1024x768.jpeg\" alt=\"\" class=\"wp-image-4510\" srcset=\"https:\/\/www.confederaciondelcobre.cl\/wp-content\/uploads\/2023\/11\/f962e5d4-121f-4480-8038-c0c022bb2a8d-1024x768.jpeg 1024w, https:\/\/www.confederaciondelcobre.cl\/wp-content\/uploads\/2023\/11\/f962e5d4-121f-4480-8038-c0c022bb2a8d-300x225.jpeg 300w, https:\/\/www.confederaciondelcobre.cl\/wp-content\/uploads\/2023\/11\/f962e5d4-121f-4480-8038-c0c022bb2a8d-768x576.jpeg 768w, https:\/\/www.confederaciondelcobre.cl\/wp-content\/uploads\/2023\/11\/f962e5d4-121f-4480-8038-c0c022bb2a8d-1536x1152.jpeg 1536w, https:\/\/www.confederaciondelcobre.cl\/wp-content\/uploads\/2023\/11\/f962e5d4-121f-4480-8038-c0c022bb2a8d.jpeg 1600w\" sizes=\"auto, (max-width: 1024px) 100vw, 1024px\" \/><\/figure>\n\n\n\n<p>La actividad fue presentada por Oscar Torres, del Centro para el Progreso de Huara y del Comit\u00e9 Pro-Centenario Salitreras Tarapac\u00e1 2025, Comit\u00e9 del que tambi\u00e9n es parte la Federaci\u00f3n Minera del Norte (FEMINORT, que es federaci\u00f3n de la CTC en la regi\u00f3n de Tarapac\u00e1). En ella se valor\u00f3 el m\u00e9rito de esta \u201ccr\u00f3nica novelada\u201d \u2014como la llamaba Patricio Manns\u2014, que Miguel Littin llev\u00f3 al cine. Se destac\u00f3 que la obra no es alejada de la realidad de las salitreras en la \u00e9poca, y que su argumento principal narra una tr\u00e1gica historia: la resistencia y lucha de la clase trabajadora, que demandaba mejores condiciones laborales, sociales y econ\u00f3micas, contra la explotaci\u00f3n de las compa\u00f1\u00edas salitreras y del propio gobierno de la \u00e9poca que no dud\u00f3 en usar sus fuerzas represivas para asesinar a los trabajadores y sus familias.<\/p>\n\n\n\n<p>Las actividades continuar\u00e1n, y seguir\u00e1n desarroll\u00e1ndose a prop\u00f3sito del programa conmemorativo para el Centenario de Junio 2025, en donde la CTC y su federaci\u00f3n en la regi\u00f3n (FEMINORT) por cierto ser\u00e1n parte.<\/p>\n\n\n\n<ul class=\"wp-block-list\">\n<li>Puedes ver &#8220;Actas de Marusia&#8221; haciendo <a href=\"https:\/\/www.cclm.cl\/cineteca-online\/actas-de-marusia\/\" target=\"_blank\" rel=\"noreferrer noopener\">click aqu\u00ed.<\/a><\/li>\n<\/ul>\n","protected":false},"excerpt":{"rendered":"<p>El d\u00eda martes de esta semana se realiz\u00f3 la tercera actividad del Programa de la Semana Pampina 2023 (en Iquique, regi\u00f3n de Tarapac\u00e1), con la exhibici\u00f3n de la pel\u00edcula \u201cActas &hellip; <\/p>\n","protected":false},"author":2,"featured_media":4509,"comment_status":"closed","ping_status":"closed","sticky":false,"template":"","format":"standard","meta":{"jetpack_post_was_ever_published":false,"_jetpack_newsletter_access":"","_jetpack_dont_email_post_to_subs":false,"_jetpack_newsletter_tier_id":0,"_jetpack_memberships_contains_paywalled_content":false,"_jetpack_memberships_contains_paid_content":false,"footnotes":"","jetpack_publicize_message":"","jetpack_publicize_feature_enabled":false,"jetpack_social_post_already_shared":true,"jetpack_social_options":{"image_generator_settings":{"template":"highway","default_image_id":0,"enabled":false},"version":2}},"categories":[9,21,22,14,19],"tags":[],"class_list":["post-4508","post","type-post","status-publish","format-standard","has-post-thumbnail","hentry","category-confederacion","category-federaciones","category-feminort","category-movimientos-sociales","category-trabajadores"],"jetpack_publicize_connections":[],"jetpack_featured_media_url":"https:\/\/www.confederaciondelcobre.cl\/wp-content\/uploads\/2023\/11\/Port-7.jpg","jetpack_sharing_enabled":true,"post_mailing_queue_ids":[],"_links":{"self":[{"href":"https:\/\/www.confederaciondelcobre.cl\/index.php\/wp-json\/wp\/v2\/posts\/4508","targetHints":{"allow":["GET"]}}],"collection":[{"href":"https:\/\/www.confederaciondelcobre.cl\/index.php\/wp-json\/wp\/v2\/posts"}],"about":[{"href":"https:\/\/www.confederaciondelcobre.cl\/index.php\/wp-json\/wp\/v2\/types\/post"}],"author":[{"embeddable":true,"href":"https:\/\/www.confederaciondelcobre.cl\/index.php\/wp-json\/wp\/v2\/users\/2"}],"replies":[{"embeddable":true,"href":"https:\/\/www.confederaciondelcobre.cl\/index.php\/wp-json\/wp\/v2\/comments?post=4508"}],"version-history":[{"count":2,"href":"https:\/\/www.confederaciondelcobre.cl\/index.php\/wp-json\/wp\/v2\/posts\/4508\/revisions"}],"predecessor-version":[{"id":4512,"href":"https:\/\/www.confederaciondelcobre.cl\/index.php\/wp-json\/wp\/v2\/posts\/4508\/revisions\/4512"}],"wp:featuredmedia":[{"embeddable":true,"href":"https:\/\/www.confederaciondelcobre.cl\/index.php\/wp-json\/wp\/v2\/media\/4509"}],"wp:attachment":[{"href":"https:\/\/www.confederaciondelcobre.cl\/index.php\/wp-json\/wp\/v2\/media?parent=4508"}],"wp:term":[{"taxonomy":"category","embeddable":true,"href":"https:\/\/www.confederaciondelcobre.cl\/index.php\/wp-json\/wp\/v2\/categories?post=4508"},{"taxonomy":"post_tag","embeddable":true,"href":"https:\/\/www.confederaciondelcobre.cl\/index.php\/wp-json\/wp\/v2\/tags?post=4508"}],"curies":[{"name":"wp","href":"https:\/\/api.w.org\/{rel}","templated":true}]}}