{"id":4514,"date":"2023-11-24T14:49:29","date_gmt":"2023-11-24T18:49:29","guid":{"rendered":"https:\/\/www.confederaciondelcobre.cl\/?p=4514"},"modified":"2023-11-24T14:49:47","modified_gmt":"2023-11-24T18:49:47","slug":"sindicato-de-trabajadores-sociedad-de-transporte-gutierrez-y-rojas-ltda-finaliza-con-exito-su-primera-negociacion-colectiva","status":"publish","type":"post","link":"https:\/\/www.confederaciondelcobre.cl\/index.php\/2023\/11\/24\/sindicato-de-trabajadores-sociedad-de-transporte-gutierrez-y-rojas-ltda-finaliza-con-exito-su-primera-negociacion-colectiva\/","title":{"rendered":"Sindicato de Trabajadores Sociedad de Transporte Guti\u00e9rrez y Rojas Ltda. finaliza con \u00e9xito su primera Negociaci\u00f3n Colectiva."},"content":{"rendered":"\n<p>Aumento real en sus remuneraciones, ampliaci\u00f3n y mejora de beneficios sociales, cl\u00e1usulas de cierre, titularidad sindical y la inclusi\u00f3n de todos los trabajadores impugnados por la empresa, fueron algunas de las conquistas de los trabajadores y su sindicato en lo que fue su primera negociaci\u00f3n colectiva.<\/p>\n\n\n\n<hr class=\"wp-block-separator has-alpha-channel-opacity\"\/>\n\n\n\n<p>Remuneraciones y beneficios sociales insuficientes, entre otras, hac\u00edan evidente la escasa valoraci\u00f3n que la empresa ten\u00eda sobre el esfuerzo de los trabajadores. Conscientes, entonces, de que la \u00fanica forma de ir avanzando en conquistas largamente anheladas era solo a trav\u00e9s de la organizaci\u00f3n sindical, dichos trabajadores se constituyeron como Sindicato Empresa de Trabajadores Sociedad Guti\u00e9rrez y Rojas Ltda. en julio del presente, y, solo dos meses despu\u00e9s (en septiembre), presentaron su primer proyecto de negociaci\u00f3n colectiva. <\/p>\n\n\n\n<blockquote class=\"wp-block-quote is-layout-flow wp-block-quote-is-layout-flow\">\n<p>Afiliado a la Federaci\u00f3n de Sindicatos El Salvador (FESAL, que es federaci\u00f3n de la CTC en la Regi\u00f3n de Atacama), el Sindicato Empresa de Trabajadores Sociedad Guti\u00e9rrez y Rojas Ltda. es presidido por Manuel Catal\u00e1n Contreras, y sus socios se desempe\u00f1an principalmente en el transporte de personal de empresas contratistas que prestan servicios a Codelco y Capstone Copper, en la Divisi\u00f3n Salvador y MantoVerde, respectivamente.<\/p>\n<\/blockquote>\n\n\n\n<p>El proceso de negociaci\u00f3n, en general, estuvo marcado por las insuficientes ofertas de la empresa, ofertas que, dicho sea de paso, tambi\u00e9n daban cuenta del insuficiente reconocimiento que hac\u00eda respecto del aporte y esfuerzo de los trabajadores. Pero adem\u00e1s, cabe agregar, la empresa Sociedad de Transportes Guti\u00e9rrez y Rojas Ltda. (conocida como Turismo Rojas Atacama) hab\u00eda excluido de la negociaci\u00f3n a un importante grupo de trabajadores. Fue ante ello, entonces, y debido tambi\u00e9n a las a esas alturas inaceptables propuestas de la empresa, que los trabajadores reafirmaron su compa\u00f1erismo y solidaridad con el resto: &#8220;definieron que todos los trabajadores ten\u00edan que ser considerados en la negociaci\u00f3n colectiva, y de no ser incorporados era motivo suficiente para <a rel=\"noreferrer noopener\" href=\"https:\/\/www.confederaciondelcobre.cl\/index.php\/2023\/11\/14\/negociacion-colectiva-inminente-huelga-del-sindicato-de-trabajadores-sociedad-de-transporte-gutierrez-y-rojas-ltda\/\" target=\"_blank\">llegar a la huelga<\/a>&#8220;. As\u00ed lo describi\u00f3 Manuel Catal\u00e1n Contreras, Presidente del Sindicato, agregando que finalmente (a trav\u00e9s de una reposici\u00f3n presentada por el propio sindicato) &#8220;se logr\u00f3 integrar a un gran n\u00famero de trabajadores que estaba quedando fuera del proceso&#8221;.<\/p>\n\n\n\n<p>Con la huelga ya votada, y a solo d\u00edas de hacerse efectiva, la empresa solicit\u00f3 la mediaci\u00f3n obligatoria (per\u00edodo en que interviene la Inspecci\u00f3n del Trabajo) para reci\u00e9n mostrar signos de apertura a fin de llegar a un acuerdo con el sindicato y sus trabajadores. Sobre aquello, el Presidente del Sindicato reflexion\u00f3: &#8220;para que exista una negociaci\u00f3n tiene que haber igualdad, y la herramienta hist\u00f3rica de los trabajadores, la huelga, fue un factor importante para que la negociaci\u00f3n colectiva fuera efectiva&#8221;. De esa manera, entonces, y durante el per\u00edodo de mediaci\u00f3n obligatoria (el lunes 20 de noviembre), que sindicato y empresa llegaron a un acuerdo que di\u00f3 cierre al proceso de negociaciones.<\/p>\n\n\n\n<blockquote class=\"wp-block-quote is-layout-flow wp-block-quote-is-layout-flow\">\n<p>El Contrato Colectivo, que tendr\u00e1 vigencia durante los pr\u00f3ximos 24 meses, incluye un aumento real a las remuneraciones, ampliaci\u00f3n y mejora de beneficios sociales, cl\u00e1usulas de cierre, la inclusi\u00f3n de todos los trabajadores impugnados por la empresa y titularidad sindical. Sobre la titularidad sindical, cabe destacar, esta implica que los derechos y beneficios conquistados aplicar\u00e1n a los actuales y futuros socios del sindicato.<\/p>\n<\/blockquote>\n\n\n\n<p>Para Manuel Catal\u00e1n Contreras, Presidente del Sindicato, en esta negociaci\u00f3n ha quedado demostrado &#8220;que la determinaci\u00f3n y solidaridad de los trabajadores son fundamentales para alcanzar los objetivos, que no son clich\u00e9s que se repiten sin <em>ton ni son<\/em>, sino una realidad alcanzable si es una resoluci\u00f3n de la asamblea. Por mi parte \u2014agreg\u00f3 el Presidente del Sindicato\u2014 agradecer a todos nuestros compa\u00f1eros de la CTC y en especial tambi\u00e9n a nuestros compa\u00f1eros de trabajo, que siempre estuvieron desde que se plante\u00f3 la idea de organizar nuestro sindicato. Solo decirles que ac\u00e1 estamos, y estamos para seguir avanzando entre los trabajadores organizados en la Confederaci\u00f3n de Trabajadores del Cobre&#8221;, finaliz\u00f3.<\/p>\n","protected":false},"excerpt":{"rendered":"<p>Aumento real en sus remuneraciones, ampliaci\u00f3n y mejora de beneficios sociales, cl\u00e1usulas de cierre, titularidad sindical y la inclusi\u00f3n de todos los trabajadores impugnados por la empresa, fueron algunas de &hellip; <\/p>\n","protected":false},"author":2,"featured_media":4522,"comment_status":"closed","ping_status":"closed","sticky":false,"template":"","format":"standard","meta":{"jetpack_post_was_ever_published":false,"_jetpack_newsletter_access":"","_jetpack_dont_email_post_to_subs":false,"_jetpack_newsletter_tier_id":0,"_jetpack_memberships_contains_paywalled_content":false,"_jetpack_memberships_contains_paid_content":false,"footnotes":"","jetpack_publicize_message":"","jetpack_publicize_feature_enabled":false,"jetpack_social_post_already_shared":true,"jetpack_social_options":{"image_generator_settings":{"template":"highway","default_image_id":0,"enabled":false},"version":2}},"categories":[9,21,28,20,19],"tags":[],"class_list":["post-4514","post","type-post","status-publish","format-standard","has-post-thumbnail","hentry","category-confederacion","category-federaciones","category-fesal","category-negociacion-colectiva","category-trabajadores"],"jetpack_publicize_connections":[],"jetpack_featured_media_url":"https:\/\/www.confederaciondelcobre.cl\/wp-content\/uploads\/2023\/11\/Port-8.jpg","jetpack_sharing_enabled":true,"post_mailing_queue_ids":[],"_links":{"self":[{"href":"https:\/\/www.confederaciondelcobre.cl\/index.php\/wp-json\/wp\/v2\/posts\/4514","targetHints":{"allow":["GET"]}}],"collection":[{"href":"https:\/\/www.confederaciondelcobre.cl\/index.php\/wp-json\/wp\/v2\/posts"}],"about":[{"href":"https:\/\/www.confederaciondelcobre.cl\/index.php\/wp-json\/wp\/v2\/types\/post"}],"author":[{"embeddable":true,"href":"https:\/\/www.confederaciondelcobre.cl\/index.php\/wp-json\/wp\/v2\/users\/2"}],"replies":[{"embeddable":true,"href":"https:\/\/www.confederaciondelcobre.cl\/index.php\/wp-json\/wp\/v2\/comments?post=4514"}],"version-history":[{"count":10,"href":"https:\/\/www.confederaciondelcobre.cl\/index.php\/wp-json\/wp\/v2\/posts\/4514\/revisions"}],"predecessor-version":[{"id":4525,"href":"https:\/\/www.confederaciondelcobre.cl\/index.php\/wp-json\/wp\/v2\/posts\/4514\/revisions\/4525"}],"wp:featuredmedia":[{"embeddable":true,"href":"https:\/\/www.confederaciondelcobre.cl\/index.php\/wp-json\/wp\/v2\/media\/4522"}],"wp:attachment":[{"href":"https:\/\/www.confederaciondelcobre.cl\/index.php\/wp-json\/wp\/v2\/media?parent=4514"}],"wp:term":[{"taxonomy":"category","embeddable":true,"href":"https:\/\/www.confederaciondelcobre.cl\/index.php\/wp-json\/wp\/v2\/categories?post=4514"},{"taxonomy":"post_tag","embeddable":true,"href":"https:\/\/www.confederaciondelcobre.cl\/index.php\/wp-json\/wp\/v2\/tags?post=4514"}],"curies":[{"name":"wp","href":"https:\/\/api.w.org\/{rel}","templated":true}]}}