{"id":4526,"date":"2023-11-25T14:41:04","date_gmt":"2023-11-25T18:41:04","guid":{"rendered":"https:\/\/www.confederaciondelcobre.cl\/?p=4526"},"modified":"2023-11-25T14:41:21","modified_gmt":"2023-11-25T18:41:21","slug":"sindicato-wss-rechaza-con-un-97-ultima-oferta-de-la-empresa-y-aprueban-la-huelga","status":"publish","type":"post","link":"https:\/\/www.confederaciondelcobre.cl\/index.php\/2023\/11\/25\/sindicato-wss-rechaza-con-un-97-ultima-oferta-de-la-empresa-y-aprueban-la-huelga\/","title":{"rendered":"Sindicato WSS rechaza con un 97% \u00faltima oferta de la empresa y aprueban la huelga."},"content":{"rendered":"\n<p>Los d\u00edas jueves y viernes de esta semana, y a prop\u00f3sito de la negociaci\u00f3n colectiva que actualmente est\u00e1n llevando adelante, las y los trabajadores agrupados en el Sindicato WSS, adem\u00e1s de rechazar la \u00faltima oferta de la empresa, han aprobado con un 97% la huelga. Dicha oferta, como veremos a continuaci\u00f3n, adem\u00e1s de ser absolutamente insuficiente, no es en realidad una oferta propiamente tal.<\/p>\n\n\n\n<p>En s\u00edntesis, las demandas de las y los trabajadores tienen que ver con el aumento y reajustabilidad real de sus salarios, bonos y beneficios sociales, entre otros \u00edtems, que l\u00f3gicamente se relacionan \u2014por ejemplo\u2014 con el alza de precios y el encarecimiento del costo de vida.<\/p>\n\n\n\n<p>Por su parte, en cambio, y junto con negarse a las demandas de las y los trabajadores,<strong> la empresa WSS, que nunca en realidad ha implementado aumentos o reajustes, no solo no est\u00e1 ofreciendo un aumento salarial, sino que se ha limitado a &#8220;ofrecer&#8221; un reajuste que ya se encuentra contemplado en el Acuerdo Marco firmado entre la CTC, AGEMA y CODELCO<\/strong>. Dicho Acuerdo, cabe destacar, contiene adem\u00e1s derechos y beneficios colch\u00f3n para 65 mil trabajadoras y trabajadores contratistas y subcontratistas de CODELCO y sus familias. Tal como lo se\u00f1al\u00e1ramos, y as\u00ed lo ratifican desde el propio sindicato, la oferta de la empresa WSS no es en realidad una oferta propiamente tal.<\/p>\n\n\n\n<blockquote class=\"wp-block-quote is-layout-flow wp-block-quote-is-layout-flow\">\n<p> Afiliado a la Federaci\u00f3n de Sindicatos de Trabajadores de la Miner\u00eda y Organizaciones Afines de la 2\u00aa regi\u00f3n (FESITRAM, que es federaci\u00f3n de la CTC en la Regi\u00f3n de Antofagasta), El Sindicato WSS re\u00fane a trabajadoras y trabajadores que se desempe\u00f1an principalmente en servicios destinados al control operacional y sistemas de gesti\u00f3n, y es dirigido por Schirley Jim\u00e9nez, Presidenta;  Ulises Torres, Secretario; y Ana Mar\u00eda Godoy, Tesorera.  Es el primer sindicato en constituirse dentro de la empresa WSS (World Survey Services S.A.) a nivel nacional.<\/p>\n<\/blockquote>\n\n\n\n<p>Hecha entonces la votaci\u00f3n, donde junto con rechazar la \u00faltima &#8220;oferta&#8221; de la empresa, las y los trabajadores asociados al Sindicato WSS han decidido tambi\u00e9n llevar adelante la huelga. Dicha herramienta, tan hist\u00f3rica como leg\u00edtima en la lucha por la conquista de mejores condiciones laborales, se encuentra contemplada y reglada en los procesos de negociaci\u00f3n colectiva, y de no arribar pronto a un acuerdo, que implique ofertas y mejoras reales a las condiciones de las y los trabajadores, se har\u00e1 efectiva en cosa de d\u00edas.<\/p>\n","protected":false},"excerpt":{"rendered":"<p>Los d\u00edas jueves y viernes de esta semana, y a prop\u00f3sito de la negociaci\u00f3n colectiva que actualmente est\u00e1n llevando adelante, las y los trabajadores agrupados en el Sindicato WSS, adem\u00e1s &hellip; <\/p>\n","protected":false},"author":2,"featured_media":4529,"comment_status":"closed","ping_status":"closed","sticky":false,"template":"","format":"standard","meta":{"jetpack_post_was_ever_published":false,"_jetpack_newsletter_access":"","_jetpack_dont_email_post_to_subs":false,"_jetpack_newsletter_tier_id":0,"_jetpack_memberships_contains_paywalled_content":false,"_jetpack_memberships_contains_paid_content":false,"footnotes":"","jetpack_publicize_message":"","jetpack_publicize_feature_enabled":false,"jetpack_social_post_already_shared":true,"jetpack_social_options":{"image_generator_settings":{"template":"highway","default_image_id":0,"enabled":false},"version":2}},"categories":[9,21,33,20,19],"tags":[],"class_list":["post-4526","post","type-post","status-publish","format-standard","has-post-thumbnail","hentry","category-confederacion","category-federaciones","category-fesitram","category-negociacion-colectiva","category-trabajadores"],"jetpack_publicize_connections":[],"jetpack_featured_media_url":"https:\/\/www.confederaciondelcobre.cl\/wp-content\/uploads\/2023\/11\/Port-9.jpg","jetpack_sharing_enabled":true,"post_mailing_queue_ids":[],"_links":{"self":[{"href":"https:\/\/www.confederaciondelcobre.cl\/index.php\/wp-json\/wp\/v2\/posts\/4526","targetHints":{"allow":["GET"]}}],"collection":[{"href":"https:\/\/www.confederaciondelcobre.cl\/index.php\/wp-json\/wp\/v2\/posts"}],"about":[{"href":"https:\/\/www.confederaciondelcobre.cl\/index.php\/wp-json\/wp\/v2\/types\/post"}],"author":[{"embeddable":true,"href":"https:\/\/www.confederaciondelcobre.cl\/index.php\/wp-json\/wp\/v2\/users\/2"}],"replies":[{"embeddable":true,"href":"https:\/\/www.confederaciondelcobre.cl\/index.php\/wp-json\/wp\/v2\/comments?post=4526"}],"version-history":[{"count":6,"href":"https:\/\/www.confederaciondelcobre.cl\/index.php\/wp-json\/wp\/v2\/posts\/4526\/revisions"}],"predecessor-version":[{"id":4533,"href":"https:\/\/www.confederaciondelcobre.cl\/index.php\/wp-json\/wp\/v2\/posts\/4526\/revisions\/4533"}],"wp:featuredmedia":[{"embeddable":true,"href":"https:\/\/www.confederaciondelcobre.cl\/index.php\/wp-json\/wp\/v2\/media\/4529"}],"wp:attachment":[{"href":"https:\/\/www.confederaciondelcobre.cl\/index.php\/wp-json\/wp\/v2\/media?parent=4526"}],"wp:term":[{"taxonomy":"category","embeddable":true,"href":"https:\/\/www.confederaciondelcobre.cl\/index.php\/wp-json\/wp\/v2\/categories?post=4526"},{"taxonomy":"post_tag","embeddable":true,"href":"https:\/\/www.confederaciondelcobre.cl\/index.php\/wp-json\/wp\/v2\/tags?post=4526"}],"curies":[{"name":"wp","href":"https:\/\/api.w.org\/{rel}","templated":true}]}}