{"id":4534,"date":"2023-11-28T19:25:48","date_gmt":"2023-11-28T23:25:48","guid":{"rendered":"https:\/\/www.confederaciondelcobre.cl\/?p=4534"},"modified":"2023-11-28T19:26:01","modified_gmt":"2023-11-28T23:26:01","slug":"comunicadoctc-ctc-llama-a-votar-en-contra-el-17-de-diciembre","status":"publish","type":"post","link":"https:\/\/www.confederaciondelcobre.cl\/index.php\/2023\/11\/28\/comunicadoctc-ctc-llama-a-votar-en-contra-el-17-de-diciembre\/","title":{"rendered":"#ComunicadoCTC: CTC llama a votar EN CONTRA el 17 de diciembre."},"content":{"rendered":"\n<p><strong>Declaraci\u00f3n P\u00fablica.<\/strong><\/p>\n\n\n\n<p>En relaci\u00f3n al contenido del segundo proyecto de nueva Constituci\u00f3n, que se votar\u00e1 el pr\u00f3ximo 17 de diciembre del presente, la Confederaci\u00f3n de Trabajadores del Cobre, organizaci\u00f3n pol\u00edtico sindical que agrupa y organiza a las y los trabajadores contratistas y subcontratistas de la miner\u00eda del cobre de nuestro pa\u00eds, declara lo siguiente:<\/p>\n\n\n\n<p>1.- Esta propuesta constitucional, hecha a la medida de los grandes poderes econ\u00f3micos de Chile, es, sin lugar a dudas, peor y m\u00e1s regresiva que la propia Constituci\u00f3n de la dictadura. Mantiene la Salud, Educaci\u00f3n, Pensiones, Vivienda, el Agua y todos los Recursos Naturales en poder de los grandes empresarios.<\/p>\n\n\n\n<p>2.- Este proyecto desconoce a ni\u00f1as, ni\u00f1os y adolescentes como sujetos de derecho, y pone en peligro, adem\u00e1s, grandes conquistas de los movimientos sociales de lucha por los derechos de las mujeres y feministas, por ejemplo, en torno a la igualdad de g\u00e9nero, la paridad en la participaci\u00f3n pol\u00edtica, el pago efectivo de pensi\u00f3n de alimentos, los derechos sexuales y reproductivos, el aborto en tres causales y la pastilla del d\u00eda despu\u00e9s, entre otros.<\/p>\n\n\n\n<ol class=\"wp-block-list\" type=\"1\"><\/ol>\n\n\n\n<p>3.- En particular, las y los trabajadores del cobre rechazamos esta propuesta de Constituci\u00f3n antidemocr\u00e1tica:<\/p>\n\n\n\n<ul class=\"wp-block-list\">\n<li>a) Porque declara concesibles todos los bienes p\u00fablicos. Es decir, en la pr\u00e1ctica, permitir\u00e1 privatizar los r\u00edos, los lagos, las plazas, los parques nacionales, y, por cierto, tambi\u00e9n el cobre, el litio y todos los minerales que hasta ahora son propiedad del Estado de Chile.<\/li>\n<\/ul>\n\n\n\n<ul class=\"wp-block-list\">\n<li>b) Porque, a trav\u00e9s de la negaci\u00f3n de derechos a las organizaciones sindicales, profundiza a\u00fan m\u00e1s el sistema neoliberal. Restringe los derechos colectivos, por ejemplo, prohibiendo la huelga o limit\u00e1ndola solo al \u00e1mbito interno de la empresa, negando as\u00ed, adem\u00e1s, la negociaci\u00f3n ramal. La huelga es un derecho fundamental de las y los trabajadores, y no aceptamos que sea negado constitucionalmente, pues se trata de un derecho reconocido internacionalmente y que busca equilibrar la relaci\u00f3n asim\u00e9trica que existe entre el capital y el trabajo. \u00a0<\/li>\n<\/ul>\n\n\n\n<ul class=\"wp-block-list\">\n<li>c) Y porque, pese a todo lo que hemos luchado por conquistar y garantizar el Empleo Decente en nuestro pa\u00eds, la propuesta constitucional de la extrema derecha mantiene el subcontrato, que en t\u00e9rminos concretos es un sistema de absoluta inestabilidad laboral, de precariedad en lo salarial, contractual y tambi\u00e9n en cuanto a salud y seguridad en el trabajo se refiere.<\/li>\n<\/ul>\n\n\n\n<p>4.- Las trabajadoras y trabajadores subcontratados del cobre no vamos a permitir que nos arrebaten derechos conquistados, ni que nos nieguen la posibilidad de seguir luchando por m\u00e1s y mejores condiciones de vida y trabajo. Es por ello que compartimos las razones por las que la Central Unitaria de Trabajadores de Chile ha resuelto llamar a las y los trabajadoras, y al pueblo en general, a votar EN CONTRA de la Propuesta Constitucional el pr\u00f3ximo 17 de diciembre.<\/p>\n\n\n\n<p class=\"has-text-align-center\"><strong>CONFEDERACI\u00d3N DE TRABAJADORES DEL COBRE<\/strong><\/p>\n\n\n\n<p class=\"has-text-align-right\">Chile, noviembre de 2023.<\/p>\n\n\n\n<figure class=\"wp-block-image size-large\"><img loading=\"lazy\" decoding=\"async\" width=\"587\" height=\"1024\" src=\"https:\/\/www.confederaciondelcobre.cl\/wp-content\/uploads\/2023\/11\/CTC-llama-a-votar-en-contra-587x1024.png\" alt=\"\" class=\"wp-image-4537\" srcset=\"https:\/\/www.confederaciondelcobre.cl\/wp-content\/uploads\/2023\/11\/CTC-llama-a-votar-en-contra-587x1024.png 587w, https:\/\/www.confederaciondelcobre.cl\/wp-content\/uploads\/2023\/11\/CTC-llama-a-votar-en-contra-172x300.png 172w, https:\/\/www.confederaciondelcobre.cl\/wp-content\/uploads\/2023\/11\/CTC-llama-a-votar-en-contra.png 619w\" sizes=\"auto, (max-width: 587px) 100vw, 587px\" \/><\/figure>\n","protected":false},"excerpt":{"rendered":"<p>Declaraci\u00f3n P\u00fablica. En relaci\u00f3n al contenido del segundo proyecto de nueva Constituci\u00f3n, que se votar\u00e1 el pr\u00f3ximo 17 de diciembre del presente, la Confederaci\u00f3n de Trabajadores del Cobre, organizaci\u00f3n pol\u00edtico &hellip; <\/p>\n","protected":false},"author":2,"featured_media":4536,"comment_status":"closed","ping_status":"closed","sticky":false,"template":"","format":"standard","meta":{"jetpack_post_was_ever_published":false,"_jetpack_newsletter_access":"","_jetpack_dont_email_post_to_subs":false,"_jetpack_newsletter_tier_id":0,"_jetpack_memberships_contains_paywalled_content":false,"_jetpack_memberships_contains_paid_content":false,"footnotes":"","jetpack_publicize_message":"","jetpack_publicize_feature_enabled":false,"jetpack_social_post_already_shared":true,"jetpack_social_options":{"image_generator_settings":{"template":"highway","default_image_id":0,"enabled":false},"version":2}},"categories":[8,9,21,14,15,19],"tags":[],"class_list":["post-4534","post","type-post","status-publish","format-standard","has-post-thumbnail","hentry","category-comunicado","category-confederacion","category-federaciones","category-movimientos-sociales","category-nacional","category-trabajadores"],"jetpack_publicize_connections":[],"jetpack_featured_media_url":"https:\/\/www.confederaciondelcobre.cl\/wp-content\/uploads\/2023\/11\/Port-10.jpg","jetpack_sharing_enabled":true,"post_mailing_queue_ids":[],"_links":{"self":[{"href":"https:\/\/www.confederaciondelcobre.cl\/index.php\/wp-json\/wp\/v2\/posts\/4534","targetHints":{"allow":["GET"]}}],"collection":[{"href":"https:\/\/www.confederaciondelcobre.cl\/index.php\/wp-json\/wp\/v2\/posts"}],"about":[{"href":"https:\/\/www.confederaciondelcobre.cl\/index.php\/wp-json\/wp\/v2\/types\/post"}],"author":[{"embeddable":true,"href":"https:\/\/www.confederaciondelcobre.cl\/index.php\/wp-json\/wp\/v2\/users\/2"}],"replies":[{"embeddable":true,"href":"https:\/\/www.confederaciondelcobre.cl\/index.php\/wp-json\/wp\/v2\/comments?post=4534"}],"version-history":[{"count":2,"href":"https:\/\/www.confederaciondelcobre.cl\/index.php\/wp-json\/wp\/v2\/posts\/4534\/revisions"}],"predecessor-version":[{"id":4538,"href":"https:\/\/www.confederaciondelcobre.cl\/index.php\/wp-json\/wp\/v2\/posts\/4534\/revisions\/4538"}],"wp:featuredmedia":[{"embeddable":true,"href":"https:\/\/www.confederaciondelcobre.cl\/index.php\/wp-json\/wp\/v2\/media\/4536"}],"wp:attachment":[{"href":"https:\/\/www.confederaciondelcobre.cl\/index.php\/wp-json\/wp\/v2\/media?parent=4534"}],"wp:term":[{"taxonomy":"category","embeddable":true,"href":"https:\/\/www.confederaciondelcobre.cl\/index.php\/wp-json\/wp\/v2\/categories?post=4534"},{"taxonomy":"post_tag","embeddable":true,"href":"https:\/\/www.confederaciondelcobre.cl\/index.php\/wp-json\/wp\/v2\/tags?post=4534"}],"curies":[{"name":"wp","href":"https:\/\/api.w.org\/{rel}","templated":true}]}}