{"id":4539,"date":"2023-12-01T13:48:53","date_gmt":"2023-12-01T17:48:53","guid":{"rendered":"https:\/\/www.confederaciondelcobre.cl\/?p=4539"},"modified":"2023-12-01T13:49:05","modified_gmt":"2023-12-01T17:49:05","slug":"acuerdomarco-ctc-codelco-conoce-los-resultados-finales-del-fondo-unico-de-vivienda-concursable-proceso-2023","status":"publish","type":"post","link":"https:\/\/www.confederaciondelcobre.cl\/index.php\/2023\/12\/01\/acuerdomarco-ctc-codelco-conoce-los-resultados-finales-del-fondo-unico-de-vivienda-concursable-proceso-2023\/","title":{"rendered":"#AcuerdoMarco CTC-Codelco: conoce los resultados finales del Fondo \u00danico de Vivienda Concursable, proceso 2023."},"content":{"rendered":"\n<p>Compa\u00f1eras y compa\u00f1eros, informamos que<strong>\u00a0hoy, viernes 01 de diciembre, ya se encuentran disponibles los resultados finales de sus postulaciones al Fondo \u00danico de Vivienda Concursable, a\u00f1o 2023, correspondientes al Acuerdo Marco firmado entre la CTC, AGEMA y CODELCO.<\/strong><\/p>\n\n\n\n<p>Esta conquista de la clase trabajadora ha sido \u00fanicamente <strong>gracias a la\u00a0Unidad, Conciencia, Organizaci\u00f3n y Lucha\u00a0de todas y todos quienes, agrupados en la CTC<\/strong>, han logrado y mantenido vigente el Acuerdo Marco. Los derechos y beneficios conquistados, cabe agregar, que alcanzan a 65 mil trabajadoras y trabajadores contratistas y subcontratistas de CODELCO y sus familias, tienen el objetivo de mejorar nuestras condiciones laborales, sociales y de calidad de vida; por lo que \u2014para conocer m\u00e1s detalles\u2014llamamos a todas y todos a acercarse a sus sindicatos y federaciones de la CTC.<\/p>\n\n\n\n<ul class=\"wp-block-list\">\n<li>Desde el a\u00f1o 2007 las y los trabajadores contratistas y subcontratistas de Codelco, adem\u00e1s de sus familias, tienen acceso a una serie de derechos y beneficios, laborales y sociales, que establece el Acuerdo Marco firmado entre la Confederaci\u00f3n de Trabajadores del Cobre (CTC), las empresas contratistas y Codelco. <strong>El Fondo \u00danico de Vivienda Concursable, por su parte, es un derecho y beneficio que<\/strong> <strong>consiste en un aporte \u00fanico para la compra, construcci\u00f3n, prepago de dividendos o de cr\u00e9dito hipotecario\u00a0de la primera vivienda<\/strong>\u00a0del o la trabajadora.<\/li>\n<\/ul>\n\n\n\n<ul class=\"wp-block-list\">\n<li><strong>IMPORTANTE: para este a\u00f1o 2023, recordamos, se han dispuesto 2.000 (dos mil) cupos por un monto de 40 UF (cuarenta Unidades de Fomento) brutas cada uno, y ser\u00e1n pagados el martes 12 de diciembre del presente<\/strong>\u00a0mediante vale vista que podr\u00e1 ser cobrado en cualquier sucursal del Banco de Chile.\u00a0<strong>Este documento (vale vista) ser\u00e1 emitido a nombre del o la beneficiaria y podr\u00e1 ser retirado a partir de la fecha indicada, por el titular junto a su C\u00e9dula de Identidad en un plazo de 6 meses<\/strong>. Posterior a dicho plazo (seis meses) el documento quedar\u00e1 sin efecto.<\/li>\n<\/ul>\n\n\n\n<blockquote class=\"wp-block-quote is-layout-flow wp-block-quote-is-layout-flow\">\n<p><strong>Para consultar los resultados finales, puedes hacerlo en el sitio web de la OTIC de la C\u00e1mara Chilena de la Construcci\u00f3n\u00a0(<a rel=\"noreferrer noopener\" href=\"https:\/\/www.oticdelaconstruccion.cl\/fondos2023\/#\" target=\"_blank\">haciendo click aqu\u00ed<\/a>). All\u00ed encontrar\u00e1s la secci\u00f3n \u201cFondos para la Primera Vivienda\u201d, donde se solicitar\u00e1 ingresar el RUT del trabajador o trabajadora que postula.<\/strong><\/p>\n\n\n\n<p><\/p>\n\n\n\n<p><strong><em>NOTA: aunque la consulta puede hacerse desde un dispositivo m\u00f3vil, recomendamos hacerlo A TRAV\u00c9S DE UN COMPUTADOR<\/em><\/strong>.<\/p>\n<\/blockquote>\n\n\n\n<p><\/p>\n","protected":false},"excerpt":{"rendered":"<p>Compa\u00f1eras y compa\u00f1eros, informamos que\u00a0hoy, viernes 01 de diciembre, ya se encuentran disponibles los resultados finales de sus postulaciones al Fondo \u00danico de Vivienda Concursable, a\u00f1o 2023, correspondientes al Acuerdo &hellip; <\/p>\n","protected":false},"author":2,"featured_media":4541,"comment_status":"closed","ping_status":"closed","sticky":false,"template":"","format":"standard","meta":{"jetpack_post_was_ever_published":false,"_jetpack_newsletter_access":"","_jetpack_dont_email_post_to_subs":false,"_jetpack_newsletter_tier_id":0,"_jetpack_memberships_contains_paywalled_content":false,"_jetpack_memberships_contains_paid_content":false,"footnotes":"","jetpack_publicize_message":"","jetpack_publicize_feature_enabled":false,"jetpack_social_post_already_shared":true,"jetpack_social_options":{"image_generator_settings":{"template":"highway","default_image_id":0,"enabled":false},"version":2}},"categories":[5,23,9,21,15,19],"tags":[],"class_list":["post-4539","post","type-post","status-publish","format-standard","has-post-thumbnail","hentry","category-acuerdo-marco","category-acuerdo-marco-codelco","category-confederacion","category-federaciones","category-nacional","category-trabajadores"],"jetpack_publicize_connections":[],"jetpack_featured_media_url":"https:\/\/www.confederaciondelcobre.cl\/wp-content\/uploads\/2023\/11\/Port-11.jpg","jetpack_sharing_enabled":true,"post_mailing_queue_ids":[],"_links":{"self":[{"href":"https:\/\/www.confederaciondelcobre.cl\/index.php\/wp-json\/wp\/v2\/posts\/4539","targetHints":{"allow":["GET"]}}],"collection":[{"href":"https:\/\/www.confederaciondelcobre.cl\/index.php\/wp-json\/wp\/v2\/posts"}],"about":[{"href":"https:\/\/www.confederaciondelcobre.cl\/index.php\/wp-json\/wp\/v2\/types\/post"}],"author":[{"embeddable":true,"href":"https:\/\/www.confederaciondelcobre.cl\/index.php\/wp-json\/wp\/v2\/users\/2"}],"replies":[{"embeddable":true,"href":"https:\/\/www.confederaciondelcobre.cl\/index.php\/wp-json\/wp\/v2\/comments?post=4539"}],"version-history":[{"count":6,"href":"https:\/\/www.confederaciondelcobre.cl\/index.php\/wp-json\/wp\/v2\/posts\/4539\/revisions"}],"predecessor-version":[{"id":4559,"href":"https:\/\/www.confederaciondelcobre.cl\/index.php\/wp-json\/wp\/v2\/posts\/4539\/revisions\/4559"}],"wp:featuredmedia":[{"embeddable":true,"href":"https:\/\/www.confederaciondelcobre.cl\/index.php\/wp-json\/wp\/v2\/media\/4541"}],"wp:attachment":[{"href":"https:\/\/www.confederaciondelcobre.cl\/index.php\/wp-json\/wp\/v2\/media?parent=4539"}],"wp:term":[{"taxonomy":"category","embeddable":true,"href":"https:\/\/www.confederaciondelcobre.cl\/index.php\/wp-json\/wp\/v2\/categories?post=4539"},{"taxonomy":"post_tag","embeddable":true,"href":"https:\/\/www.confederaciondelcobre.cl\/index.php\/wp-json\/wp\/v2\/tags?post=4539"}],"curies":[{"name":"wp","href":"https:\/\/api.w.org\/{rel}","templated":true}]}}