{"id":4543,"date":"2023-11-30T20:02:29","date_gmt":"2023-12-01T00:02:29","guid":{"rendered":"https:\/\/www.confederaciondelcobre.cl\/?p=4543"},"modified":"2023-11-30T20:02:31","modified_gmt":"2023-12-01T00:02:31","slug":"dirigentes-de-la-ctc-son-certificados-en-curso-de-monitores-en-salud-ocupacional","status":"publish","type":"post","link":"https:\/\/www.confederaciondelcobre.cl\/index.php\/2023\/11\/30\/dirigentes-de-la-ctc-son-certificados-en-curso-de-monitores-en-salud-ocupacional\/","title":{"rendered":"Dirigentes de la CTC son certificados en Curso de Monitores en Salud Ocupacional."},"content":{"rendered":"\n<p>El d\u00eda de hoy, viernes 30 de noviembre, se realiz\u00f3 la ceremonia de clausura y entrega de certificados de aprobaci\u00f3n a las y los participantes del ciclo de &#8220;Cursos de Monitores en Salud Ocupacional&#8221; que realiza la Secretar\u00eda de Seguridad y Salud en el Trabajo de la Central Unitaria de Trabajadores (CUT-Chile), en conjunto con la Mutual de Seguridad de la C\u00e1mara Chilena de la Construcci\u00f3n.<\/p>\n\n\n\n<p>Dicho ciclo, que es parte del &#8220;Programa de Formaci\u00f3n Sindical de Gesti\u00f3n en Seguridad y Salud del Trabajo&#8221;, y en el que <strong>por parte de la Confederaci\u00f3n de Trabajadores del Cobre (CTC) participaron Jedry Velis, Director Nacional Encargado de Finanzas; y Francisco Ibaceta, Dirigente del Sindicato PUIC en la Divisi\u00f3n Andina de Codelco<\/strong>, fue concebido para que Dirigentas y Dirigentes Sindicales desarrollaran competencias t\u00e9cnicas y de liderazgo, con el prop\u00f3sito de contribuir a fortalecer su capacidad en materias de Seguridad y Salud en el Trabajo, y aportar a la calidad de vida de las y los trabajadores.<\/p>\n\n\n\n<div class=\"wp-block-columns is-layout-flex wp-container-core-columns-is-layout-9d6595d7 wp-block-columns-is-layout-flex\">\n<div class=\"wp-block-column is-layout-flow wp-block-column-is-layout-flow\" style=\"flex-basis:100%\">\n<blockquote class=\"wp-block-quote is-layout-flow wp-block-quote-is-layout-flow\">\n<p>Llevado a cabo durante el mes de octubre, el ciclo de \u201cCursos de Monitores en Salud Ocupacional\u201d fue desarrollado por la Central Unitaria de Trabajadores (CUT-Chile) en conjunto con la Mutual de Seguridad de la C\u00e1mara Chilena de la Construcci\u00f3n, y contempl\u00f3 una serie de m\u00f3dulos de aprendizaje que abordaron, entre otros, la Investigaci\u00f3n de accidentes laborales y enfermedades profesionales, Protocolo de riesgos psicosociales en el trabajo, la Formaci\u00f3n y rol de los comit\u00e9s paritarios de higiene y seguridad, Programas de prevenci\u00f3n de riesgos, el Decreto Supremo N\u00ba595 del IST (reglamento sobre condiciones sanitarias y ambientales b\u00e1sicas en los lugares de trabajo), Procesos de reclamaci\u00f3n de accidentes laborales y enfermedades profesionales, y la Confecci\u00f3n de mapa de riesgos en centros de trabajo.<\/p>\n<\/blockquote>\n<\/div>\n<\/div>\n\n\n\n<p>La ceremonia, llevada a cabo en la sede central de la CUT en Santiago, fue encabezada por el Consejero Erasmo Correa, en conjunto con representantes de la Mutual de Seguridad de la C\u00e1mara Chilena de la Construcci\u00f3n. En la oportunidad, cabe destacar, participaron tambi\u00e9n David Acu\u00f1a, Presidente de la CUT; y el Vicepresidente de Finanzas, Manuel D\u00edaz, a los que se sumaron Laura V\u00e1squez, Directora Regional del Trabajo Metropolitana Poniente; Pamela Gana, Superintendenta de Seguridad Social; Andr\u00e9s Bustamante, jefe de asesores de la Subsecretar\u00eda del Trabajo; Rafael Olmos, Gerente de Prevenci\u00f3n de la Mutual de Seguridad; y Mario Miranda, Subgerente de Gesti\u00f3n del Conocimiento de la Mutual.<\/p>\n\n\n\n<div class=\"wp-block-jetpack-slideshow aligncenter\" data-effect=\"slide\"><div class=\"wp-block-jetpack-slideshow_container swiper-container\"><ul class=\"wp-block-jetpack-slideshow_swiper-wrapper swiper-wrapper\"><li class=\"wp-block-jetpack-slideshow_slide swiper-slide\"><figure><img loading=\"lazy\" decoding=\"async\" width=\"1024\" height=\"487\" alt=\"\" class=\"wp-block-jetpack-slideshow_image wp-image-4550\" data-id=\"4550\" src=\"https:\/\/www.confederaciondelcobre.cl\/wp-content\/uploads\/2023\/11\/0d27eb34-53ce-46b5-8c16-ab68f16d97be-1024x487.jpeg\" srcset=\"https:\/\/www.confederaciondelcobre.cl\/wp-content\/uploads\/2023\/11\/0d27eb34-53ce-46b5-8c16-ab68f16d97be-1024x487.jpeg 1024w, https:\/\/www.confederaciondelcobre.cl\/wp-content\/uploads\/2023\/11\/0d27eb34-53ce-46b5-8c16-ab68f16d97be-300x143.jpeg 300w, https:\/\/www.confederaciondelcobre.cl\/wp-content\/uploads\/2023\/11\/0d27eb34-53ce-46b5-8c16-ab68f16d97be-768x365.jpeg 768w, https:\/\/www.confederaciondelcobre.cl\/wp-content\/uploads\/2023\/11\/0d27eb34-53ce-46b5-8c16-ab68f16d97be-1536x731.jpeg 1536w, https:\/\/www.confederaciondelcobre.cl\/wp-content\/uploads\/2023\/11\/0d27eb34-53ce-46b5-8c16-ab68f16d97be.jpeg 1600w\" sizes=\"auto, (max-width: 1024px) 100vw, 1024px\" \/><\/figure><\/li><li class=\"wp-block-jetpack-slideshow_slide swiper-slide\"><figure><img loading=\"lazy\" decoding=\"async\" width=\"1024\" height=\"683\" alt=\"\" class=\"wp-block-jetpack-slideshow_image wp-image-4551\" data-id=\"4551\" src=\"https:\/\/www.confederaciondelcobre.cl\/wp-content\/uploads\/2023\/11\/7d7a7a0f-9ee0-447e-86ae-8dda9581207b-1024x683.jpeg\" srcset=\"https:\/\/www.confederaciondelcobre.cl\/wp-content\/uploads\/2023\/11\/7d7a7a0f-9ee0-447e-86ae-8dda9581207b-1024x683.jpeg 1024w, https:\/\/www.confederaciondelcobre.cl\/wp-content\/uploads\/2023\/11\/7d7a7a0f-9ee0-447e-86ae-8dda9581207b-300x200.jpeg 300w, https:\/\/www.confederaciondelcobre.cl\/wp-content\/uploads\/2023\/11\/7d7a7a0f-9ee0-447e-86ae-8dda9581207b-768x512.jpeg 768w, https:\/\/www.confederaciondelcobre.cl\/wp-content\/uploads\/2023\/11\/7d7a7a0f-9ee0-447e-86ae-8dda9581207b-1536x1024.jpeg 1536w, https:\/\/www.confederaciondelcobre.cl\/wp-content\/uploads\/2023\/11\/7d7a7a0f-9ee0-447e-86ae-8dda9581207b.jpeg 1599w\" sizes=\"auto, (max-width: 1024px) 100vw, 1024px\" \/><\/figure><\/li><li class=\"wp-block-jetpack-slideshow_slide swiper-slide\"><figure><img loading=\"lazy\" decoding=\"async\" width=\"1024\" height=\"683\" alt=\"\" class=\"wp-block-jetpack-slideshow_image wp-image-4553\" data-id=\"4553\" src=\"https:\/\/www.confederaciondelcobre.cl\/wp-content\/uploads\/2023\/11\/f8de8bb4-b3e7-4e47-ad7f-361dbe790b84-1024x683.jpeg\" srcset=\"https:\/\/www.confederaciondelcobre.cl\/wp-content\/uploads\/2023\/11\/f8de8bb4-b3e7-4e47-ad7f-361dbe790b84-1024x683.jpeg 1024w, https:\/\/www.confederaciondelcobre.cl\/wp-content\/uploads\/2023\/11\/f8de8bb4-b3e7-4e47-ad7f-361dbe790b84-300x200.jpeg 300w, https:\/\/www.confederaciondelcobre.cl\/wp-content\/uploads\/2023\/11\/f8de8bb4-b3e7-4e47-ad7f-361dbe790b84-768x512.jpeg 768w, https:\/\/www.confederaciondelcobre.cl\/wp-content\/uploads\/2023\/11\/f8de8bb4-b3e7-4e47-ad7f-361dbe790b84-1536x1024.jpeg 1536w, https:\/\/www.confederaciondelcobre.cl\/wp-content\/uploads\/2023\/11\/f8de8bb4-b3e7-4e47-ad7f-361dbe790b84.jpeg 1599w\" sizes=\"auto, (max-width: 1024px) 100vw, 1024px\" \/><\/figure><\/li><\/ul><a class=\"wp-block-jetpack-slideshow_button-prev swiper-button-prev swiper-button-white\" role=\"button\"><\/a><a class=\"wp-block-jetpack-slideshow_button-next swiper-button-next swiper-button-white\" role=\"button\"><\/a><a aria-label=\"Pause Slideshow\" class=\"wp-block-jetpack-slideshow_button-pause\" role=\"button\"><\/a><div class=\"wp-block-jetpack-slideshow_pagination swiper-pagination swiper-pagination-white\"><\/div><\/div><\/div>\n","protected":false},"excerpt":{"rendered":"<p>El d\u00eda de hoy, viernes 30 de noviembre, se realiz\u00f3 la ceremonia de clausura y entrega de certificados de aprobaci\u00f3n a las y los participantes del ciclo de &#8220;Cursos de &hellip; <\/p>\n","protected":false},"author":2,"featured_media":4548,"comment_status":"closed","ping_status":"closed","sticky":false,"template":"","format":"standard","meta":{"jetpack_post_was_ever_published":false,"_jetpack_newsletter_access":"","_jetpack_dont_email_post_to_subs":false,"_jetpack_newsletter_tier_id":0,"_jetpack_memberships_contains_paywalled_content":false,"_jetpack_memberships_contains_paid_content":false,"footnotes":"","jetpack_publicize_message":"","jetpack_publicize_feature_enabled":false,"jetpack_social_post_already_shared":true,"jetpack_social_options":{"image_generator_settings":{"template":"highway","default_image_id":0,"enabled":false},"version":2}},"categories":[9,19],"tags":[],"class_list":["post-4543","post","type-post","status-publish","format-standard","has-post-thumbnail","hentry","category-confederacion","category-trabajadores"],"jetpack_publicize_connections":[],"jetpack_featured_media_url":"https:\/\/www.confederaciondelcobre.cl\/wp-content\/uploads\/2023\/11\/Port-12.jpg","jetpack_sharing_enabled":true,"post_mailing_queue_ids":[],"_links":{"self":[{"href":"https:\/\/www.confederaciondelcobre.cl\/index.php\/wp-json\/wp\/v2\/posts\/4543","targetHints":{"allow":["GET"]}}],"collection":[{"href":"https:\/\/www.confederaciondelcobre.cl\/index.php\/wp-json\/wp\/v2\/posts"}],"about":[{"href":"https:\/\/www.confederaciondelcobre.cl\/index.php\/wp-json\/wp\/v2\/types\/post"}],"author":[{"embeddable":true,"href":"https:\/\/www.confederaciondelcobre.cl\/index.php\/wp-json\/wp\/v2\/users\/2"}],"replies":[{"embeddable":true,"href":"https:\/\/www.confederaciondelcobre.cl\/index.php\/wp-json\/wp\/v2\/comments?post=4543"}],"version-history":[{"count":7,"href":"https:\/\/www.confederaciondelcobre.cl\/index.php\/wp-json\/wp\/v2\/posts\/4543\/revisions"}],"predecessor-version":[{"id":4554,"href":"https:\/\/www.confederaciondelcobre.cl\/index.php\/wp-json\/wp\/v2\/posts\/4543\/revisions\/4554"}],"wp:featuredmedia":[{"embeddable":true,"href":"https:\/\/www.confederaciondelcobre.cl\/index.php\/wp-json\/wp\/v2\/media\/4548"}],"wp:attachment":[{"href":"https:\/\/www.confederaciondelcobre.cl\/index.php\/wp-json\/wp\/v2\/media?parent=4543"}],"wp:term":[{"taxonomy":"category","embeddable":true,"href":"https:\/\/www.confederaciondelcobre.cl\/index.php\/wp-json\/wp\/v2\/categories?post=4543"},{"taxonomy":"post_tag","embeddable":true,"href":"https:\/\/www.confederaciondelcobre.cl\/index.php\/wp-json\/wp\/v2\/tags?post=4543"}],"curies":[{"name":"wp","href":"https:\/\/api.w.org\/{rel}","templated":true}]}}