{"id":4603,"date":"2023-12-15T16:00:27","date_gmt":"2023-12-15T20:00:27","guid":{"rendered":"https:\/\/www.confederaciondelcobre.cl\/?p=4603"},"modified":"2023-12-15T16:00:44","modified_gmt":"2023-12-15T20:00:44","slug":"masacre-en-la-escuela-santa-maria-de-iquique-conmemoraciones-a-116-anos","status":"publish","type":"post","link":"https:\/\/www.confederaciondelcobre.cl\/index.php\/2023\/12\/15\/masacre-en-la-escuela-santa-maria-de-iquique-conmemoraciones-a-116-anos\/","title":{"rendered":"Masacre en la Escuela Santa Mar\u00eda de Iquique, conmemoraciones a 116 a\u00f1os."},"content":{"rendered":"\n<p>Con el izamiento de banderas que corresponden a las cuatro nacionalidades de las y los trabajadores asesinados en la masacre de la Escuela Santa Mar\u00eda de Iquique, ocurrida el 21 de diciembre de 1907, dirigentas y dirigentes de la Central Unitaria de Trabajadores (CUT) de la regi\u00f3n de Tarapac\u00e1 dieron inicio a las actividades de conmemoraci\u00f3n para este a\u00f1o, cuando se cumplen 116 de la tragedia que enlut\u00f3 al movimiento obrero chileno y del mundo entero.<\/p>\n\n\n\n<p>La actividad, realizada ayer jueves 14, record\u00f3 la llegada a la ciudad de las y los huelguistas provenientes de la pampa salitrera. Se desarroll\u00f3 en el Liceo Bicentenario Domingo Santa Mar\u00eda (ex Escuela Santa Mar\u00eda) y fue encabezada por los Dirigentes de la CUT, Esmeralda Contreras, Presidenta; y Francisco Cabezas Cort\u00e9s, Vicepresidente (quien tambi\u00e9n es Vicepresidente de la CTC). A ellos, cabe destacar, se sum\u00f3 el historiador local Mario Zolezzi, quien el martes 19 de este mes, har\u00e1 el lanzamiento de su libro que lleva por t\u00edtulo \u201cPedro Regalado N\u00fa\u00f1ez\u201d, una obra dedicada a la <em>vida gitana<\/em> del personaje art\u00edfice de la huelga del distrito neigreiro en la regi\u00f3n de Tarapac\u00e1. El evento tendr\u00e1 lugar a las 18:00 horas en el Centro Cultura Do\u00f1a Vicente, en la ciudad de Iquique.<\/p>\n\n\n\n<p class=\"has-medium-font-size\"><strong>M\u00e1s actividades.<\/strong><\/p>\n\n\n\n<p>Las actividades, enmarcadas en la conmemoraci\u00f3n de la masacre en la Escuela Santa Mar\u00eda, continuar\u00e1n el mi\u00e9rcoles 20 de diciembre, a las 10:00 hrs, y en el Aula Magna Elena Caffarena de la Universidad Arturo Prat (Iquique). All\u00ed se llevar\u00e1 a cabo una clase magistral llamada \u201c100 a\u00f1os de la Direcci\u00f3n del Trabajo: la relevancia de la fiscalizaci\u00f3n y el di\u00e1logo social para el futuro de las relaciones laborales\u201d, y esta ser\u00e1 ofrecida por el Director Nacional del Trabajo, Pablo Zenteno Mu\u00f1oz.<\/p>\n\n\n\n<p>En tanto el jueves 21, d\u00eda exacto de la conmemoraci\u00f3n de la masacre, se llevar\u00e1n a efecto dos actividades: <\/p>\n\n\n\n<ul class=\"wp-block-list\">\n<li>A las 12:00 horas, se llevar\u00e1 a cabo el tradicional acto en el monolito que recuerda a las y los m\u00e1rtires de Iquique, que se ubica a un costado de la Escuela Bicentenario Domingo Santa Mar\u00eda, y ser\u00e1 encabezado por la CUT de Tarapac\u00e1, donde tambi\u00e9n participar\u00e1n diversas organizaciones sociales, culturales y sociales, entre ellas la propia CTC.<\/li>\n\n\n\n<li> A las 15:30 horas, se llevar\u00e1 a efecto la charla \u201cLegados de una tragedia hist\u00f3rica: la masacre en la Escuela Santa Mar\u00eda de Iquique y su impacto en la instauraci\u00f3n de la institucionalidad laboral el Chile\u201d que ser\u00e1 dictada Sebasti\u00e1n Osorio, investigador del Departamento de Estudios de la Direcci\u00f3n del Trabajo. La mencionada charla tendr\u00e1 lugar en el Liceo Bicentenario Domingo Santa Mar\u00eda.<\/li>\n<\/ul>\n\n\n\n<p>Finalmente, el viernes 22 de diciembre, a las 17:00 horas, y en el Museo regional de Iquique, se realizar\u00e1 un conversatorio que homenajear\u00e1 a los obreros ca\u00eddos en la Masacre de la Escuela Santa Mar\u00eda de Iquique. En dicha actividad, y como participantes, expondr\u00e1n: <\/p>\n\n\n\n<ul class=\"wp-block-list\">\n<li>Alberto D\u00edaz, historiador y acad\u00e9mico de la Universidad de Tarapac\u00e1;<\/li>\n\n\n\n<li>Dami\u00e1n Lo, historiador del Museo Regional de Iquique;<\/li>\n\n\n\n<li>Hugo Barraza, investigador pampino de la Salitrera Alianza;<\/li>\n\n\n\n<li>Karelia Cerda, historiadora feminista de la Universidad de Tarapac\u00e1;<\/li>\n\n\n\n<li>Francisco Cabezas, Vicepresidente de la CUT-Iquique, Presidente de la Federaci\u00f3n Minera del Norte (Feminort) y Vicepresidente de la CTC;<\/li>\n\n\n\n<li>William Sembler, Director del Coro Pampino &#8220;Ars XXI&#8221;.<\/li>\n<\/ul>\n\n\n\n<p>El ejercicio de rescatar y mantener vigente la memoria hist\u00f3rica del movimiento obrero, de sus luchas, triunfos y retrocesos, pero tambi\u00e9n de sus conquistas, es uno de los pilares fundamentales de la lucha sindical en nuestro pa\u00eds y el mundo. Lo es tambi\u00e9n, evidentemente, para la Confederaci\u00f3n de Trabajadores del Cobre desde su propia fundaci\u00f3n, por lo que hacemos extensiva la invitaci\u00f3n y llamado a todas y todos a participar de las actividades programadas y se\u00f1aladas anteriormente a realizarse en la ciudad de Iquique. Porque sin memoria no hay futuro ni progreso posible, reiteramos la invitaci\u00f3n a sumarse a las actividades programadas en la ciudad de Iquique.<\/p>\n\n\n\n<div class=\"wp-block-jetpack-slideshow aligncenter\" data-effect=\"slide\"><div class=\"wp-block-jetpack-slideshow_container swiper-container\"><ul class=\"wp-block-jetpack-slideshow_swiper-wrapper swiper-wrapper\"><li class=\"wp-block-jetpack-slideshow_slide swiper-slide\"><figure><img loading=\"lazy\" decoding=\"async\" width=\"1024\" height=\"684\" alt=\"\" class=\"wp-block-jetpack-slideshow_image wp-image-4608\" data-id=\"4608\" src=\"https:\/\/www.confederaciondelcobre.cl\/wp-content\/uploads\/2023\/12\/0d4c7741-fb94-40c1-a56d-046742986857-1024x684.jpeg\" srcset=\"https:\/\/www.confederaciondelcobre.cl\/wp-content\/uploads\/2023\/12\/0d4c7741-fb94-40c1-a56d-046742986857-1024x684.jpeg 1024w, https:\/\/www.confederaciondelcobre.cl\/wp-content\/uploads\/2023\/12\/0d4c7741-fb94-40c1-a56d-046742986857-300x200.jpeg 300w, https:\/\/www.confederaciondelcobre.cl\/wp-content\/uploads\/2023\/12\/0d4c7741-fb94-40c1-a56d-046742986857-768x513.jpeg 768w, https:\/\/www.confederaciondelcobre.cl\/wp-content\/uploads\/2023\/12\/0d4c7741-fb94-40c1-a56d-046742986857-1536x1025.jpeg 1536w, https:\/\/www.confederaciondelcobre.cl\/wp-content\/uploads\/2023\/12\/0d4c7741-fb94-40c1-a56d-046742986857.jpeg 1600w\" sizes=\"auto, (max-width: 1024px) 100vw, 1024px\" \/><\/figure><\/li><li class=\"wp-block-jetpack-slideshow_slide swiper-slide\"><figure><img loading=\"lazy\" decoding=\"async\" width=\"684\" height=\"1024\" alt=\"\" class=\"wp-block-jetpack-slideshow_image wp-image-4609\" data-id=\"4609\" src=\"https:\/\/www.confederaciondelcobre.cl\/wp-content\/uploads\/2023\/12\/2df6215d-66a6-4ef5-91fb-bd49cbe39f25-684x1024.jpeg\" srcset=\"https:\/\/www.confederaciondelcobre.cl\/wp-content\/uploads\/2023\/12\/2df6215d-66a6-4ef5-91fb-bd49cbe39f25-684x1024.jpeg 684w, https:\/\/www.confederaciondelcobre.cl\/wp-content\/uploads\/2023\/12\/2df6215d-66a6-4ef5-91fb-bd49cbe39f25-200x300.jpeg 200w, https:\/\/www.confederaciondelcobre.cl\/wp-content\/uploads\/2023\/12\/2df6215d-66a6-4ef5-91fb-bd49cbe39f25-768x1151.jpeg 768w, https:\/\/www.confederaciondelcobre.cl\/wp-content\/uploads\/2023\/12\/2df6215d-66a6-4ef5-91fb-bd49cbe39f25-1025x1536.jpeg 1025w, https:\/\/www.confederaciondelcobre.cl\/wp-content\/uploads\/2023\/12\/2df6215d-66a6-4ef5-91fb-bd49cbe39f25.jpeg 1068w\" sizes=\"auto, (max-width: 684px) 100vw, 684px\" \/><\/figure><\/li><li class=\"wp-block-jetpack-slideshow_slide swiper-slide\"><figure><img loading=\"lazy\" decoding=\"async\" width=\"684\" height=\"1024\" alt=\"\" class=\"wp-block-jetpack-slideshow_image wp-image-4610\" data-id=\"4610\" src=\"https:\/\/www.confederaciondelcobre.cl\/wp-content\/uploads\/2023\/12\/5a5b88c0-bc03-4896-9d41-cd18e624d7b8-684x1024.jpeg\" srcset=\"https:\/\/www.confederaciondelcobre.cl\/wp-content\/uploads\/2023\/12\/5a5b88c0-bc03-4896-9d41-cd18e624d7b8-684x1024.jpeg 684w, https:\/\/www.confederaciondelcobre.cl\/wp-content\/uploads\/2023\/12\/5a5b88c0-bc03-4896-9d41-cd18e624d7b8-200x300.jpeg 200w, https:\/\/www.confederaciondelcobre.cl\/wp-content\/uploads\/2023\/12\/5a5b88c0-bc03-4896-9d41-cd18e624d7b8-768x1151.jpeg 768w, https:\/\/www.confederaciondelcobre.cl\/wp-content\/uploads\/2023\/12\/5a5b88c0-bc03-4896-9d41-cd18e624d7b8-1025x1536.jpeg 1025w, https:\/\/www.confederaciondelcobre.cl\/wp-content\/uploads\/2023\/12\/5a5b88c0-bc03-4896-9d41-cd18e624d7b8.jpeg 1068w\" sizes=\"auto, (max-width: 684px) 100vw, 684px\" \/><\/figure><\/li><li class=\"wp-block-jetpack-slideshow_slide swiper-slide\"><figure><img loading=\"lazy\" decoding=\"async\" width=\"1024\" height=\"774\" alt=\"\" class=\"wp-block-jetpack-slideshow_image wp-image-4612\" data-id=\"4612\" src=\"https:\/\/www.confederaciondelcobre.cl\/wp-content\/uploads\/2023\/12\/9d30e1c1-1fa0-44de-b40d-d6c9b8796d35-1024x774.jpeg\" srcset=\"https:\/\/www.confederaciondelcobre.cl\/wp-content\/uploads\/2023\/12\/9d30e1c1-1fa0-44de-b40d-d6c9b8796d35-1024x774.jpeg 1024w, https:\/\/www.confederaciondelcobre.cl\/wp-content\/uploads\/2023\/12\/9d30e1c1-1fa0-44de-b40d-d6c9b8796d35-300x227.jpeg 300w, https:\/\/www.confederaciondelcobre.cl\/wp-content\/uploads\/2023\/12\/9d30e1c1-1fa0-44de-b40d-d6c9b8796d35-768x580.jpeg 768w, https:\/\/www.confederaciondelcobre.cl\/wp-content\/uploads\/2023\/12\/9d30e1c1-1fa0-44de-b40d-d6c9b8796d35-1536x1161.jpeg 1536w, https:\/\/www.confederaciondelcobre.cl\/wp-content\/uploads\/2023\/12\/9d30e1c1-1fa0-44de-b40d-d6c9b8796d35-290x220.jpeg 290w, https:\/\/www.confederaciondelcobre.cl\/wp-content\/uploads\/2023\/12\/9d30e1c1-1fa0-44de-b40d-d6c9b8796d35.jpeg 1600w\" sizes=\"auto, (max-width: 1024px) 100vw, 1024px\" \/><\/figure><\/li><li class=\"wp-block-jetpack-slideshow_slide swiper-slide\"><figure><img loading=\"lazy\" decoding=\"async\" width=\"684\" height=\"1024\" alt=\"\" class=\"wp-block-jetpack-slideshow_image wp-image-4614\" data-id=\"4614\" src=\"https:\/\/www.confederaciondelcobre.cl\/wp-content\/uploads\/2023\/12\/012bc354-2d4b-4b8a-b060-578fa5a9c7be-684x1024.jpeg\" srcset=\"https:\/\/www.confederaciondelcobre.cl\/wp-content\/uploads\/2023\/12\/012bc354-2d4b-4b8a-b060-578fa5a9c7be-684x1024.jpeg 684w, https:\/\/www.confederaciondelcobre.cl\/wp-content\/uploads\/2023\/12\/012bc354-2d4b-4b8a-b060-578fa5a9c7be-200x300.jpeg 200w, https:\/\/www.confederaciondelcobre.cl\/wp-content\/uploads\/2023\/12\/012bc354-2d4b-4b8a-b060-578fa5a9c7be-768x1151.jpeg 768w, https:\/\/www.confederaciondelcobre.cl\/wp-content\/uploads\/2023\/12\/012bc354-2d4b-4b8a-b060-578fa5a9c7be-1025x1536.jpeg 1025w, https:\/\/www.confederaciondelcobre.cl\/wp-content\/uploads\/2023\/12\/012bc354-2d4b-4b8a-b060-578fa5a9c7be.jpeg 1068w\" sizes=\"auto, (max-width: 684px) 100vw, 684px\" \/><\/figure><\/li><li class=\"wp-block-jetpack-slideshow_slide swiper-slide\"><figure><img loading=\"lazy\" decoding=\"async\" width=\"1024\" height=\"684\" alt=\"\" class=\"wp-block-jetpack-slideshow_image wp-image-4615\" data-id=\"4615\" src=\"https:\/\/www.confederaciondelcobre.cl\/wp-content\/uploads\/2023\/12\/05256551-2f8c-4f7d-a636-088559efb1ac-1024x684.jpeg\" srcset=\"https:\/\/www.confederaciondelcobre.cl\/wp-content\/uploads\/2023\/12\/05256551-2f8c-4f7d-a636-088559efb1ac-1024x684.jpeg 1024w, https:\/\/www.confederaciondelcobre.cl\/wp-content\/uploads\/2023\/12\/05256551-2f8c-4f7d-a636-088559efb1ac-300x200.jpeg 300w, https:\/\/www.confederaciondelcobre.cl\/wp-content\/uploads\/2023\/12\/05256551-2f8c-4f7d-a636-088559efb1ac-768x513.jpeg 768w, https:\/\/www.confederaciondelcobre.cl\/wp-content\/uploads\/2023\/12\/05256551-2f8c-4f7d-a636-088559efb1ac-1536x1025.jpeg 1536w, https:\/\/www.confederaciondelcobre.cl\/wp-content\/uploads\/2023\/12\/05256551-2f8c-4f7d-a636-088559efb1ac.jpeg 1600w\" sizes=\"auto, (max-width: 1024px) 100vw, 1024px\" \/><\/figure><\/li><\/ul><a class=\"wp-block-jetpack-slideshow_button-prev swiper-button-prev swiper-button-white\" role=\"button\"><\/a><a class=\"wp-block-jetpack-slideshow_button-next swiper-button-next swiper-button-white\" role=\"button\"><\/a><a aria-label=\"Pause Slideshow\" class=\"wp-block-jetpack-slideshow_button-pause\" role=\"button\"><\/a><div class=\"wp-block-jetpack-slideshow_pagination swiper-pagination swiper-pagination-white\"><\/div><\/div><\/div>\n","protected":false},"excerpt":{"rendered":"<p>Con el izamiento de banderas que corresponden a las cuatro nacionalidades de las y los trabajadores asesinados en la masacre de la Escuela Santa Mar\u00eda de Iquique, ocurrida el 21 &hellip; <\/p>\n","protected":false},"author":2,"featured_media":4605,"comment_status":"closed","ping_status":"closed","sticky":false,"template":"","format":"standard","meta":{"jetpack_post_was_ever_published":false,"_jetpack_newsletter_access":"","_jetpack_dont_email_post_to_subs":false,"_jetpack_newsletter_tier_id":0,"_jetpack_memberships_contains_paywalled_content":false,"_jetpack_memberships_contains_paid_content":false,"footnotes":"","jetpack_publicize_message":"","jetpack_publicize_feature_enabled":false,"jetpack_social_post_already_shared":true,"jetpack_social_options":{"image_generator_settings":{"template":"highway","default_image_id":0,"enabled":false},"version":2}},"categories":[9,21,22,13,14,15,19],"tags":[],"class_list":["post-4603","post","type-post","status-publish","format-standard","has-post-thumbnail","hentry","category-confederacion","category-federaciones","category-feminort","category-internacional","category-movimientos-sociales","category-nacional","category-trabajadores"],"jetpack_publicize_connections":[],"jetpack_featured_media_url":"https:\/\/www.confederaciondelcobre.cl\/wp-content\/uploads\/2023\/12\/PortIQQ.jpg","jetpack_sharing_enabled":true,"post_mailing_queue_ids":[],"_links":{"self":[{"href":"https:\/\/www.confederaciondelcobre.cl\/index.php\/wp-json\/wp\/v2\/posts\/4603","targetHints":{"allow":["GET"]}}],"collection":[{"href":"https:\/\/www.confederaciondelcobre.cl\/index.php\/wp-json\/wp\/v2\/posts"}],"about":[{"href":"https:\/\/www.confederaciondelcobre.cl\/index.php\/wp-json\/wp\/v2\/types\/post"}],"author":[{"embeddable":true,"href":"https:\/\/www.confederaciondelcobre.cl\/index.php\/wp-json\/wp\/v2\/users\/2"}],"replies":[{"embeddable":true,"href":"https:\/\/www.confederaciondelcobre.cl\/index.php\/wp-json\/wp\/v2\/comments?post=4603"}],"version-history":[{"count":7,"href":"https:\/\/www.confederaciondelcobre.cl\/index.php\/wp-json\/wp\/v2\/posts\/4603\/revisions"}],"predecessor-version":[{"id":4617,"href":"https:\/\/www.confederaciondelcobre.cl\/index.php\/wp-json\/wp\/v2\/posts\/4603\/revisions\/4617"}],"wp:featuredmedia":[{"embeddable":true,"href":"https:\/\/www.confederaciondelcobre.cl\/index.php\/wp-json\/wp\/v2\/media\/4605"}],"wp:attachment":[{"href":"https:\/\/www.confederaciondelcobre.cl\/index.php\/wp-json\/wp\/v2\/media?parent=4603"}],"wp:term":[{"taxonomy":"category","embeddable":true,"href":"https:\/\/www.confederaciondelcobre.cl\/index.php\/wp-json\/wp\/v2\/categories?post=4603"},{"taxonomy":"post_tag","embeddable":true,"href":"https:\/\/www.confederaciondelcobre.cl\/index.php\/wp-json\/wp\/v2\/tags?post=4603"}],"curies":[{"name":"wp","href":"https:\/\/api.w.org\/{rel}","templated":true}]}}