{"id":4621,"date":"2023-12-21T14:35:51","date_gmt":"2023-12-21T18:35:51","guid":{"rendered":"https:\/\/www.confederaciondelcobre.cl\/?p=4621"},"modified":"2023-12-21T14:35:53","modified_gmt":"2023-12-21T18:35:53","slug":"sindicato-de-establecimiento-nexxo-division-el-salvador-presenta-su-primer-proyecto-de-negociacion-colectiva","status":"publish","type":"post","link":"https:\/\/www.confederaciondelcobre.cl\/index.php\/2023\/12\/21\/sindicato-de-establecimiento-nexxo-division-el-salvador-presenta-su-primer-proyecto-de-negociacion-colectiva\/","title":{"rendered":"Sindicato de Establecimiento Nexxo Divisi\u00f3n El Salvador presenta su primer proyecto de negociaci\u00f3n colectiva."},"content":{"rendered":"\n<p>El lunes 18 de diciembre, y compuesto por trabajadores que se desempe\u00f1an en funciones de aseo industrial en la Divisi\u00f3n El Salvador de Codelco, el Sindicato de Establecimiento Nexxo Divisi\u00f3n El Salvador ha presentado su primer proyecto de negociaci\u00f3n colectiva. Dicha iniciativa, junto con ser un derecho a organizarse a fin de mejorar sus condiciones laborales y econ\u00f3micas, es tambi\u00e9n su derecho en tanto sindicato recientemente constituido. Se trata, entonces, de un importante hito para los trabajadores que buscan avanzar en la mejora integral de sus condiciones laborales, y ha sido el insuficiente reconocimiento al aporte de sus esfuerzos, que se manifiesta \u2014por ejemplo\u2014 en bajos salarios, lo que motiv\u00f3 entonces a los socios y dirigencia a demandar condiciones que sean acordes con la exigencia e importancia de su trabajo.<\/p>\n\n\n\n<pre class=\"wp-block-verse\">El Sindicato de Establecimiento Nexxo Divisi\u00f3n El Salvador est\u00e1 afiliado a la Federaci\u00f3n de Sindicatos El Salvador (FESAL, que es federaci\u00f3n de la CTC en la regi\u00f3n de Atacama), y es dirigido por Teodoro Torres, Presidente; Leonardo Gutierrez, Secretario; y Blas Arias. Tesorero.<\/pre>\n\n\n\n<p>Entre las principales demandas del sindicato, en esta que es su primera negociaci\u00f3n colectiva, se encuentran el aumento salarial, la mejora y ampliaci\u00f3n de bonos y beneficios, como tambi\u00e9n avanzar en el mejoramiento de sus condiciones laborales (principalmente en lo que a salud y seguridad en el trabajo se refiere).  A la espera entonces de una pronta respuesta, los socios y dirigentes del Sindicato de Establecimiento Nexxo Divisi\u00f3n El Salvador han puesto sus expectativas en una positiva recepci\u00f3n por parte de la empresa, y que esta \u2014por cierto\u2014 se traduzca en la realizaci\u00f3n de sus demandas. Demandas que, como se\u00f1alamos anteriormente, guardan relaci\u00f3n con el insuficiente reconocimiento a la importante labor y aporte que hacen los trabajadores a la cadena productiva.<\/p>\n\n\n\n<p><\/p>\n","protected":false},"excerpt":{"rendered":"<p>El lunes 18 de diciembre, y compuesto por trabajadores que se desempe\u00f1an en funciones de aseo industrial en la Divisi\u00f3n El Salvador de Codelco, el Sindicato de Establecimiento Nexxo Divisi\u00f3n &hellip; <\/p>\n","protected":false},"author":2,"featured_media":4625,"comment_status":"closed","ping_status":"closed","sticky":false,"template":"","format":"standard","meta":{"jetpack_post_was_ever_published":false,"_jetpack_newsletter_access":"","_jetpack_dont_email_post_to_subs":false,"_jetpack_newsletter_tier_id":0,"_jetpack_memberships_contains_paywalled_content":false,"_jetpack_memberships_contains_paid_content":false,"footnotes":"","jetpack_publicize_message":"","jetpack_publicize_feature_enabled":false,"jetpack_social_post_already_shared":true,"jetpack_social_options":{"image_generator_settings":{"template":"highway","default_image_id":0,"enabled":false},"version":2}},"categories":[9,21,28,20,19],"tags":[],"class_list":["post-4621","post","type-post","status-publish","format-standard","has-post-thumbnail","hentry","category-confederacion","category-federaciones","category-fesal","category-negociacion-colectiva","category-trabajadores"],"jetpack_publicize_connections":[],"jetpack_featured_media_url":"https:\/\/www.confederaciondelcobre.cl\/wp-content\/uploads\/2023\/12\/Port-3.jpg","jetpack_sharing_enabled":true,"post_mailing_queue_ids":[],"_links":{"self":[{"href":"https:\/\/www.confederaciondelcobre.cl\/index.php\/wp-json\/wp\/v2\/posts\/4621","targetHints":{"allow":["GET"]}}],"collection":[{"href":"https:\/\/www.confederaciondelcobre.cl\/index.php\/wp-json\/wp\/v2\/posts"}],"about":[{"href":"https:\/\/www.confederaciondelcobre.cl\/index.php\/wp-json\/wp\/v2\/types\/post"}],"author":[{"embeddable":true,"href":"https:\/\/www.confederaciondelcobre.cl\/index.php\/wp-json\/wp\/v2\/users\/2"}],"replies":[{"embeddable":true,"href":"https:\/\/www.confederaciondelcobre.cl\/index.php\/wp-json\/wp\/v2\/comments?post=4621"}],"version-history":[{"count":6,"href":"https:\/\/www.confederaciondelcobre.cl\/index.php\/wp-json\/wp\/v2\/posts\/4621\/revisions"}],"predecessor-version":[{"id":4628,"href":"https:\/\/www.confederaciondelcobre.cl\/index.php\/wp-json\/wp\/v2\/posts\/4621\/revisions\/4628"}],"wp:featuredmedia":[{"embeddable":true,"href":"https:\/\/www.confederaciondelcobre.cl\/index.php\/wp-json\/wp\/v2\/media\/4625"}],"wp:attachment":[{"href":"https:\/\/www.confederaciondelcobre.cl\/index.php\/wp-json\/wp\/v2\/media?parent=4621"}],"wp:term":[{"taxonomy":"category","embeddable":true,"href":"https:\/\/www.confederaciondelcobre.cl\/index.php\/wp-json\/wp\/v2\/categories?post=4621"},{"taxonomy":"post_tag","embeddable":true,"href":"https:\/\/www.confederaciondelcobre.cl\/index.php\/wp-json\/wp\/v2\/tags?post=4621"}],"curies":[{"name":"wp","href":"https:\/\/api.w.org\/{rel}","templated":true}]}}