{"id":4630,"date":"2023-12-23T20:07:22","date_gmt":"2023-12-24T00:07:22","guid":{"rendered":"https:\/\/www.confederaciondelcobre.cl\/?p=4630"},"modified":"2023-12-23T20:07:24","modified_gmt":"2023-12-24T00:07:24","slug":"santa-maria-de-iquique-homenajes-a-116-anos-de-la-masacre","status":"publish","type":"post","link":"https:\/\/www.confederaciondelcobre.cl\/index.php\/2023\/12\/23\/santa-maria-de-iquique-homenajes-a-116-anos-de-la-masacre\/","title":{"rendered":"Santa Mar\u00eda de Iquique: homenajes a 116 a\u00f1os de la masacre."},"content":{"rendered":"\n<p>A 116 a\u00f1os de la masacre en la Escuela Santa Mar\u00eda de Iquique, un tr\u00e1gico acontecimiento que enlut\u00f3 al movimiento obrero chileno, en que miles de obreros del salitre fueron asesinados por demandar mejores condiciones salariales, laborales y de vida, diversas actividades de homenaje y conmemoraci\u00f3n se realizaron en la Regi\u00f3n de Tarapac\u00e1- Chile. Organizaciones sindicales, sociales, culturales y autoridades fueron part\u00edcipes y protagonistas de diversos eventos, algunos de los cuales pasamos a relatar a continuaci\u00f3n.<\/p>\n\n\n\n<p>El mi\u00e9rcoles 20 de diciembre, en el Aula Magna Elena Caffarena de la Universidad Arturo Prat (Iquique), se llev\u00f3 a cabo una clase magistral ofrecida por el Director Nacional del Trabajo, Pablo Zenteno Mu\u00f1oz. Dicha clase, que parti\u00f3 en horas de la ma\u00f1ana, se titul\u00f3 \u201c100 a\u00f1os de la Direcci\u00f3n del Trabajo: la relevancia de la fiscalizaci\u00f3n y el di\u00e1logo social para el futuro de las relaciones laborales\u201d, y, junto con enmarcarse dentro de los homenajes a las y los m\u00e1rtires de Iquique, tambi\u00e9n fue realizada a prop\u00f3sito del centenario de dicho Servicio (DT), que ser\u00e1 en octubre de 2024. <\/p>\n\n\n\n<figure class=\"wp-block-image size-full\"><img loading=\"lazy\" decoding=\"async\" width=\"720\" height=\"541\" src=\"https:\/\/www.confederaciondelcobre.cl\/wp-content\/uploads\/2023\/12\/e640938c-e4b5-4877-a289-936d65c23ae2.jpeg\" alt=\"\" class=\"wp-image-4634\" srcset=\"https:\/\/www.confederaciondelcobre.cl\/wp-content\/uploads\/2023\/12\/e640938c-e4b5-4877-a289-936d65c23ae2.jpeg 720w, https:\/\/www.confederaciondelcobre.cl\/wp-content\/uploads\/2023\/12\/e640938c-e4b5-4877-a289-936d65c23ae2-300x225.jpeg 300w\" sizes=\"auto, (max-width: 720px) 100vw, 720px\" \/><figcaption class=\"wp-element-caption\">Director Nacional del trabajo, Pablo Zenteno Mu\u00f1oz.<\/figcaption><\/figure>\n\n\n\n<p>En tanto, a medio d\u00eda del 21 de diciembre, se llev\u00f3 a cabo el tradicional acto en el monolito que recuerda a las y los trabajadores asesinados en la masacre de 1907. Desarrollado a un costado de la Escuela Bicentenario Domingo Santa Mar\u00eda, el acto fue encabezado por la CUT de Tarapac\u00e1, donde tambi\u00e9n participaron diversas organizaciones sociales, culturales y sindicales, entre ellas la Federaci\u00f3n Minera del Norte (Feminort, que es federaci\u00f3n de la CTC en la regi\u00f3n de Tarapac\u00e1).<\/p>\n\n\n\n<p>En dicho acto, en que adem\u00e1s se cont\u00f3 con la presencia del Delegado Presidencial de la Regi\u00f3n de Tarapac\u00e1, Daniel Quinteros; del Director Nacional del Trabajo, Pablo Zenteno Mu\u00f1oz; nuevamente se record\u00f3 esta lucha de la clase obrera por un trabajo digno, que, a\u00fan a costa de sus vidas, represent\u00f3 un verdadero acto de patriotismo. En ese sentido, y junto con recordar a las y los m\u00e1rtires pampinos, tambi\u00e9n se conmemor\u00f3 a todas y todos los ca\u00eddos en la lucha por la dignidad de las y los trabajadores, por ejemplo en la Plaza Col\u00f3n de Antofagasta, en la Oficina Salitrera La Coru\u00f1a, o los calcinados en Magallanes, entre otros.<\/p>\n\n\n\n<p>La jornada, que continu\u00f3 entre saludos de diversas organizaciones, presentaciones art\u00edsticas y ofrendas florales, cerr\u00f3 con el discurso central a cargo de Esmeralda Contreras, Presidenta de la CUT-Tarapac\u00e1, quien, en s\u00edntesis, reivindic\u00f3 la lucha de los trabajadores pampinos de la \u00e9poca y de sus familias por alcanzar mejores condiciones laborales, salariales y de vida. Que a pesar de la tragedia, de la muerte y asesinatos, la clase obrera en su hist\u00f3rica lucha ha conseguido importantes avances. Avances que son \u00fanica y exclusivamente gracias a la lucha, y que constituyen significativos pasos en el andar hacia la conquista definitiva de la dignidad para todas y todos.<\/p>\n\n\n\n<div class=\"wp-block-jetpack-slideshow aligncenter\" data-effect=\"slide\"><div class=\"wp-block-jetpack-slideshow_container swiper-container\"><ul class=\"wp-block-jetpack-slideshow_swiper-wrapper swiper-wrapper\"><li class=\"wp-block-jetpack-slideshow_slide swiper-slide\"><figure><img loading=\"lazy\" decoding=\"async\" width=\"1024\" height=\"575\" alt=\"\" class=\"wp-block-jetpack-slideshow_image wp-image-4635\" data-id=\"4635\" src=\"https:\/\/www.confederaciondelcobre.cl\/wp-content\/uploads\/2023\/12\/DSC06904-1024x575.jpg\" srcset=\"https:\/\/www.confederaciondelcobre.cl\/wp-content\/uploads\/2023\/12\/DSC06904-1024x575.jpg 1024w, https:\/\/www.confederaciondelcobre.cl\/wp-content\/uploads\/2023\/12\/DSC06904-300x169.jpg 300w, https:\/\/www.confederaciondelcobre.cl\/wp-content\/uploads\/2023\/12\/DSC06904-768x431.jpg 768w, https:\/\/www.confederaciondelcobre.cl\/wp-content\/uploads\/2023\/12\/DSC06904-1536x863.jpg 1536w, https:\/\/www.confederaciondelcobre.cl\/wp-content\/uploads\/2023\/12\/DSC06904-2048x1150.jpg 2048w\" sizes=\"auto, (max-width: 1024px) 100vw, 1024px\" \/><\/figure><\/li><li class=\"wp-block-jetpack-slideshow_slide swiper-slide\"><figure><img loading=\"lazy\" decoding=\"async\" width=\"1024\" height=\"466\" alt=\"\" class=\"wp-block-jetpack-slideshow_image wp-image-4637\" data-id=\"4637\" src=\"https:\/\/www.confederaciondelcobre.cl\/wp-content\/uploads\/2023\/12\/DSC06908-1024x466.jpg\" srcset=\"https:\/\/www.confederaciondelcobre.cl\/wp-content\/uploads\/2023\/12\/DSC06908-1024x466.jpg 1024w, https:\/\/www.confederaciondelcobre.cl\/wp-content\/uploads\/2023\/12\/DSC06908-300x136.jpg 300w, https:\/\/www.confederaciondelcobre.cl\/wp-content\/uploads\/2023\/12\/DSC06908-768x349.jpg 768w, https:\/\/www.confederaciondelcobre.cl\/wp-content\/uploads\/2023\/12\/DSC06908-1536x698.jpg 1536w, https:\/\/www.confederaciondelcobre.cl\/wp-content\/uploads\/2023\/12\/DSC06908-2048x931.jpg 2048w\" sizes=\"auto, (max-width: 1024px) 100vw, 1024px\" \/><\/figure><\/li><li class=\"wp-block-jetpack-slideshow_slide swiper-slide\"><figure><img loading=\"lazy\" decoding=\"async\" width=\"1024\" height=\"603\" alt=\"\" class=\"wp-block-jetpack-slideshow_image wp-image-4638\" data-id=\"4638\" src=\"https:\/\/www.confederaciondelcobre.cl\/wp-content\/uploads\/2023\/12\/DSC06913-1024x603.jpg\" srcset=\"https:\/\/www.confederaciondelcobre.cl\/wp-content\/uploads\/2023\/12\/DSC06913-1024x603.jpg 1024w, https:\/\/www.confederaciondelcobre.cl\/wp-content\/uploads\/2023\/12\/DSC06913-300x177.jpg 300w, https:\/\/www.confederaciondelcobre.cl\/wp-content\/uploads\/2023\/12\/DSC06913-768x452.jpg 768w, https:\/\/www.confederaciondelcobre.cl\/wp-content\/uploads\/2023\/12\/DSC06913-1536x904.jpg 1536w, https:\/\/www.confederaciondelcobre.cl\/wp-content\/uploads\/2023\/12\/DSC06913-2048x1206.jpg 2048w\" sizes=\"auto, (max-width: 1024px) 100vw, 1024px\" \/><\/figure><\/li><li class=\"wp-block-jetpack-slideshow_slide swiper-slide\"><figure><img loading=\"lazy\" decoding=\"async\" width=\"1024\" height=\"547\" alt=\"\" class=\"wp-block-jetpack-slideshow_image wp-image-4639\" data-id=\"4639\" src=\"https:\/\/www.confederaciondelcobre.cl\/wp-content\/uploads\/2023\/12\/DSC06923-1024x547.jpg\" srcset=\"https:\/\/www.confederaciondelcobre.cl\/wp-content\/uploads\/2023\/12\/DSC06923-1024x547.jpg 1024w, https:\/\/www.confederaciondelcobre.cl\/wp-content\/uploads\/2023\/12\/DSC06923-300x160.jpg 300w, https:\/\/www.confederaciondelcobre.cl\/wp-content\/uploads\/2023\/12\/DSC06923-768x410.jpg 768w, https:\/\/www.confederaciondelcobre.cl\/wp-content\/uploads\/2023\/12\/DSC06923-1536x821.jpg 1536w, https:\/\/www.confederaciondelcobre.cl\/wp-content\/uploads\/2023\/12\/DSC06923-2048x1094.jpg 2048w\" sizes=\"auto, (max-width: 1024px) 100vw, 1024px\" \/><\/figure><\/li><li class=\"wp-block-jetpack-slideshow_slide swiper-slide\"><figure><img loading=\"lazy\" decoding=\"async\" width=\"1024\" height=\"684\" alt=\"\" class=\"wp-block-jetpack-slideshow_image wp-image-4640\" data-id=\"4640\" src=\"https:\/\/www.confederaciondelcobre.cl\/wp-content\/uploads\/2023\/12\/DSC06930-1024x684.jpg\" srcset=\"https:\/\/www.confederaciondelcobre.cl\/wp-content\/uploads\/2023\/12\/DSC06930-1024x684.jpg 1024w, https:\/\/www.confederaciondelcobre.cl\/wp-content\/uploads\/2023\/12\/DSC06930-300x200.jpg 300w, https:\/\/www.confederaciondelcobre.cl\/wp-content\/uploads\/2023\/12\/DSC06930-768x513.jpg 768w, https:\/\/www.confederaciondelcobre.cl\/wp-content\/uploads\/2023\/12\/DSC06930-1536x1026.jpg 1536w, https:\/\/www.confederaciondelcobre.cl\/wp-content\/uploads\/2023\/12\/DSC06930-2048x1368.jpg 2048w\" sizes=\"auto, (max-width: 1024px) 100vw, 1024px\" \/><\/figure><\/li><\/ul><a class=\"wp-block-jetpack-slideshow_button-prev swiper-button-prev swiper-button-white\" role=\"button\"><\/a><a class=\"wp-block-jetpack-slideshow_button-next swiper-button-next swiper-button-white\" role=\"button\"><\/a><a aria-label=\"Pause Slideshow\" class=\"wp-block-jetpack-slideshow_button-pause\" role=\"button\"><\/a><div class=\"wp-block-jetpack-slideshow_pagination swiper-pagination swiper-pagination-white\"><\/div><\/div><\/div>\n\n\n\n<p>Mas tarde, y continuando con las actividades de homenaje, fue al interior de la Escuela Bicentenario Domingo Santa Mar\u00eda (ex Escuela Santa Mar\u00eda) que se llev\u00f3 a cabo la charla &#8220;Legados de una tragedia hist\u00f3rica: la masacre en la Escuela Santa Mar\u00eda de Iquique y su impacto en la instauraci\u00f3n de la institucionalidad laboral en Chile&#8221;, a cargo del investigador del Departamento de Estudios de la Direcci\u00f3n del Trabajo, soci\u00f3logo y doctor en historia, Sebasti\u00e1n Osorio. En la oportunidad, y junto con la presencia de trabajadoras y trabajadores, a los que se sumaron autoridades de la regi\u00f3n de Tarapac\u00e1, como tambi\u00e9n profesoras, profesores y dirigentas y dirigentes sindicales; participaron el Director Nacional del Trabajo, Pablo Zenteno, la Directora de la Escuela, Mar\u00eda Ver\u00f3nica Ormaz\u00e1bal; el Senador Jorge Soria, el Seremi del Trabajo y Previsi\u00f3n Social, Ignacio Prieto; y la Presidenta de la CUT-Tarapac\u00e1, Esmeralda Contreras, entre otros. <\/p>\n\n\n<div class=\"wp-block-image\">\n<figure class=\"aligncenter size-large is-resized\"><img loading=\"lazy\" decoding=\"async\" width=\"576\" height=\"1024\" src=\"https:\/\/www.confederaciondelcobre.cl\/wp-content\/uploads\/2023\/12\/ebd54b26-dc5b-44e7-b67c-a4393dfe38b1-576x1024.jpeg\" alt=\"\" class=\"wp-image-4641\" style=\"width:202px;height:auto\" srcset=\"https:\/\/www.confederaciondelcobre.cl\/wp-content\/uploads\/2023\/12\/ebd54b26-dc5b-44e7-b67c-a4393dfe38b1-576x1024.jpeg 576w, https:\/\/www.confederaciondelcobre.cl\/wp-content\/uploads\/2023\/12\/ebd54b26-dc5b-44e7-b67c-a4393dfe38b1-169x300.jpeg 169w, https:\/\/www.confederaciondelcobre.cl\/wp-content\/uploads\/2023\/12\/ebd54b26-dc5b-44e7-b67c-a4393dfe38b1.jpeg 720w\" sizes=\"auto, (max-width: 576px) 100vw, 576px\" \/><figcaption class=\"wp-element-caption\">Esmeralda Contreras, Presidenta de la CUT-Tarapac\u00e1.<\/figcaption><\/figure><\/div>\n\n\n<p>Para finalizar, y ya el viernes 22, se llev\u00f3 a cabo un conversatorio en conmemoraci\u00f3n a 116 a\u00f1os de la matanza de la Escuela Santa Mar\u00eda de Iquique. La actividad, llevada a cabo en el Archivo Hist\u00f3rico del Museo Regional de Iquique, en conjunto con el Comit\u00e9 Pro Centenario Salitreras 2025, llev\u00f3 por nombre &#8220;Homenaje a los obreros ca\u00eddos en la masacre de la Escuela Santa Mar\u00eda de Iquique&#8221;, y desarroll\u00f3 un di\u00e1logo sobre los acontecimientos que se vivieron aquel fat\u00eddico 21 de diciembre de 1907. En dicho encuentro, en el que se busc\u00f3 fomentar espacios de discusi\u00f3n y reflexi\u00f3n en pro del desarrollo de la historia local, participaron el historiador Alberto Diaz, que es acad\u00e9mico de la Universidad de Tarapac\u00e1; Dami\u00e1n Lo Chavez, historiador del Museo Regional de Iquique; Hugo Barraza, investigador pampino de la Salitrera Alianza; Karelia Cerda, historiadora feminista de la Universidad de Tarapac\u00e1; y Francisco Cabezas, quien es Vice Presidente de la CUT-Tarapac\u00e1, Presidente de la Federaci\u00f3n Minera del Norte y Vice Presidente de la Confederaci\u00f3n de Trabajadores del Cobre.<\/p>\n","protected":false},"excerpt":{"rendered":"<p>A 116 a\u00f1os de la masacre en la Escuela Santa Mar\u00eda de Iquique, un tr\u00e1gico acontecimiento que enlut\u00f3 al movimiento obrero chileno, en que miles de obreros del salitre fueron &hellip; <\/p>\n","protected":false},"author":2,"featured_media":4633,"comment_status":"closed","ping_status":"closed","sticky":false,"template":"","format":"standard","meta":{"jetpack_post_was_ever_published":false,"_jetpack_newsletter_access":"","_jetpack_dont_email_post_to_subs":false,"_jetpack_newsletter_tier_id":0,"_jetpack_memberships_contains_paywalled_content":false,"_jetpack_memberships_contains_paid_content":false,"footnotes":"","jetpack_publicize_message":"","jetpack_publicize_feature_enabled":false,"jetpack_social_post_already_shared":true,"jetpack_social_options":{"image_generator_settings":{"template":"highway","default_image_id":0,"enabled":false},"version":2}},"categories":[37,9,21,22,14,15,19],"tags":[],"class_list":["post-4630","post","type-post","status-publish","format-standard","has-post-thumbnail","hentry","category-memoriactc","category-confederacion","category-federaciones","category-feminort","category-movimientos-sociales","category-nacional","category-trabajadores"],"jetpack_publicize_connections":[],"jetpack_featured_media_url":"https:\/\/www.confederaciondelcobre.cl\/wp-content\/uploads\/2023\/12\/Port-4.jpg","jetpack_sharing_enabled":true,"post_mailing_queue_ids":[],"_links":{"self":[{"href":"https:\/\/www.confederaciondelcobre.cl\/index.php\/wp-json\/wp\/v2\/posts\/4630","targetHints":{"allow":["GET"]}}],"collection":[{"href":"https:\/\/www.confederaciondelcobre.cl\/index.php\/wp-json\/wp\/v2\/posts"}],"about":[{"href":"https:\/\/www.confederaciondelcobre.cl\/index.php\/wp-json\/wp\/v2\/types\/post"}],"author":[{"embeddable":true,"href":"https:\/\/www.confederaciondelcobre.cl\/index.php\/wp-json\/wp\/v2\/users\/2"}],"replies":[{"embeddable":true,"href":"https:\/\/www.confederaciondelcobre.cl\/index.php\/wp-json\/wp\/v2\/comments?post=4630"}],"version-history":[{"count":3,"href":"https:\/\/www.confederaciondelcobre.cl\/index.php\/wp-json\/wp\/v2\/posts\/4630\/revisions"}],"predecessor-version":[{"id":4642,"href":"https:\/\/www.confederaciondelcobre.cl\/index.php\/wp-json\/wp\/v2\/posts\/4630\/revisions\/4642"}],"wp:featuredmedia":[{"embeddable":true,"href":"https:\/\/www.confederaciondelcobre.cl\/index.php\/wp-json\/wp\/v2\/media\/4633"}],"wp:attachment":[{"href":"https:\/\/www.confederaciondelcobre.cl\/index.php\/wp-json\/wp\/v2\/media?parent=4630"}],"wp:term":[{"taxonomy":"category","embeddable":true,"href":"https:\/\/www.confederaciondelcobre.cl\/index.php\/wp-json\/wp\/v2\/categories?post=4630"},{"taxonomy":"post_tag","embeddable":true,"href":"https:\/\/www.confederaciondelcobre.cl\/index.php\/wp-json\/wp\/v2\/tags?post=4630"}],"curies":[{"name":"wp","href":"https:\/\/api.w.org\/{rel}","templated":true}]}}