{"id":4652,"date":"2023-12-30T15:03:35","date_gmt":"2023-12-30T19:03:35","guid":{"rendered":"https:\/\/www.confederaciondelcobre.cl\/?p=4652"},"modified":"2023-12-30T15:03:38","modified_gmt":"2023-12-30T19:03:38","slug":"ctcresumen2023-cerramos-el-ano-y-te-invitamos-a-revisar-los-hitos-mas-importantes-de-este-2023","status":"publish","type":"post","link":"https:\/\/www.confederaciondelcobre.cl\/index.php\/2023\/12\/30\/ctcresumen2023-cerramos-el-ano-y-te-invitamos-a-revisar-los-hitos-mas-importantes-de-este-2023\/","title":{"rendered":"#CTCResumen2023: Cerramos el a\u00f1o y te invitamos a revisar los hitos m\u00e1s importantes de este 2023."},"content":{"rendered":"\n<p>El a\u00f1o 2023 ocurrieron e hicimos muchas cosas, veamos a continuaci\u00f3n una infograf\u00eda con algunas de las m\u00e1s importantes. Si no puedes visualizar adecuadamente la imagen, haz click sobre ella.<\/p>\n\n\n<div class=\"wp-block-image\">\n<figure class=\"aligncenter size-large\"><a href=\"https:\/\/www.confederaciondelcobre.cl\/wp-content\/uploads\/2023\/12\/ResumenCTC2023.png\" target=\"_blank\" rel=\"noreferrer noopener\"><img loading=\"lazy\" decoding=\"async\" width=\"482\" height=\"1024\" src=\"https:\/\/www.confederaciondelcobre.cl\/wp-content\/uploads\/2023\/12\/ResumenCTC2023-482x1024.png\" alt=\"\" class=\"wp-image-4663\" srcset=\"https:\/\/www.confederaciondelcobre.cl\/wp-content\/uploads\/2023\/12\/ResumenCTC2023-482x1024.png 482w, https:\/\/www.confederaciondelcobre.cl\/wp-content\/uploads\/2023\/12\/ResumenCTC2023-141x300.png 141w, https:\/\/www.confederaciondelcobre.cl\/wp-content\/uploads\/2023\/12\/ResumenCTC2023-768x1630.png 768w, https:\/\/www.confederaciondelcobre.cl\/wp-content\/uploads\/2023\/12\/ResumenCTC2023-724x1536.png 724w, https:\/\/www.confederaciondelcobre.cl\/wp-content\/uploads\/2023\/12\/ResumenCTC2023-965x2048.png 965w, https:\/\/www.confederaciondelcobre.cl\/wp-content\/uploads\/2023\/12\/ResumenCTC2023.png 2048w\" sizes=\"auto, (max-width: 482px) 100vw, 482px\" \/><\/a><\/figure><\/div>","protected":false},"excerpt":{"rendered":"<p>El a\u00f1o 2023 ocurrieron e hicimos muchas cosas, veamos a continuaci\u00f3n una infograf\u00eda con algunas de las m\u00e1s importantes. Si no puedes visualizar adecuadamente la imagen, haz click sobre ella.<\/p>\n","protected":false},"author":2,"featured_media":4659,"comment_status":"closed","ping_status":"closed","sticky":false,"template":"","format":"standard","meta":{"jetpack_post_was_ever_published":false,"_jetpack_newsletter_access":"","_jetpack_dont_email_post_to_subs":false,"_jetpack_newsletter_tier_id":0,"_jetpack_memberships_contains_paywalled_content":false,"_jetpack_memberships_contains_paid_content":false,"footnotes":"","jetpack_publicize_message":"","jetpack_publicize_feature_enabled":false,"jetpack_social_post_already_shared":false,"jetpack_social_options":{"image_generator_settings":{"template":"highway","default_image_id":0,"enabled":false},"version":2}},"categories":[5,9,11,27,36,35,21,13,14,15,20,32,19],"tags":[],"class_list":["post-4652","post","type-post","status-publish","format-standard","has-post-thumbnail","hentry","category-acuerdo-marco","category-confederacion","category-ctmin","category-cut","category-el-cobre-para-chile","category-el-litio-para-chile","category-federaciones","category-internacional","category-movimientos-sociales","category-nacional","category-negociacion-colectiva","category-nelson-quichillao","category-trabajadores"],"jetpack_publicize_connections":[],"jetpack_featured_media_url":"https:\/\/www.confederaciondelcobre.cl\/wp-content\/uploads\/2023\/12\/Port-5.jpg","jetpack_sharing_enabled":true,"post_mailing_queue_ids":[],"_links":{"self":[{"href":"https:\/\/www.confederaciondelcobre.cl\/index.php\/wp-json\/wp\/v2\/posts\/4652","targetHints":{"allow":["GET"]}}],"collection":[{"href":"https:\/\/www.confederaciondelcobre.cl\/index.php\/wp-json\/wp\/v2\/posts"}],"about":[{"href":"https:\/\/www.confederaciondelcobre.cl\/index.php\/wp-json\/wp\/v2\/types\/post"}],"author":[{"embeddable":true,"href":"https:\/\/www.confederaciondelcobre.cl\/index.php\/wp-json\/wp\/v2\/users\/2"}],"replies":[{"embeddable":true,"href":"https:\/\/www.confederaciondelcobre.cl\/index.php\/wp-json\/wp\/v2\/comments?post=4652"}],"version-history":[{"count":8,"href":"https:\/\/www.confederaciondelcobre.cl\/index.php\/wp-json\/wp\/v2\/posts\/4652\/revisions"}],"predecessor-version":[{"id":4665,"href":"https:\/\/www.confederaciondelcobre.cl\/index.php\/wp-json\/wp\/v2\/posts\/4652\/revisions\/4665"}],"wp:featuredmedia":[{"embeddable":true,"href":"https:\/\/www.confederaciondelcobre.cl\/index.php\/wp-json\/wp\/v2\/media\/4659"}],"wp:attachment":[{"href":"https:\/\/www.confederaciondelcobre.cl\/index.php\/wp-json\/wp\/v2\/media?parent=4652"}],"wp:term":[{"taxonomy":"category","embeddable":true,"href":"https:\/\/www.confederaciondelcobre.cl\/index.php\/wp-json\/wp\/v2\/categories?post=4652"},{"taxonomy":"post_tag","embeddable":true,"href":"https:\/\/www.confederaciondelcobre.cl\/index.php\/wp-json\/wp\/v2\/tags?post=4652"}],"curies":[{"name":"wp","href":"https:\/\/api.w.org\/{rel}","templated":true}]}}