{"id":4675,"date":"2024-01-18T14:49:13","date_gmt":"2024-01-18T18:49:13","guid":{"rendered":"https:\/\/www.confederaciondelcobre.cl\/?p=4675"},"modified":"2024-01-18T14:49:26","modified_gmt":"2024-01-18T18:49:26","slug":"no-mas-silicosis-dirigentes-de-la-ctc-participaron-en-curso-de-prevencion-dictado-en-la-cut","status":"publish","type":"post","link":"https:\/\/www.confederaciondelcobre.cl\/index.php\/2024\/01\/18\/no-mas-silicosis-dirigentes-de-la-ctc-participaron-en-curso-de-prevencion-dictado-en-la-cut\/","title":{"rendered":"No m\u00e1s silicosis: dirigentes de la CTC participaron en curso de prevenci\u00f3n dictado en la CUT."},"content":{"rendered":"\n<p>Los d\u00edas 16 y 17 de enero, y enmarcado en el <a href=\"https:\/\/www.confederaciondelcobre.cl\/index.php\/2023\/11\/30\/dirigentes-de-la-ctc-son-certificados-en-curso-de-monitores-en-salud-ocupacional\/\" target=\"_blank\" rel=\"noreferrer noopener\">Programa de Formaci\u00f3n Sindical de Gesti\u00f3n en Seguridad y Salud del Trabajo<\/a>,  la Secretar\u00eda de Salud y Seguridad en el Trabajo de la Central Unitaria de Trabajadores (CUT), encabezada por los Consejeros Nacionales Horacio Fuentes y Erasmo Correa, realiz\u00f3 un curso de prevenci\u00f3n de silicosis en personas expuestas a la s\u00edlice titulado &#8220;No m\u00e1s Slicosis&#8221;.<\/p>\n\n\n\n<figure class=\"wp-block-gallery has-nested-images columns-default is-cropped wp-block-gallery-1 is-layout-flex wp-block-gallery-is-layout-flex\">\n<figure class=\"wp-block-image size-large\"><img loading=\"lazy\" decoding=\"async\" width=\"671\" height=\"348\" data-id=\"4680\" src=\"https:\/\/www.confederaciondelcobre.cl\/wp-content\/uploads\/2024\/01\/9addc256-9839-4f0e-a63c-8417161ee282.jpeg\" alt=\"\" class=\"wp-image-4680\" srcset=\"https:\/\/www.confederaciondelcobre.cl\/wp-content\/uploads\/2024\/01\/9addc256-9839-4f0e-a63c-8417161ee282.jpeg 671w, https:\/\/www.confederaciondelcobre.cl\/wp-content\/uploads\/2024\/01\/9addc256-9839-4f0e-a63c-8417161ee282-300x156.jpeg 300w\" sizes=\"auto, (max-width: 671px) 100vw, 671px\" \/><\/figure>\n\n\n\n<figure class=\"wp-block-image size-large\"><img loading=\"lazy\" decoding=\"async\" width=\"698\" height=\"331\" data-id=\"4681\" src=\"https:\/\/www.confederaciondelcobre.cl\/wp-content\/uploads\/2024\/01\/217d8ca8-1d7d-498d-8698-d2f3f77f29a4.jpeg\" alt=\"\" class=\"wp-image-4681\" srcset=\"https:\/\/www.confederaciondelcobre.cl\/wp-content\/uploads\/2024\/01\/217d8ca8-1d7d-498d-8698-d2f3f77f29a4.jpeg 698w, https:\/\/www.confederaciondelcobre.cl\/wp-content\/uploads\/2024\/01\/217d8ca8-1d7d-498d-8698-d2f3f77f29a4-300x142.jpeg 300w\" sizes=\"auto, (max-width: 698px) 100vw, 698px\" \/><\/figure>\n<\/figure>\n\n\n\n<p>Dicho curso, al que asistieron representantes de distintos sectores productivos, entre ellos Jedry Velis y Claudio Escobar (ambos Directores Nacionales de la Confederaci\u00f3n de Trabajadores del Cobre &#8211; CTC); junto a Miguel V\u00e1squez y Rodrigo Berr\u00edos (dirigentes de federaciones de la CTC en las regiones de Valpara\u00edso y O&#8217;Higgins, respectivamente), se realiz\u00f3 con el apoyo de la Subsecretar\u00eda de Previsi\u00f3n Social y fue dictado por Santiago Mansilla. En \u00e9l, cabe destacar, se entregaron importantes conocimientos a dirigentas y dirigentes sindicales a fin enfrentar situaciones en que las y los trabajadores se encuentran expuestos a la s\u00edlice.<\/p>\n\n\n\n<figure class=\"wp-block-gallery has-nested-images columns-default is-cropped wp-block-gallery-2 is-layout-flex wp-block-gallery-is-layout-flex\">\n<figure class=\"wp-block-image size-large\"><img loading=\"lazy\" decoding=\"async\" width=\"663\" height=\"364\" data-id=\"4682\" src=\"https:\/\/www.confederaciondelcobre.cl\/wp-content\/uploads\/2024\/01\/1.jpg\" alt=\"\" class=\"wp-image-4682\" srcset=\"https:\/\/www.confederaciondelcobre.cl\/wp-content\/uploads\/2024\/01\/1.jpg 663w, https:\/\/www.confederaciondelcobre.cl\/wp-content\/uploads\/2024\/01\/1-300x165.jpg 300w\" sizes=\"auto, (max-width: 663px) 100vw, 663px\" \/><\/figure>\n\n\n\n<figure class=\"wp-block-image size-large\"><img loading=\"lazy\" decoding=\"async\" width=\"663\" height=\"364\" data-id=\"4683\" src=\"https:\/\/www.confederaciondelcobre.cl\/wp-content\/uploads\/2024\/01\/2.jpg\" alt=\"\" class=\"wp-image-4683\" srcset=\"https:\/\/www.confederaciondelcobre.cl\/wp-content\/uploads\/2024\/01\/2.jpg 663w, https:\/\/www.confederaciondelcobre.cl\/wp-content\/uploads\/2024\/01\/2-300x165.jpg 300w\" sizes=\"auto, (max-width: 663px) 100vw, 663px\" \/><\/figure>\n<\/figure>\n\n\n\n<p>Para la CTC, junto con valorar esta gran iniciativa de la CUT, resulta muy valioso que dirigentas y dirigentes sindicales cuenten con m\u00e1s herramientas que permitan o ayuden a prevenir el deterioro de la salud de las y los trabajadores. Lo anterior a prop\u00f3sito de que las y los socios de nuestra organizaci\u00f3n, como las y los trabajadores contratistas y subcontratistas del cobre en general, est\u00e1n en constante exposici\u00f3n a este riesgo. Por tanto, adquirir dichos conocimientos, en relaci\u00f3n a los marcos legales, es de suma importancia para fortalecer la acci\u00f3n y gesti\u00f3n sindical, a la vez que promover y fomentar a\u00fan m\u00e1s el cuidado en torno a la salud y seguridad en el trabajo.<\/p>\n\n\n\n<figure class=\"wp-block-image size-large\"><img loading=\"lazy\" decoding=\"async\" width=\"1024\" height=\"768\" src=\"https:\/\/www.confederaciondelcobre.cl\/wp-content\/uploads\/2024\/01\/d8699e8a-fc31-423e-843a-a597d4c48d7e-1024x768.jpeg\" alt=\"\" class=\"wp-image-4684\" srcset=\"https:\/\/www.confederaciondelcobre.cl\/wp-content\/uploads\/2024\/01\/d8699e8a-fc31-423e-843a-a597d4c48d7e-1024x768.jpeg 1024w, https:\/\/www.confederaciondelcobre.cl\/wp-content\/uploads\/2024\/01\/d8699e8a-fc31-423e-843a-a597d4c48d7e-300x225.jpeg 300w, https:\/\/www.confederaciondelcobre.cl\/wp-content\/uploads\/2024\/01\/d8699e8a-fc31-423e-843a-a597d4c48d7e-768x576.jpeg 768w, https:\/\/www.confederaciondelcobre.cl\/wp-content\/uploads\/2024\/01\/d8699e8a-fc31-423e-843a-a597d4c48d7e-1536x1152.jpeg 1536w, https:\/\/www.confederaciondelcobre.cl\/wp-content\/uploads\/2024\/01\/d8699e8a-fc31-423e-843a-a597d4c48d7e.jpeg 1600w\" sizes=\"auto, (max-width: 1024px) 100vw, 1024px\" \/><\/figure>\n","protected":false},"excerpt":{"rendered":"<p>Los d\u00edas 16 y 17 de enero, y enmarcado en el Programa de Formaci\u00f3n Sindical de Gesti\u00f3n en Seguridad y Salud del Trabajo, la Secretar\u00eda de Salud y Seguridad en &hellip; <\/p>\n","protected":false},"author":2,"featured_media":4679,"comment_status":"closed","ping_status":"closed","sticky":false,"template":"","format":"standard","meta":{"jetpack_post_was_ever_published":false,"_jetpack_newsletter_access":"","_jetpack_dont_email_post_to_subs":false,"_jetpack_newsletter_tier_id":0,"_jetpack_memberships_contains_paywalled_content":false,"_jetpack_memberships_contains_paid_content":false,"footnotes":"","jetpack_publicize_message":"","jetpack_publicize_feature_enabled":false,"jetpack_social_post_already_shared":true,"jetpack_social_options":{"image_generator_settings":{"template":"highway","default_image_id":0,"enabled":false},"version":2}},"categories":[9,27,21,29,31,19],"tags":[],"class_list":["post-4675","post","type-post","status-publish","format-standard","has-post-thumbnail","hentry","category-confederacion","category-cut","category-federaciones","category-fetramac","category-fetratec","category-trabajadores"],"jetpack_publicize_connections":[],"jetpack_featured_media_url":"https:\/\/www.confederaciondelcobre.cl\/wp-content\/uploads\/2024\/01\/Port-1.jpg","jetpack_sharing_enabled":true,"post_mailing_queue_ids":[],"_links":{"self":[{"href":"https:\/\/www.confederaciondelcobre.cl\/index.php\/wp-json\/wp\/v2\/posts\/4675","targetHints":{"allow":["GET"]}}],"collection":[{"href":"https:\/\/www.confederaciondelcobre.cl\/index.php\/wp-json\/wp\/v2\/posts"}],"about":[{"href":"https:\/\/www.confederaciondelcobre.cl\/index.php\/wp-json\/wp\/v2\/types\/post"}],"author":[{"embeddable":true,"href":"https:\/\/www.confederaciondelcobre.cl\/index.php\/wp-json\/wp\/v2\/users\/2"}],"replies":[{"embeddable":true,"href":"https:\/\/www.confederaciondelcobre.cl\/index.php\/wp-json\/wp\/v2\/comments?post=4675"}],"version-history":[{"count":5,"href":"https:\/\/www.confederaciondelcobre.cl\/index.php\/wp-json\/wp\/v2\/posts\/4675\/revisions"}],"predecessor-version":[{"id":4705,"href":"https:\/\/www.confederaciondelcobre.cl\/index.php\/wp-json\/wp\/v2\/posts\/4675\/revisions\/4705"}],"wp:featuredmedia":[{"embeddable":true,"href":"https:\/\/www.confederaciondelcobre.cl\/index.php\/wp-json\/wp\/v2\/media\/4679"}],"wp:attachment":[{"href":"https:\/\/www.confederaciondelcobre.cl\/index.php\/wp-json\/wp\/v2\/media?parent=4675"}],"wp:term":[{"taxonomy":"category","embeddable":true,"href":"https:\/\/www.confederaciondelcobre.cl\/index.php\/wp-json\/wp\/v2\/categories?post=4675"},{"taxonomy":"post_tag","embeddable":true,"href":"https:\/\/www.confederaciondelcobre.cl\/index.php\/wp-json\/wp\/v2\/tags?post=4675"}],"curies":[{"name":"wp","href":"https:\/\/api.w.org\/{rel}","templated":true}]}}