{"id":4686,"date":"2024-01-22T12:43:49","date_gmt":"2024-01-22T16:43:49","guid":{"rendered":"https:\/\/www.confederaciondelcobre.cl\/?p=4686"},"modified":"2024-01-22T12:44:31","modified_gmt":"2024-01-22T16:44:31","slug":"documental-sindicato-tramsalpo-estreno-forjadores-el-oro-rojo-de-atacama","status":"publish","type":"post","link":"https:\/\/www.confederaciondelcobre.cl\/index.php\/2024\/01\/22\/documental-sindicato-tramsalpo-estreno-forjadores-el-oro-rojo-de-atacama\/","title":{"rendered":"[Documental] Sindicato Tramsalpo estren\u00f3 &#8220;Forjadores, el oro rojo de Atacama&#8221;."},"content":{"rendered":"\n<p>Los d\u00edas 11 y 12 de enero del presente, el Sindicato Interempresa Trabajadores Multiservicios Salvador Potrerillos (TRAMSALPO) hizo estreno oficial del documental <strong><em>&#8220;Forjadores, el oro rojo de Atacama&#8221;<\/em><\/strong>. El documental, cuya muestra tuvo lugar primero en la sede de la CTC en El Salvador, y posteriormente en la Estaci\u00f3n Cultural Pueblo Hundido de Diego de Almagro, aborda la historia del movimiento obrero de la regi\u00f3n, particularmente de las y los trabajadores del cobre en los campamentos de Potrerillos, Llanta y El Salvador, y hace un recorrido de su persistente lucha poniendo \u00e9nfasis en tres per\u00edodos o acontecimientos, que son la matanza o masacre de trabajadores en 1966, la dictadura civil-militar y la huelga contratista del cobre en 2015.<\/p>\n\n\n\n<p class=\"has-medium-font-size\"><strong>Un documental sobre la lucha obrera.<\/strong><\/p>\n\n\n\n<p><em style=\"font-weight: bold;\">&#8220;Forjadores, el oro rojo de Atacama&#8221;<\/em> es un documental que, mediante un relato conductor, incluye testimonios de personas que son o fueron habitantes de la zona, pero adem\u00e1s testigos de las \u00e9pocas o acontecimientos abordados. Es as\u00ed como destacan vivencias de infancia, por ejemplo en relaci\u00f3n a c\u00f3mo era la vida y sus condiciones en el campamento-fundici\u00f3n Potrerillos; como tambi\u00e9n en torno a la masacre obrera de 1966 en El Salvador. A lo anterior, y continuando con la historia, se suma el per\u00edodo de la dictadura civil-militar, &#8216;<em>el per\u00edodo m\u00e1s negro de Chile<\/em>&#8216;, para despu\u00e9s transitar por los a\u00f1os de democracia hasta el 2015, a\u00f1o de una gran huelga contratista liderada por la Confederaci\u00f3n de Trabajadores del Cobre, y que tuvo, nuevamente para las y los trabajadores, una fatal respuesta por parte del Estado.<\/p>\n\n\n\n<p><strong>Para Daniel C\u00e1ceres Garc\u00eda<\/strong>, Presidente del Sindicato Interempresa Trabajadores Multiservicios Salvador Potrerillos (TRAMSALPO), y Director Nacional de la Confederaci\u00f3n de Trabajadores del Cobre (CTC), el documental destaca dos aspectos importantes de la historia de las y los trabajadores organizados en Chile: en primer lugar, &#8220;la capacidad de organizaci\u00f3n y lucha de los trabajadores&#8221;, en donde &#8220;a pesar de las adversidades, han sido capaces de organizarse en sindicatos y luchar por mejores condiciones laborales. Estas luchas \u2014indica Daniel C\u00e1ceres\u2014 han tenido un impacto significativo en la sociedad chilena, contribuyendo as\u00ed a la mejora de los derechos laborales de todos los trabajadores&#8221;. Pero tambi\u00e9n, el Presidente del Sindicato TRAMSALPO, destac\u00f3 la resistencia de las y los trabajadores ante la represi\u00f3n, se\u00f1alando que &#8220;los trabajadores han sido capaces de resistir a la represi\u00f3n de los gobiernos y las empresas. En varias ocasiones \u2014contin\u00faa el Director Nacional de la CTC\u2014los trabajadores han sido golpeados, reprimidos, perseguidos e incluso asesinados por defender sus derechos. Sin embargo, a pesar de la violencia,  han seguido organiz\u00e1ndose y luchando por sus derechos.&#8221;<\/p>\n\n\n\n<p>Para finalizar, Daniel C\u00e1ceres, afirma que &#8220;Forjadores es un documental importante que muestra la historia de lucha de los trabajadores organizados en Chile. Este documental es un testimonio de la capacidad de los trabajadores para organizarse y luchar por sus derechos, a pesar de las adversidades.&#8221;<\/p>\n\n\n\n<blockquote class=\"wp-block-quote is-layout-flow wp-block-quote-is-layout-flow\">\n<p>&#8220;El Ciclo Documental Forjadores, el Oro Rojo de Atacama, es un significativo trabajo audiovisual, profundo, intenso, simb\u00f3lico y po\u00e9tico, que sin duda nos conmueve y nos introduce a revivir parte de la historia del norte y la lucha incesante de sus trabajadores y su gente a trav\u00e9s de los a\u00f1os siendo protagonistas de los procesos econ\u00f3micos, pol\u00edticos y sociales vividos como pa\u00eds.<\/p>\n\n\n\n<p><\/p>\n\n\n\n<p>Valoro profundamente esta obra, no tan s\u00f3lo por su calidad art\u00edstica y simb\u00f3lica, sino tambi\u00e9n porque nace de la mirada y compromiso de los dirigentes sindicales Daniel y Carolina y un gran equipo de colaboradores, que demuestra que no s\u00f3lo representan y defienden los derechos laborales y sociales de los trabajadores y sus familias, sino tambi\u00e9n tienen un compromiso superior con la historia, la memoria y el patrimonio local vinculado con el territorio y sus comunidades.&#8221;<\/p>\n<cite>&#8211; Alejandra Araya Hern\u00e1ndez, Gestora Cultural Territorial, Directora Galer\u00eda Chile Arte, Corporaci\u00f3n Cultural&nbsp;Altagracia.<\/cite><\/blockquote>\n\n\n\n<p style=\"font-size:20px\">Si bien <strong>&#8220;Forjadores, el oro rojo de Atacama&#8221;<\/strong> ya se encuentra disponible en el canal de YouTube del Sindicato TRAMSALPO, y para verlo puedes <a href=\"https:\/\/youtu.be\/BDRwQ96LYE8?si=UJ0MB0m906pdWoMe\" target=\"_blank\" rel=\"noreferrer noopener\">hacer click aqu\u00ed<\/a>, tambi\u00e9n podr\u00e1s verlo en el Cine Inca de El Salvador. La fecha exacta a\u00fan est\u00e1 por confirmar, pero todo indica que ser\u00e1 durante el mes de marzo de 2024.<\/p>\n\n\n\n<pre class=\"wp-block-verse\">\u201cRecuperando la memoria hist\u00f3rica de los trabajadores de la miner\u00eda de la Regi\u00f3n de Atacama\u201d es un proyecto financiado con el concurso FNDR 8% de Cultura del a\u00f1o 2023 del Gobierno Regional de Atacama, aprobado por el Consejo Regional y ejecutado por el Sindicato Interempresa Trabajadores Multiservicios Salvador Potrerillos (TRAMSALPO). Dicho proyecto, junto con la realizaci\u00f3n del mencionado documental, implic\u00f3 tambi\u00e9n el desarrollo de conversatorios con la comunidad.<\/pre>\n","protected":false},"excerpt":{"rendered":"<p>Los d\u00edas 11 y 12 de enero del presente, el Sindicato Interempresa Trabajadores Multiservicios Salvador Potrerillos (TRAMSALPO) hizo estreno oficial del documental &#8220;Forjadores, el oro rojo de Atacama&#8221;. El documental, &hellip; <\/p>\n","protected":false},"author":2,"featured_media":4688,"comment_status":"closed","ping_status":"closed","sticky":false,"template":"","format":"standard","meta":{"jetpack_post_was_ever_published":false,"_jetpack_newsletter_access":"","_jetpack_dont_email_post_to_subs":false,"_jetpack_newsletter_tier_id":0,"_jetpack_memberships_contains_paywalled_content":false,"_jetpack_memberships_contains_paid_content":false,"footnotes":"","jetpack_publicize_message":"","jetpack_publicize_feature_enabled":false,"jetpack_social_post_already_shared":true,"jetpack_social_options":{"image_generator_settings":{"template":"highway","default_image_id":0,"enabled":false},"version":2}},"categories":[9,21,28,39,19],"tags":[],"class_list":["post-4686","post","type-post","status-publish","format-standard","has-post-thumbnail","hentry","category-confederacion","category-federaciones","category-fesal","category-sindicatos","category-trabajadores"],"jetpack_publicize_connections":[],"jetpack_featured_media_url":"https:\/\/www.confederaciondelcobre.cl\/wp-content\/uploads\/2024\/01\/Port-2.jpg","jetpack_sharing_enabled":true,"post_mailing_queue_ids":[],"_links":{"self":[{"href":"https:\/\/www.confederaciondelcobre.cl\/index.php\/wp-json\/wp\/v2\/posts\/4686","targetHints":{"allow":["GET"]}}],"collection":[{"href":"https:\/\/www.confederaciondelcobre.cl\/index.php\/wp-json\/wp\/v2\/posts"}],"about":[{"href":"https:\/\/www.confederaciondelcobre.cl\/index.php\/wp-json\/wp\/v2\/types\/post"}],"author":[{"embeddable":true,"href":"https:\/\/www.confederaciondelcobre.cl\/index.php\/wp-json\/wp\/v2\/users\/2"}],"replies":[{"embeddable":true,"href":"https:\/\/www.confederaciondelcobre.cl\/index.php\/wp-json\/wp\/v2\/comments?post=4686"}],"version-history":[{"count":15,"href":"https:\/\/www.confederaciondelcobre.cl\/index.php\/wp-json\/wp\/v2\/posts\/4686\/revisions"}],"predecessor-version":[{"id":4704,"href":"https:\/\/www.confederaciondelcobre.cl\/index.php\/wp-json\/wp\/v2\/posts\/4686\/revisions\/4704"}],"wp:featuredmedia":[{"embeddable":true,"href":"https:\/\/www.confederaciondelcobre.cl\/index.php\/wp-json\/wp\/v2\/media\/4688"}],"wp:attachment":[{"href":"https:\/\/www.confederaciondelcobre.cl\/index.php\/wp-json\/wp\/v2\/media?parent=4686"}],"wp:term":[{"taxonomy":"category","embeddable":true,"href":"https:\/\/www.confederaciondelcobre.cl\/index.php\/wp-json\/wp\/v2\/categories?post=4686"},{"taxonomy":"post_tag","embeddable":true,"href":"https:\/\/www.confederaciondelcobre.cl\/index.php\/wp-json\/wp\/v2\/tags?post=4686"}],"curies":[{"name":"wp","href":"https:\/\/api.w.org\/{rel}","templated":true}]}}