{"id":4716,"date":"2024-01-26T12:01:09","date_gmt":"2024-01-26T16:01:09","guid":{"rendered":"https:\/\/www.confederaciondelcobre.cl\/?p=4716"},"modified":"2024-01-26T12:01:25","modified_gmt":"2024-01-26T16:01:25","slug":"importantes-avances-y-conquistas-del-sindicato-cobra-en-su-mas-reciente-negociacion-colectiva","status":"publish","type":"post","link":"https:\/\/www.confederaciondelcobre.cl\/index.php\/2024\/01\/26\/importantes-avances-y-conquistas-del-sindicato-cobra-en-su-mas-reciente-negociacion-colectiva\/","title":{"rendered":"Importantes avances y conquistas del Sindicato Cobra en su m\u00e1s reciente Negociaci\u00f3n Colectiva."},"content":{"rendered":"\n<p>El 14 de enero del presente, y luego de intensas tratativas entre las partes, el Sindicato Empresa Tecnolog\u00edas Cobra N\u00ba2 y la Empresa Tecnolog\u00edas Cobra Ltda. finalmente llegaron a un acuerdo que puso t\u00e9rmino a su m\u00e1s reciente Negociaci\u00f3n Colectiva. Dicho acuerdo, cabe se\u00f1alar, se dio durante el per\u00edodo de <em>\u2018mediaci\u00f3n obligatoria\u2019<\/em> y cuando la huelga \u2014votada y aprobada previamente por los socios del sindicato\u2014 ya se hac\u00eda inminente.<\/p>\n\n\n\n<p>Es de tal manera, entonces, y con la Inspecci\u00f3n del Trabajo actuando como mediadora entre el Sindicato y Empresa, que <strong>el Contrato Colectivo, cuya vigencia ser\u00e1 de 36 meses, termin\u00f3 cerr\u00e1ndose con importantes avances y derechos en beneficio de los trabajadores, como por ejemplo: incremento y reajuste salarial, gratificaci\u00f3n mensual, bonos y asignaciones varias, seguros, indemnizaciones, cl\u00e1usulas de cierre y titularidad sindical, entre otras<\/strong>. Sobre la titularidad sindical, cabe subrayar, esta implica que <strong>los derechos y beneficios conquistados aplicar\u00e1n solo a los actuales y futuros socios del sindicato<\/strong>. Esto, por cierto, es un reconocimiento a quienes en unidad, conciencia, organizados y en disposici\u00f3n de lucha han conseguido las mencionadas mejoras. Lo que sin duda, adem\u00e1s, fortalecer\u00e1 a la organizaci\u00f3n sindical.<\/p>\n\n\n\n<p>Desde la Confederaci\u00f3n de Trabajadores del Cobre (CTC), saludamos y felicitamos a los socios y dirigentes del Sindicato Empresa Tecnolog\u00edas Cobra N\u00ba2. Saludamos la unidad y cohesi\u00f3n por ellos demostrada, a la vez que ponemos en relieve los importantes avances conseguidos en esta negociaci\u00f3n. Felicitamos especialmente la conquista en torno a la titularidad sindical, que es un importante logro y reconocimiento -como se\u00f1alamos anteriormente- a la conciencia y esfuerzo de quienes organizados han conseguido avanzar en derechos, beneficios y mejoras laborales.<\/p>\n\n\n\n<pre class=\"wp-block-verse\">El Sindicato Empresa Tecnolog\u00edas Cobra N\u00ba2 est\u00e1 afiliado a la CTC, y es dirigido por Pedro Jara Vinet, Presidente; Cristian Aran\u00edbar Lizama, Secretario; y Ren\u00e9 Arn\u00e9s Z\u00e1rate, Tesorero. Los trabajadores, socios del sindicato, se desempe\u00f1an principalmente en labores de mantenci\u00f3n para BHP - Minera Escondida (Regi\u00f3n de Antofagasta, Chile).<\/pre>\n","protected":false},"excerpt":{"rendered":"<p>El 14 de enero del presente, y luego de intensas tratativas entre las partes, el Sindicato Empresa Tecnolog\u00edas Cobra N\u00ba2 y la Empresa Tecnolog\u00edas Cobra Ltda. finalmente llegaron a un &hellip; <\/p>\n","protected":false},"author":2,"featured_media":4717,"comment_status":"closed","ping_status":"closed","sticky":false,"template":"","format":"standard","meta":{"jetpack_post_was_ever_published":false,"_jetpack_newsletter_access":"","_jetpack_dont_email_post_to_subs":false,"_jetpack_newsletter_tier_id":0,"_jetpack_memberships_contains_paywalled_content":false,"_jetpack_memberships_contains_paid_content":false,"footnotes":"","jetpack_publicize_message":"","jetpack_publicize_feature_enabled":false,"jetpack_social_post_already_shared":true,"jetpack_social_options":{"image_generator_settings":{"template":"highway","default_image_id":0,"enabled":false},"version":2}},"categories":[9,20,39,19],"tags":[],"class_list":["post-4716","post","type-post","status-publish","format-standard","has-post-thumbnail","hentry","category-confederacion","category-negociacion-colectiva","category-sindicatos","category-trabajadores"],"jetpack_publicize_connections":[],"jetpack_featured_media_url":"https:\/\/www.confederaciondelcobre.cl\/wp-content\/uploads\/2024\/01\/Port-4.jpg","jetpack_sharing_enabled":true,"post_mailing_queue_ids":[],"_links":{"self":[{"href":"https:\/\/www.confederaciondelcobre.cl\/index.php\/wp-json\/wp\/v2\/posts\/4716","targetHints":{"allow":["GET"]}}],"collection":[{"href":"https:\/\/www.confederaciondelcobre.cl\/index.php\/wp-json\/wp\/v2\/posts"}],"about":[{"href":"https:\/\/www.confederaciondelcobre.cl\/index.php\/wp-json\/wp\/v2\/types\/post"}],"author":[{"embeddable":true,"href":"https:\/\/www.confederaciondelcobre.cl\/index.php\/wp-json\/wp\/v2\/users\/2"}],"replies":[{"embeddable":true,"href":"https:\/\/www.confederaciondelcobre.cl\/index.php\/wp-json\/wp\/v2\/comments?post=4716"}],"version-history":[{"count":2,"href":"https:\/\/www.confederaciondelcobre.cl\/index.php\/wp-json\/wp\/v2\/posts\/4716\/revisions"}],"predecessor-version":[{"id":4719,"href":"https:\/\/www.confederaciondelcobre.cl\/index.php\/wp-json\/wp\/v2\/posts\/4716\/revisions\/4719"}],"wp:featuredmedia":[{"embeddable":true,"href":"https:\/\/www.confederaciondelcobre.cl\/index.php\/wp-json\/wp\/v2\/media\/4717"}],"wp:attachment":[{"href":"https:\/\/www.confederaciondelcobre.cl\/index.php\/wp-json\/wp\/v2\/media?parent=4716"}],"wp:term":[{"taxonomy":"category","embeddable":true,"href":"https:\/\/www.confederaciondelcobre.cl\/index.php\/wp-json\/wp\/v2\/categories?post=4716"},{"taxonomy":"post_tag","embeddable":true,"href":"https:\/\/www.confederaciondelcobre.cl\/index.php\/wp-json\/wp\/v2\/tags?post=4716"}],"curies":[{"name":"wp","href":"https:\/\/api.w.org\/{rel}","templated":true}]}}