{"id":4738,"date":"2024-01-31T15:34:44","date_gmt":"2024-01-31T19:34:44","guid":{"rendered":"https:\/\/www.confederaciondelcobre.cl\/?p=4738"},"modified":"2024-01-31T15:34:49","modified_gmt":"2024-01-31T19:34:49","slug":"negociacion-colectiva-sindicato-nexxo-rechaza-ultima-oferta-de-la-empresa-y-se-prepara-para-la-huelga","status":"publish","type":"post","link":"https:\/\/www.confederaciondelcobre.cl\/index.php\/2024\/01\/31\/negociacion-colectiva-sindicato-nexxo-rechaza-ultima-oferta-de-la-empresa-y-se-prepara-para-la-huelga\/","title":{"rendered":"Negociaci\u00f3n Colectiva: Sindicato Nexxo rechaza \u00faltima oferta de la empresa y se prepara para la huelga."},"content":{"rendered":"\n<p>El d\u00eda de ayer, martes 30 de enero del presente, el Sindicato de Establecimiento Nexxo Divisi\u00f3n El Salvador culmin\u00f3 el proceso de votaci\u00f3n en torno a la \u00faltima oferta presentada por la empresa. Esto en el marco de su <a href=\"https:\/\/www.confederaciondelcobre.cl\/index.php\/2023\/12\/21\/sindicato-de-establecimiento-nexxo-division-el-salvador-presenta-su-primer-proyecto-de-negociacion-colectiva\/\" target=\"_blank\" rel=\"noreferrer noopener\">primera negociaci\u00f3n colectiva<\/a>, proceso legal y reglado durante el cual los socios del sindicato demandan fundamentalmente el aumento de salarios, la mejora y ampliaci\u00f3n de bonos y beneficios, como tambi\u00e9n avanzar en el mejoramiento de sus condiciones laborales, principalmente en lo que a salud y seguridad en el trabajo se refiere. Dicha votaci\u00f3n, cabe se\u00f1alar, arroj\u00f3 un contundente rechazo por parte de los socios a la \u00faltima oferta de la empresa, lo que se traduce \u2014y con la misma contundencia\u2014 en la firme decisi\u00f3n de ir a la huelga.<\/p>\n\n\n\n<p>Desde el sindicato se indica que en el progreso de las mesas de negociaci\u00f3n, y a partir de la consolidaci\u00f3n de la organizaci\u00f3n de sus asociados, poco a poco se ha ido avanzando en t\u00e9rminos de beneficios sociales y bonificaciones. Dichos avances \u2014se\u00f1alan\u2014, si bien van en la l\u00ednea de un merecido reconocimiento a los trabajadores, deben tambi\u00e9n reflejar la justa y necesaria valoraci\u00f3n en torno a su contribuci\u00f3n a los procesos y cadena productiva, algo en lo que, insisten desde el sindicato, la empresa todav\u00eda est\u00e1 al debe. <\/p>\n\n\n\n<p>Es por lo anterior, entonces, y debido a la a\u00fan insuficiente \u00faltima oferta de la empresa, que los trabajadores del Sindicato de Establecimiento Nexxo Divisi\u00f3n El Salvador han resuelto ir a la huelga, que se har\u00e1 efectiva en cosa de solo unos d\u00edas.<\/p>\n\n\n\n<pre class=\"wp-block-verse\">El Sindicato de Establecimiento Nexxo Divisi\u00f3n El Salvador est\u00e1 afiliado a la Federaci\u00f3n de Sindicatos El Salvador (FESAL, que es federaci\u00f3n de la CTC en la regi\u00f3n de Atacama), y es dirigido por Teodoro Torres, Presidente; Leonardo Gutierrez, Secretario; y Blas Arias. Tesorero.<\/pre>\n","protected":false},"excerpt":{"rendered":"<p>El d\u00eda de ayer, martes 30 de enero del presente, el Sindicato de Establecimiento Nexxo Divisi\u00f3n El Salvador culmin\u00f3 el proceso de votaci\u00f3n en torno a la \u00faltima oferta presentada &hellip; <\/p>\n","protected":false},"author":2,"featured_media":4741,"comment_status":"closed","ping_status":"closed","sticky":false,"template":"","format":"standard","meta":{"jetpack_post_was_ever_published":false,"_jetpack_newsletter_access":"","_jetpack_dont_email_post_to_subs":false,"_jetpack_newsletter_tier_id":0,"_jetpack_memberships_contains_paywalled_content":false,"_jetpack_memberships_contains_paid_content":false,"footnotes":"","jetpack_publicize_message":"","jetpack_publicize_feature_enabled":false,"jetpack_social_post_already_shared":true,"jetpack_social_options":{"image_generator_settings":{"template":"highway","default_image_id":0,"enabled":false},"version":2}},"categories":[9,21,28,20,39,19],"tags":[],"class_list":["post-4738","post","type-post","status-publish","format-standard","has-post-thumbnail","hentry","category-confederacion","category-federaciones","category-fesal","category-negociacion-colectiva","category-sindicatos","category-trabajadores"],"jetpack_publicize_connections":[],"jetpack_featured_media_url":"https:\/\/www.confederaciondelcobre.cl\/wp-content\/uploads\/2024\/01\/port-6.jpg","jetpack_sharing_enabled":true,"post_mailing_queue_ids":[],"_links":{"self":[{"href":"https:\/\/www.confederaciondelcobre.cl\/index.php\/wp-json\/wp\/v2\/posts\/4738","targetHints":{"allow":["GET"]}}],"collection":[{"href":"https:\/\/www.confederaciondelcobre.cl\/index.php\/wp-json\/wp\/v2\/posts"}],"about":[{"href":"https:\/\/www.confederaciondelcobre.cl\/index.php\/wp-json\/wp\/v2\/types\/post"}],"author":[{"embeddable":true,"href":"https:\/\/www.confederaciondelcobre.cl\/index.php\/wp-json\/wp\/v2\/users\/2"}],"replies":[{"embeddable":true,"href":"https:\/\/www.confederaciondelcobre.cl\/index.php\/wp-json\/wp\/v2\/comments?post=4738"}],"version-history":[{"count":4,"href":"https:\/\/www.confederaciondelcobre.cl\/index.php\/wp-json\/wp\/v2\/posts\/4738\/revisions"}],"predecessor-version":[{"id":4743,"href":"https:\/\/www.confederaciondelcobre.cl\/index.php\/wp-json\/wp\/v2\/posts\/4738\/revisions\/4743"}],"wp:featuredmedia":[{"embeddable":true,"href":"https:\/\/www.confederaciondelcobre.cl\/index.php\/wp-json\/wp\/v2\/media\/4741"}],"wp:attachment":[{"href":"https:\/\/www.confederaciondelcobre.cl\/index.php\/wp-json\/wp\/v2\/media?parent=4738"}],"wp:term":[{"taxonomy":"category","embeddable":true,"href":"https:\/\/www.confederaciondelcobre.cl\/index.php\/wp-json\/wp\/v2\/categories?post=4738"},{"taxonomy":"post_tag","embeddable":true,"href":"https:\/\/www.confederaciondelcobre.cl\/index.php\/wp-json\/wp\/v2\/tags?post=4738"}],"curies":[{"name":"wp","href":"https:\/\/api.w.org\/{rel}","templated":true}]}}