{"id":4749,"date":"2024-02-16T12:00:00","date_gmt":"2024-02-16T16:00:00","guid":{"rendered":"https:\/\/www.confederaciondelcobre.cl\/?p=4749"},"modified":"2024-03-04T09:48:59","modified_gmt":"2024-03-04T13:48:59","slug":"comunicadoctc-declaracion-sobre-fallecimiento-de-expresidente-pinera","status":"publish","type":"post","link":"https:\/\/www.confederaciondelcobre.cl\/index.php\/2024\/02\/16\/comunicadoctc-declaracion-sobre-fallecimiento-de-expresidente-pinera\/","title":{"rendered":"#ComunicadoCTC | Declaraci\u00f3n sobre fallecimiento de expresidente Pi\u00f1era."},"content":{"rendered":"\n<p>DECLARACI\u00d3N P\u00daBLICA:<\/p>\n\n\n\n<p>La Confederaci\u00f3n de Trabajadores del Cobre, organizaci\u00f3n nacional de las y los trabajadores subcontratados de la Gran Miner\u00eda del cobre, lamenta la tr\u00e1gica muerte del ex Presidente Sebasti\u00e1n Pi\u00f1era en el fatal accidente a\u00e9reo ocurrido hace algunos d\u00edas, y, si bien mantuvimos <a><\/a>una postura cr\u00edtica frente a su gobierno en sus dos per\u00edodos, eso no obsta para expresar y hacer llegar nuestras sinceras condolencias a la familia Pi\u00f1era Morel.<\/p>\n\n\n\n<p>Sin embargo, no podemos permanecer imp\u00e1vidos frente a la arremetida oportunista en que la derecha pol\u00edtica, representante de la oligarqu\u00eda m\u00e1s retr\u00f3grada y reaccionaria del pa\u00eds, se ha empe\u00f1ado para blanquear la imagen de un Presidente que, independiente del hecho de haber sido dos veces electo democr\u00e1ticamente, y aparte de haber desarrollado una carrera empresarial que, mediante subterfugios, vac\u00edos legales e informaci\u00f3n privilegiada, logr\u00f3 acumular una de las mayores fortunas del pa\u00eds y del mundo, fue responsable pol\u00edtico y administrativo por las numerosas violaciones a los Derechos Humanos que ocasion\u00f3 la brutal represi\u00f3n policial y militar durante el estallido social de octubre de 2019 y meses posteriores.<\/p>\n\n\n\n<p>Respecto a las expresiones del Presidente Gabriel Boric en el marco del funeral de Estado del ex Presidente, comprendemos su intenci\u00f3n de ser emp\u00e1tico con la familia, pero creemos que se excedi\u00f3 en sus elogios al ex mandatario al decir que \u201c\u2026durante su gobierno, las querellas y recriminaciones fueron, en ocasiones, m\u00e1s all\u00e1 de lo justo y razonable\u201d, y que \u201cactu\u00f3 siempre bajo los mecanismos de la democracia y la Constituci\u00f3n\u201d. Creemos que ninguna de esas afirmaciones refleja la realidad que chilenos y chilenas, trabajadores y estudiantes, vivimos durante los gobiernos del se\u00f1or Pi\u00f1era. De ello pueden dar cuenta los m\u00e1s de 8.000 lesionados por balines de Carabineros durante el estallido social, entre ellos muertos, heridos, m\u00e1s de 400 con da\u00f1o ocular parcial y en dos casos con p\u00e9rdida total de ojos.<\/p>\n\n\n\n<p>Los trabajadores y trabajadoras organizadas de Chile hemos alzado insistentemente la bandera del \u201cNunca M\u00e1s\u201d, para que no se repita jam\u00e1s la masacre perpetrada por las Fuerzas Armadas de Chile contra su propio pueblo. No queremos m\u00e1s violencia de Estado, no queremos m\u00e1s represi\u00f3n contra el leg\u00edtimo derecho a luchar por dignidad y justicia social, y, por lo mismo, rechazamos toda forma de negacionismo, toda forma de relativizaci\u00f3n y toda forma de impunidad.<\/p>\n\n\n\n<p class=\"has-text-align-center\">CONFEDERACI\u00d3N DE TRABAJADORES DEL COBRE<\/p>\n\n\n\n<p class=\"has-text-align-right\">Chile, febrero de 2024.<\/p>\n\n\n\n<figure class=\"wp-block-image size-large\"><img loading=\"lazy\" decoding=\"async\" width=\"622\" height=\"1024\" src=\"https:\/\/www.confederaciondelcobre.cl\/wp-content\/uploads\/2024\/03\/Declaracion-sobre-fallecimiento-de-Pinera-622x1024.jpg\" alt=\"\" class=\"wp-image-4750\" srcset=\"https:\/\/www.confederaciondelcobre.cl\/wp-content\/uploads\/2024\/03\/Declaracion-sobre-fallecimiento-de-Pinera-622x1024.jpg 622w, https:\/\/www.confederaciondelcobre.cl\/wp-content\/uploads\/2024\/03\/Declaracion-sobre-fallecimiento-de-Pinera-182x300.jpg 182w, https:\/\/www.confederaciondelcobre.cl\/wp-content\/uploads\/2024\/03\/Declaracion-sobre-fallecimiento-de-Pinera-768x1264.jpg 768w, https:\/\/www.confederaciondelcobre.cl\/wp-content\/uploads\/2024\/03\/Declaracion-sobre-fallecimiento-de-Pinera-933x1536.jpg 933w, https:\/\/www.confederaciondelcobre.cl\/wp-content\/uploads\/2024\/03\/Declaracion-sobre-fallecimiento-de-Pinera.jpg 1244w\" sizes=\"auto, (max-width: 622px) 100vw, 622px\" \/><\/figure>\n","protected":false},"excerpt":{"rendered":"<p>DECLARACI\u00d3N P\u00daBLICA: La Confederaci\u00f3n de Trabajadores del Cobre, organizaci\u00f3n nacional de las y los trabajadores subcontratados de la Gran Miner\u00eda del cobre, lamenta la tr\u00e1gica muerte del ex Presidente Sebasti\u00e1n &hellip; <\/p>\n","protected":false},"author":2,"featured_media":4752,"comment_status":"closed","ping_status":"closed","sticky":false,"template":"","format":"standard","meta":{"jetpack_post_was_ever_published":false,"_jetpack_newsletter_access":"","_jetpack_dont_email_post_to_subs":false,"_jetpack_newsletter_tier_id":0,"_jetpack_memberships_contains_paywalled_content":false,"_jetpack_memberships_contains_paid_content":false,"footnotes":"","jetpack_publicize_message":"","jetpack_publicize_feature_enabled":false,"jetpack_social_post_already_shared":true,"jetpack_social_options":{"image_generator_settings":{"template":"highway","default_image_id":0,"enabled":false},"version":2}},"categories":[8,9,15],"tags":[],"class_list":["post-4749","post","type-post","status-publish","format-standard","has-post-thumbnail","hentry","category-comunicado","category-confederacion","category-nacional"],"jetpack_publicize_connections":[],"jetpack_featured_media_url":"https:\/\/www.confederaciondelcobre.cl\/wp-content\/uploads\/2024\/03\/Port.jpg","jetpack_sharing_enabled":true,"post_mailing_queue_ids":[],"_links":{"self":[{"href":"https:\/\/www.confederaciondelcobre.cl\/index.php\/wp-json\/wp\/v2\/posts\/4749","targetHints":{"allow":["GET"]}}],"collection":[{"href":"https:\/\/www.confederaciondelcobre.cl\/index.php\/wp-json\/wp\/v2\/posts"}],"about":[{"href":"https:\/\/www.confederaciondelcobre.cl\/index.php\/wp-json\/wp\/v2\/types\/post"}],"author":[{"embeddable":true,"href":"https:\/\/www.confederaciondelcobre.cl\/index.php\/wp-json\/wp\/v2\/users\/2"}],"replies":[{"embeddable":true,"href":"https:\/\/www.confederaciondelcobre.cl\/index.php\/wp-json\/wp\/v2\/comments?post=4749"}],"version-history":[{"count":2,"href":"https:\/\/www.confederaciondelcobre.cl\/index.php\/wp-json\/wp\/v2\/posts\/4749\/revisions"}],"predecessor-version":[{"id":4753,"href":"https:\/\/www.confederaciondelcobre.cl\/index.php\/wp-json\/wp\/v2\/posts\/4749\/revisions\/4753"}],"wp:featuredmedia":[{"embeddable":true,"href":"https:\/\/www.confederaciondelcobre.cl\/index.php\/wp-json\/wp\/v2\/media\/4752"}],"wp:attachment":[{"href":"https:\/\/www.confederaciondelcobre.cl\/index.php\/wp-json\/wp\/v2\/media?parent=4749"}],"wp:term":[{"taxonomy":"category","embeddable":true,"href":"https:\/\/www.confederaciondelcobre.cl\/index.php\/wp-json\/wp\/v2\/categories?post=4749"},{"taxonomy":"post_tag","embeddable":true,"href":"https:\/\/www.confederaciondelcobre.cl\/index.php\/wp-json\/wp\/v2\/tags?post=4749"}],"curies":[{"name":"wp","href":"https:\/\/api.w.org\/{rel}","templated":true}]}}