{"id":4760,"date":"2024-03-07T12:00:03","date_gmt":"2024-03-07T16:00:03","guid":{"rendered":"https:\/\/www.confederaciondelcobre.cl\/?p=4760"},"modified":"2024-03-07T12:00:08","modified_gmt":"2024-03-07T16:00:08","slug":"incremento-salarial-y-titularidad-sindical-entre-otras-fueron-las-importantes-conquistas-del-sindicato-nexxo-en-su-primera-negociacion-colectiva","status":"publish","type":"post","link":"https:\/\/www.confederaciondelcobre.cl\/index.php\/2024\/03\/07\/incremento-salarial-y-titularidad-sindical-entre-otras-fueron-las-importantes-conquistas-del-sindicato-nexxo-en-su-primera-negociacion-colectiva\/","title":{"rendered":"Incremento salarial y titularidad sindical, entre otras, fueron las importantes conquistas del Sindicato Nexxo en su primera Negociaci\u00f3n Colectiva."},"content":{"rendered":"\n<p>El lunes 12 de febrero del presente, y cuando la huelga ya se hac\u00eda inminente, el Sindicato de Establecimiento Nexxo Divisi\u00f3n El Salvador y empresa finalmente arribaron a un acuerdo que puso exitoso t\u00e9rmino a lo que fue su primer proceso de Negociaci\u00f3n Colectiva.<\/p>\n\n\n\n<p>El contrato colectivo, suscrito entre el Sindicato y empresa, <strong>regir\u00e1 por los siguientes 36 meses y contempla aumento salarial, beneficios sociales, asignaciones por fallecimiento, permisos con goce de sueldo, el no descuento (en el finiquito) del seguro de cesant\u00eda, apoyos en educaci\u00f3n y &#8220;titularidad sindical&#8221;<\/strong>, entre otros. En cuanto a la titularidad sindical, cabe se\u00f1alar, esta implica que&nbsp;<strong>los derechos y beneficios conquistados aplicar\u00e1n solo a los actuales y futuros socios del sindicato<\/strong>, significando ello un importante avance por cuanto a que se trata de un reconocimiento a quienes en unidad, en torno al sindicato,  han conseguido las mencionadas mejoras y avances. Esto, sin duda, fortalecer\u00e1 a\u00fan m\u00e1s a la propia organizaci\u00f3n sindical.<\/p>\n\n\n\n<p>Sobre este proceso, que fue su primera negociaci\u00f3n colectiva, desde el Sindicato de Establecimiento Nexxo Divisi\u00f3n El Salvador rescatan la cohesi\u00f3n y claridad de los socios, para avanzar en beneficios y dignidad laboral. Destacan, adem\u00e1s, el constante trabajo y reuniones sindicales a fin de ir informando sobre el estado de las negociaciones y sus avances. Tambi\u00e9n, con este proceso de negociaci\u00f3n, se\u00f1alan que la valoraci\u00f3n a la labor de aseo industrial que realizan los trabajadores socios del sindicato se vio fortalecida, pues, como es sabido, se trata una labor fundamental en el proceso productivo de la miner\u00eda.<\/p>\n\n\n\n<p>Desde el Sindicato se\u00f1alaron, adem\u00e1s, sentirse orgullosos de ser parte de la federaci\u00f3n (FESAL) y por ende de la Confederaci\u00f3n (CTC), a\u00f1adiendo que el respaldo y experiencia de la organizaci\u00f3n superior, que se caracteriza por buscar no solo reivindicaciones econ\u00f3micas o salariales, sino que tambi\u00e9n busca avanzar en derechos y beneficios para las y los trabajadores m\u00e1s precarizados con el sistema de subcontrataci\u00f3n laboral en la miner\u00eda nacional del cobre, fue fundamental en el desarrollo y resultados de esta negociaci\u00f3n.<\/p>\n\n\n\n<p>Desde la Confederaci\u00f3n de Trabajadores del Cobre (CTC), saludamos y felicitamos a los trabajadores socios del Sindicato de Establecimiento Nexxo Divisi\u00f3n el Salvador. Esta, que ha sido su primera negociaci\u00f3n colectiva, y que junto con ser un importante hito, marcar\u00e1 un ejemplar precedente hacia el futuro, donde la unidad, conciencia, organizaci\u00f3n y disposici\u00f3n de lucha en torno al sindicato queda se\u00f1alado como el camino a seguir. Lo anterior, por cierto, con el horizonte siempre puesto en mejores condiciones laborales y de vida. En definitiva por mayor dignidad para las y los trabajadores.<\/p>\n\n\n\n<pre class=\"wp-block-verse\">El Sindicato de Establecimiento Nexxo Divisi\u00f3n El Salvador est\u00e1 afiliado a la Federaci\u00f3n de Sindicatos El Salvador (FESAL, que es federaci\u00f3n de la CTC en la regi\u00f3n de Atacama), y es dirigido por Teodoro Torres, Presidente; Leonardo Gutierrez, Secretario; y Blas Arias, Tesorero.<\/pre>\n\n\n\n<p><\/p>\n","protected":false},"excerpt":{"rendered":"<p>El lunes 12 de febrero del presente, y cuando la huelga ya se hac\u00eda inminente, el Sindicato de Establecimiento Nexxo Divisi\u00f3n El Salvador y empresa finalmente arribaron a un acuerdo &hellip; <\/p>\n","protected":false},"author":2,"featured_media":4763,"comment_status":"closed","ping_status":"closed","sticky":false,"template":"","format":"standard","meta":{"jetpack_post_was_ever_published":false,"_jetpack_newsletter_access":"","_jetpack_dont_email_post_to_subs":false,"_jetpack_newsletter_tier_id":0,"_jetpack_memberships_contains_paywalled_content":false,"_jetpack_memberships_contains_paid_content":false,"footnotes":"","jetpack_publicize_message":"","jetpack_publicize_feature_enabled":false,"jetpack_social_post_already_shared":true,"jetpack_social_options":{"image_generator_settings":{"template":"highway","default_image_id":0,"enabled":false},"version":2}},"categories":[9,21,28,20,39,19],"tags":[],"class_list":["post-4760","post","type-post","status-publish","format-standard","has-post-thumbnail","hentry","category-confederacion","category-federaciones","category-fesal","category-negociacion-colectiva","category-sindicatos","category-trabajadores"],"jetpack_publicize_connections":[],"jetpack_featured_media_url":"https:\/\/www.confederaciondelcobre.cl\/wp-content\/uploads\/2024\/03\/Port-2.jpg","jetpack_sharing_enabled":true,"post_mailing_queue_ids":[],"_links":{"self":[{"href":"https:\/\/www.confederaciondelcobre.cl\/index.php\/wp-json\/wp\/v2\/posts\/4760","targetHints":{"allow":["GET"]}}],"collection":[{"href":"https:\/\/www.confederaciondelcobre.cl\/index.php\/wp-json\/wp\/v2\/posts"}],"about":[{"href":"https:\/\/www.confederaciondelcobre.cl\/index.php\/wp-json\/wp\/v2\/types\/post"}],"author":[{"embeddable":true,"href":"https:\/\/www.confederaciondelcobre.cl\/index.php\/wp-json\/wp\/v2\/users\/2"}],"replies":[{"embeddable":true,"href":"https:\/\/www.confederaciondelcobre.cl\/index.php\/wp-json\/wp\/v2\/comments?post=4760"}],"version-history":[{"count":6,"href":"https:\/\/www.confederaciondelcobre.cl\/index.php\/wp-json\/wp\/v2\/posts\/4760\/revisions"}],"predecessor-version":[{"id":4771,"href":"https:\/\/www.confederaciondelcobre.cl\/index.php\/wp-json\/wp\/v2\/posts\/4760\/revisions\/4771"}],"wp:featuredmedia":[{"embeddable":true,"href":"https:\/\/www.confederaciondelcobre.cl\/index.php\/wp-json\/wp\/v2\/media\/4763"}],"wp:attachment":[{"href":"https:\/\/www.confederaciondelcobre.cl\/index.php\/wp-json\/wp\/v2\/media?parent=4760"}],"wp:term":[{"taxonomy":"category","embeddable":true,"href":"https:\/\/www.confederaciondelcobre.cl\/index.php\/wp-json\/wp\/v2\/categories?post=4760"},{"taxonomy":"post_tag","embeddable":true,"href":"https:\/\/www.confederaciondelcobre.cl\/index.php\/wp-json\/wp\/v2\/tags?post=4760"}],"curies":[{"name":"wp","href":"https:\/\/api.w.org\/{rel}","templated":true}]}}