{"id":4772,"date":"2024-03-08T08:24:44","date_gmt":"2024-03-08T12:24:44","guid":{"rendered":"https:\/\/www.confederaciondelcobre.cl\/?p=4772"},"modified":"2024-03-08T08:24:47","modified_gmt":"2024-03-08T12:24:47","slug":"8m-dia-internacional-de-la-mujertrabajadora","status":"publish","type":"post","link":"https:\/\/www.confederaciondelcobre.cl\/index.php\/2024\/03\/08\/8m-dia-internacional-de-la-mujertrabajadora\/","title":{"rendered":"#8M: D\u00eda Internacional de la MujerTrabajadora."},"content":{"rendered":"\n<p>Si bien el 08 de marzo ha sido declarado como el <em>D\u00eda Internacional de la Mujer<\/em> por la Organizaci\u00f3n de Naciones Unidas (ONU) en 1975, este tiene su origen m\u00e1s probable en la movilizaci\u00f3n de miles de obreras textiles en la ciudad de Nueva York-EE.UU (08.03.1857) que demandaban mejoras laborales, entre ellas la rebaja horaria y ponerle fin al trabajo infantil. Movilizaciones como esta y otras posteriores, que incluyen el tr\u00e1gico incendio en medio de una huelga en la f\u00e1brica de camisas \u2018Triangle Shirtwaist\u2019 (N.Y-EE.UU en 1911), donde fallecieron 146 personas: 123 mujeres y 23 hombres \u2014la mayor\u00eda j\u00f3venes inmigrantes de entre 14 y 23 a\u00f1os\u2014, fueron reforzando la idea y establecimiento de esta fecha como el <em>D\u00eda Internacional<br>de la Mujer,<\/em> pero con un componente fundamental de Clase Trabajadora.<\/p>\n\n\n\n<p>Porque los derechos de la mujer trabajadora son demandas de la clase trabajadora en su conjunto, la Confederaci\u00f3n de Trabajadores del Cobre (CTC) saluda con especial respeto, fraternidad y solidaridad de clase a quienes se encuentran unidas, organizadas y movilizadas para conquistar su definitiva emancipaci\u00f3n de la cultura e institucionalidad machista y patriarcal, que, en Chile y el mundo entero, las ha discriminado y marginado por siglos.<\/p>\n\n\n\n<figure class=\"wp-block-image size-large\"><img loading=\"lazy\" decoding=\"async\" width=\"819\" height=\"1024\" src=\"https:\/\/www.confederaciondelcobre.cl\/wp-content\/uploads\/2024\/03\/08.03.2024-Dia-de-la-Mujer-819x1024.png\" alt=\"\" class=\"wp-image-4773\" srcset=\"https:\/\/www.confederaciondelcobre.cl\/wp-content\/uploads\/2024\/03\/08.03.2024-Dia-de-la-Mujer-819x1024.png 819w, https:\/\/www.confederaciondelcobre.cl\/wp-content\/uploads\/2024\/03\/08.03.2024-Dia-de-la-Mujer-240x300.png 240w, https:\/\/www.confederaciondelcobre.cl\/wp-content\/uploads\/2024\/03\/08.03.2024-Dia-de-la-Mujer-768x960.png 768w, https:\/\/www.confederaciondelcobre.cl\/wp-content\/uploads\/2024\/03\/08.03.2024-Dia-de-la-Mujer.png 1080w\" sizes=\"auto, (max-width: 819px) 100vw, 819px\" \/><\/figure>\n","protected":false},"excerpt":{"rendered":"<p>Si bien el 08 de marzo ha sido declarado como el D\u00eda Internacional de la Mujer por la Organizaci\u00f3n de Naciones Unidas (ONU) en 1975, este tiene su origen m\u00e1s &hellip; <\/p>\n","protected":false},"author":2,"featured_media":4774,"comment_status":"closed","ping_status":"closed","sticky":false,"template":"","format":"standard","meta":{"jetpack_post_was_ever_published":false,"_jetpack_newsletter_access":"","_jetpack_dont_email_post_to_subs":false,"_jetpack_newsletter_tier_id":0,"_jetpack_memberships_contains_paywalled_content":false,"_jetpack_memberships_contains_paid_content":false,"footnotes":"","jetpack_publicize_message":"","jetpack_publicize_feature_enabled":false,"jetpack_social_post_already_shared":true,"jetpack_social_options":{"image_generator_settings":{"template":"highway","default_image_id":0,"enabled":false},"version":2}},"categories":[37,9,13,14,19],"tags":[],"class_list":["post-4772","post","type-post","status-publish","format-standard","has-post-thumbnail","hentry","category-memoriactc","category-confederacion","category-internacional","category-movimientos-sociales","category-trabajadores"],"jetpack_publicize_connections":[],"jetpack_featured_media_url":"https:\/\/www.confederaciondelcobre.cl\/wp-content\/uploads\/2024\/03\/Port-4.jpg","jetpack_sharing_enabled":true,"post_mailing_queue_ids":[],"_links":{"self":[{"href":"https:\/\/www.confederaciondelcobre.cl\/index.php\/wp-json\/wp\/v2\/posts\/4772","targetHints":{"allow":["GET"]}}],"collection":[{"href":"https:\/\/www.confederaciondelcobre.cl\/index.php\/wp-json\/wp\/v2\/posts"}],"about":[{"href":"https:\/\/www.confederaciondelcobre.cl\/index.php\/wp-json\/wp\/v2\/types\/post"}],"author":[{"embeddable":true,"href":"https:\/\/www.confederaciondelcobre.cl\/index.php\/wp-json\/wp\/v2\/users\/2"}],"replies":[{"embeddable":true,"href":"https:\/\/www.confederaciondelcobre.cl\/index.php\/wp-json\/wp\/v2\/comments?post=4772"}],"version-history":[{"count":2,"href":"https:\/\/www.confederaciondelcobre.cl\/index.php\/wp-json\/wp\/v2\/posts\/4772\/revisions"}],"predecessor-version":[{"id":4776,"href":"https:\/\/www.confederaciondelcobre.cl\/index.php\/wp-json\/wp\/v2\/posts\/4772\/revisions\/4776"}],"wp:featuredmedia":[{"embeddable":true,"href":"https:\/\/www.confederaciondelcobre.cl\/index.php\/wp-json\/wp\/v2\/media\/4774"}],"wp:attachment":[{"href":"https:\/\/www.confederaciondelcobre.cl\/index.php\/wp-json\/wp\/v2\/media?parent=4772"}],"wp:term":[{"taxonomy":"category","embeddable":true,"href":"https:\/\/www.confederaciondelcobre.cl\/index.php\/wp-json\/wp\/v2\/categories?post=4772"},{"taxonomy":"post_tag","embeddable":true,"href":"https:\/\/www.confederaciondelcobre.cl\/index.php\/wp-json\/wp\/v2\/tags?post=4772"}],"curies":[{"name":"wp","href":"https:\/\/api.w.org\/{rel}","templated":true}]}}