{"id":4799,"date":"2024-03-11T17:35:53","date_gmt":"2024-03-11T21:35:53","guid":{"rendered":"https:\/\/www.confederaciondelcobre.cl\/?p=4799"},"modified":"2024-03-11T17:36:58","modified_gmt":"2024-03-11T21:36:58","slug":"memoriactc-11-03-1966-masacre-en-el-campamento-minero-de-el-salvador","status":"publish","type":"post","link":"https:\/\/www.confederaciondelcobre.cl\/index.php\/2024\/03\/11\/memoriactc-11-03-1966-masacre-en-el-campamento-minero-de-el-salvador\/","title":{"rendered":"#MemoriaCTC | (11.03.1966) Masacre en el campamento minero de El Salvador"},"content":{"rendered":"\n<p>Fue durante una huelga en apoyo a sus compa\u00f1eros de la Divisi\u00f3n El Teniente, controlada entonces por la estadounidense Braden Copper Company, y en que los trabajadores demandaban mejoras laborales y salariales.<\/p>\n\n\n\n<p>En respuesta a la movilizaci\u00f3n obrera, el gobierno de le \u00e9poca, que era presidido por Eduardo Frei Montalva, reaccion\u00f3 declarando zona de emergencia a las provincias de O\u2019Higgins y Atacama, entregando as\u00ed el control de los centros mineros a las Fuerzas Armadas.<\/p>\n\n\n\n<p>Aquel aciago d\u00eda, y mientras los obreros de El Salvador se encontraban reunidos en el Sindicato, los soldados atacaron la sede y dispararon a mansalva, dejando a decenas de heridos, y a dos mujeres y seis hombres asesinados. No hubo juicios, y tampoco responsables.<\/p>\n\n\n\n<p>A 58 a\u00f1os de lo que ser\u00eda un episodio m\u00e1s en la historia de represi\u00f3n y muerte en contra de las y los trabajadores de Chile, no olvidamos.<\/p>\n\n\n\n<figure class=\"wp-block-image size-large\"><img loading=\"lazy\" decoding=\"async\" width=\"819\" height=\"1024\" src=\"https:\/\/www.confederaciondelcobre.cl\/wp-content\/uploads\/2024\/03\/11.03.2024-Masacre-en-El-Salvador-819x1024.png\" alt=\"\" class=\"wp-image-4802\" srcset=\"https:\/\/www.confederaciondelcobre.cl\/wp-content\/uploads\/2024\/03\/11.03.2024-Masacre-en-El-Salvador-819x1024.png 819w, https:\/\/www.confederaciondelcobre.cl\/wp-content\/uploads\/2024\/03\/11.03.2024-Masacre-en-El-Salvador-240x300.png 240w, https:\/\/www.confederaciondelcobre.cl\/wp-content\/uploads\/2024\/03\/11.03.2024-Masacre-en-El-Salvador-768x960.png 768w, https:\/\/www.confederaciondelcobre.cl\/wp-content\/uploads\/2024\/03\/11.03.2024-Masacre-en-El-Salvador.png 1080w\" sizes=\"auto, (max-width: 819px) 100vw, 819px\" \/><\/figure>\n","protected":false},"excerpt":{"rendered":"<p>Fue durante una huelga en apoyo a sus compa\u00f1eros de la Divisi\u00f3n El Teniente, controlada entonces por la estadounidense Braden Copper Company, y en que los trabajadores demandaban mejoras laborales &hellip; <\/p>\n","protected":false},"author":2,"featured_media":4801,"comment_status":"closed","ping_status":"closed","sticky":false,"template":"","format":"standard","meta":{"jetpack_post_was_ever_published":false,"_jetpack_newsletter_access":"","_jetpack_dont_email_post_to_subs":false,"_jetpack_newsletter_tier_id":0,"_jetpack_memberships_contains_paywalled_content":false,"_jetpack_memberships_contains_paid_content":false,"footnotes":"","jetpack_publicize_message":"","jetpack_publicize_feature_enabled":false,"jetpack_social_post_already_shared":false,"jetpack_social_options":{"image_generator_settings":{"template":"highway","default_image_id":0,"enabled":false},"version":2}},"categories":[37,15,17,39,19],"tags":[],"class_list":["post-4799","post","type-post","status-publish","format-standard","has-post-thumbnail","hentry","category-memoriactc","category-nacional","category-regiones","category-sindicatos","category-trabajadores"],"jetpack_publicize_connections":[],"jetpack_featured_media_url":"https:\/\/www.confederaciondelcobre.cl\/wp-content\/uploads\/2024\/03\/Port-6.jpg","jetpack_sharing_enabled":true,"post_mailing_queue_ids":[],"_links":{"self":[{"href":"https:\/\/www.confederaciondelcobre.cl\/index.php\/wp-json\/wp\/v2\/posts\/4799","targetHints":{"allow":["GET"]}}],"collection":[{"href":"https:\/\/www.confederaciondelcobre.cl\/index.php\/wp-json\/wp\/v2\/posts"}],"about":[{"href":"https:\/\/www.confederaciondelcobre.cl\/index.php\/wp-json\/wp\/v2\/types\/post"}],"author":[{"embeddable":true,"href":"https:\/\/www.confederaciondelcobre.cl\/index.php\/wp-json\/wp\/v2\/users\/2"}],"replies":[{"embeddable":true,"href":"https:\/\/www.confederaciondelcobre.cl\/index.php\/wp-json\/wp\/v2\/comments?post=4799"}],"version-history":[{"count":2,"href":"https:\/\/www.confederaciondelcobre.cl\/index.php\/wp-json\/wp\/v2\/posts\/4799\/revisions"}],"predecessor-version":[{"id":4803,"href":"https:\/\/www.confederaciondelcobre.cl\/index.php\/wp-json\/wp\/v2\/posts\/4799\/revisions\/4803"}],"wp:featuredmedia":[{"embeddable":true,"href":"https:\/\/www.confederaciondelcobre.cl\/index.php\/wp-json\/wp\/v2\/media\/4801"}],"wp:attachment":[{"href":"https:\/\/www.confederaciondelcobre.cl\/index.php\/wp-json\/wp\/v2\/media?parent=4799"}],"wp:term":[{"taxonomy":"category","embeddable":true,"href":"https:\/\/www.confederaciondelcobre.cl\/index.php\/wp-json\/wp\/v2\/categories?post=4799"},{"taxonomy":"post_tag","embeddable":true,"href":"https:\/\/www.confederaciondelcobre.cl\/index.php\/wp-json\/wp\/v2\/tags?post=4799"}],"curies":[{"name":"wp","href":"https:\/\/api.w.org\/{rel}","templated":true}]}}