{"id":4805,"date":"2024-03-12T22:09:47","date_gmt":"2024-03-13T02:09:47","guid":{"rendered":"https:\/\/www.confederaciondelcobre.cl\/?p=4805"},"modified":"2024-03-12T22:10:29","modified_gmt":"2024-03-13T02:10:29","slug":"comunicadoctc-por-accidente-fatal-de-trabajadora-en-division-rt-de-codelco","status":"publish","type":"post","link":"https:\/\/www.confederaciondelcobre.cl\/index.php\/2024\/03\/12\/comunicadoctc-por-accidente-fatal-de-trabajadora-en-division-rt-de-codelco\/","title":{"rendered":"#ComunicadoCTC por accidente fatal de trabajadora en Divisi\u00f3n RT de Codelco."},"content":{"rendered":"\n<p class=\"has-text-align-center\"><strong>COMUNICADO<\/strong><\/p>\n\n\n\n<p class=\"has-text-align-center\"><strong>Por accidente fatal de trabajadora en Divisi\u00f3n RT de Codelco.<\/strong><\/p>\n\n\n\n<p>Queridas compa\u00f1eras y compa\u00f1eros, amigas y amigos:<\/p>\n\n\n\n<p>Con el pesar y tristeza m\u00e1s profundas hemos recibido la noticia del tr\u00e1gico fallecimiento de nuestra compa\u00f1era de labores mineras, Ana Camila Rojas Far\u00edas, operadora de cami\u00f3n de extracci\u00f3n de la Divisi\u00f3n Radomiro Tomic de Codelco, producto del incendio de la m\u00e1quina que se encontraba operando el pasado viernes 08 de marzo. Ante aquello, como Confederaci\u00f3n de Trabajadores del Cobre, y en nombre de todas y todos los trabajadores contratistas de la gran miner\u00eda, hacemos llegar nuestras m\u00e1s sentidas condolencias a la familia, amigas y amigos de Ana Camila, como tambi\u00e9n a sus compa\u00f1eras y compa\u00f1eros de trabajo. Enviamos, adem\u00e1s, nuestro fraternal abrazo a las organizaciones sindicales de la Divisi\u00f3n Radomiro Tomic de Codelco.<\/p>\n\n\n\n<p>La p\u00e9rdida de esta joven trabajadora, de escasos treinta a\u00f1os, y que ejerc\u00eda como aprendiz, es devastadora para el mundo laboral del cobre. Al respecto, valoramos la incorporaci\u00f3n de las mujeres a las labores mineras, de donde estuvieron hist\u00f3ricamente marginadas, pero hay que se\u00f1alar que la categor\u00eda de aprendiz en que estaba Ana Camila es deficitaria en cuanto a condiciones de estabilidad laboral, de beneficios y, por cierto, a la luz de los hechos, de seguridad en el trabajo. No obstante, es justo subrayar, Ana Camila hac\u00eda una contribuci\u00f3n tan valiosa e importante como la de cualquier otro trabajador.<\/p>\n\n\n\n<p>Este hecho se suma a una ya larga lista de accidentes fatales, en distintas Divisiones de Codelco, y creemos que no hay producci\u00f3n de mineral, ni maximizaci\u00f3n de utilidades, ni reducci\u00f3n de costos operacionales, que justifiquen o paguen la muerte de un trabajador o trabajadora. Desde ese punto de vista, resulta de una necesidad m\u00e1s que urgente revisar y mejorar las condiciones laborales que rodean al trabajador o trabajadora aprendiz, y al mismo tiempo revisar todos los procedimientos, protocolos y pol\u00edticas de seguridad en las labores, identificando sus flancos o puntos d\u00e9biles y aplicar de inmediato los cambios y medidas de correcci\u00f3n que sean pertinentes. Por otra parte, las autoridades y jefaturas, en toda la l\u00ednea administrativa, tendr\u00e1n que asumir sus respectivas responsabilidades.<\/p>\n\n\n\n<p>Apelamos, adem\u00e1s, a las autoridades y organismos de Gobierno, al Ministerio de Miner\u00eda, Direcci\u00f3n del Trabajo y Sernageomin, a tomar parte activa y extremar las medidas en torno a la investigaci\u00f3n y esclarecimiento de las causas de este lamentable accidente, as\u00ed como tambi\u00e9n a tomar las medidas y sanciones que sean pertinentes aplicar. Al mismo tiempo, y una vez m\u00e1s, insistimos en la necesidad de implementar de manera definitiva el Convenio 176 de la Organizaci\u00f3n Internacional del Trabajo (OIT) aprobado ya en diciembre de 2023 por el Congreso Nacional. &nbsp;<\/p>\n\n\n\n<p class=\"has-text-align-center\"><strong>CONFEDERACI\u00d3N DE TRABAJADORES DEL COBRE<\/strong><\/p>\n\n\n\n<p class=\"has-text-align-right\"><strong>\u00ad\u00ad\u00ad\u00ad\u00ad<\/strong>Chile, marzo de 2024.<\/p>\n\n\n<div class=\"wp-block-image\">\n<figure class=\"aligncenter size-large\"><img loading=\"lazy\" decoding=\"async\" width=\"590\" height=\"1024\" src=\"https:\/\/www.confederaciondelcobre.cl\/wp-content\/uploads\/2024\/03\/RT08.03.2024-590x1024.png\" alt=\"\" class=\"wp-image-4807\" srcset=\"https:\/\/www.confederaciondelcobre.cl\/wp-content\/uploads\/2024\/03\/RT08.03.2024-590x1024.png 590w, https:\/\/www.confederaciondelcobre.cl\/wp-content\/uploads\/2024\/03\/RT08.03.2024-173x300.png 173w, https:\/\/www.confederaciondelcobre.cl\/wp-content\/uploads\/2024\/03\/RT08.03.2024.png 622w\" sizes=\"auto, (max-width: 590px) 100vw, 590px\" \/><\/figure><\/div>","protected":false},"excerpt":{"rendered":"<p>COMUNICADO Por accidente fatal de trabajadora en Divisi\u00f3n RT de Codelco. Queridas compa\u00f1eras y compa\u00f1eros, amigas y amigos: Con el pesar y tristeza m\u00e1s profundas hemos recibido la noticia del &hellip; <\/p>\n","protected":false},"author":2,"featured_media":4806,"comment_status":"closed","ping_status":"closed","sticky":false,"template":"","format":"standard","meta":{"jetpack_post_was_ever_published":false,"_jetpack_newsletter_access":"","_jetpack_dont_email_post_to_subs":false,"_jetpack_newsletter_tier_id":0,"_jetpack_memberships_contains_paywalled_content":false,"_jetpack_memberships_contains_paid_content":false,"footnotes":"","jetpack_publicize_message":"","jetpack_publicize_feature_enabled":false,"jetpack_social_post_already_shared":true,"jetpack_social_options":{"image_generator_settings":{"template":"highway","default_image_id":0,"enabled":false},"version":2}},"categories":[8,9,15,19],"tags":[],"class_list":["post-4805","post","type-post","status-publish","format-standard","has-post-thumbnail","hentry","category-comunicado","category-confederacion","category-nacional","category-trabajadores"],"jetpack_publicize_connections":[],"jetpack_featured_media_url":"https:\/\/www.confederaciondelcobre.cl\/wp-content\/uploads\/2024\/03\/Port-7.jpg","jetpack_sharing_enabled":true,"post_mailing_queue_ids":[],"_links":{"self":[{"href":"https:\/\/www.confederaciondelcobre.cl\/index.php\/wp-json\/wp\/v2\/posts\/4805","targetHints":{"allow":["GET"]}}],"collection":[{"href":"https:\/\/www.confederaciondelcobre.cl\/index.php\/wp-json\/wp\/v2\/posts"}],"about":[{"href":"https:\/\/www.confederaciondelcobre.cl\/index.php\/wp-json\/wp\/v2\/types\/post"}],"author":[{"embeddable":true,"href":"https:\/\/www.confederaciondelcobre.cl\/index.php\/wp-json\/wp\/v2\/users\/2"}],"replies":[{"embeddable":true,"href":"https:\/\/www.confederaciondelcobre.cl\/index.php\/wp-json\/wp\/v2\/comments?post=4805"}],"version-history":[{"count":1,"href":"https:\/\/www.confederaciondelcobre.cl\/index.php\/wp-json\/wp\/v2\/posts\/4805\/revisions"}],"predecessor-version":[{"id":4808,"href":"https:\/\/www.confederaciondelcobre.cl\/index.php\/wp-json\/wp\/v2\/posts\/4805\/revisions\/4808"}],"wp:featuredmedia":[{"embeddable":true,"href":"https:\/\/www.confederaciondelcobre.cl\/index.php\/wp-json\/wp\/v2\/media\/4806"}],"wp:attachment":[{"href":"https:\/\/www.confederaciondelcobre.cl\/index.php\/wp-json\/wp\/v2\/media?parent=4805"}],"wp:term":[{"taxonomy":"category","embeddable":true,"href":"https:\/\/www.confederaciondelcobre.cl\/index.php\/wp-json\/wp\/v2\/categories?post=4805"},{"taxonomy":"post_tag","embeddable":true,"href":"https:\/\/www.confederaciondelcobre.cl\/index.php\/wp-json\/wp\/v2\/tags?post=4805"}],"curies":[{"name":"wp","href":"https:\/\/api.w.org\/{rel}","templated":true}]}}