{"id":4811,"date":"2024-03-23T15:07:11","date_gmt":"2024-03-23T19:07:11","guid":{"rendered":"https:\/\/www.confederaciondelcobre.cl\/?p=4811"},"modified":"2024-03-23T15:07:13","modified_gmt":"2024-03-23T19:07:13","slug":"segundo-encuentro-nacional-ctmin-se-desarrollo-en-la-serena","status":"publish","type":"post","link":"https:\/\/www.confederaciondelcobre.cl\/index.php\/2024\/03\/23\/segundo-encuentro-nacional-ctmin-se-desarrollo-en-la-serena\/","title":{"rendered":"Segundo Encuentro Nacional CTMIN se desarroll\u00f3 en La Serena."},"content":{"rendered":"\n<p>El encuentro, llevado a cabo en la ciudad de La Serena, entre los d\u00edas lunes 18 y mi\u00e9rcoles 20 de marzo, reuni\u00f3 a las organizaciones sindicales de nivel superior de la miner\u00eda nacional, y tuvo el prop\u00f3sito de hacer un balance de la labor hasta aqu\u00ed realizada, a la vez que planificar y proyectar nuevas l\u00edneas de trabajo en conjunto.<\/p>\n\n\n\n<pre class=\"wp-block-verse\">En el Segundo Encuentro Nacional de la CTMIN, por la Confederaci\u00f3n de Trabajadores del Cobre participaron Ana Lamas Aguirre, Presidenta; Stephanie Gonz\u00e1lez Ch\u00e1vez, Secretaria General; Jedry Velis Palma, Tesorero; Patricio Roco Bucarey, Director Nacional Encargado de Organizaci\u00f3n; Francisco Cabezas Cort\u00e9s, Vicepresidente; Luis Marchant Vald\u00e9s, Director Nacional Encargado de Comunicaciones; y Daniel C\u00e1ceres Garc\u00eda, Director Nacional Encargado de Negociaci\u00f3n y Conflicto.<\/pre>\n\n\n\n<p><strong>Salud y seguridad en el trabajo<\/strong>, y la <strong>unidad de las y los trabajadores del sector minero<\/strong>, entre otros, fueron ejes transversales en el intercambio llevado a cabo entre las y los representantes de las organizaciones agrupadas en la Coordinadora de Trabajadores de la Miner\u00eda (CTMIN), y que, en el desarrollo de las jornadas, contaron con la exposici\u00f3n de representantes gubernamentales y del mundo del trabajo, entre los cuales destacan <strong>Mar\u00eda Fernanda Glaser, Seremi de la Mujer y Equidad de G\u00e9nero de la Regi\u00f3n de Coquimbo; Claudio Reyes Barrientos, Subsecretario de Previsi\u00f3n Social; Fabio Bertranou, Director de Oficina de la Organizaci\u00f3n Internacional del Trabajo (OlT) para el Cono Sur de Am\u00e9rcia; y Manuel Ahumada Letelier, Asesor del Ministerio del Trabajo<\/strong>.<\/p>\n\n\n\n<figure class=\"wp-block-image size-full\"><img loading=\"lazy\" decoding=\"async\" width=\"800\" height=\"600\" src=\"https:\/\/www.confederaciondelcobre.cl\/wp-content\/uploads\/2024\/03\/1.jpg\" alt=\"\" class=\"wp-image-4819\" srcset=\"https:\/\/www.confederaciondelcobre.cl\/wp-content\/uploads\/2024\/03\/1.jpg 800w, https:\/\/www.confederaciondelcobre.cl\/wp-content\/uploads\/2024\/03\/1-300x225.jpg 300w, https:\/\/www.confederaciondelcobre.cl\/wp-content\/uploads\/2024\/03\/1-768x576.jpg 768w\" sizes=\"auto, (max-width: 800px) 100vw, 800px\" \/><figcaption class=\"wp-element-caption\">Ana Lamas Aguirre, Presidenta de la Confederaci\u00f3n de Trabajadores del Cobre (CTC).<\/figcaption><\/figure>\n\n\n\n<pre class=\"wp-block-verse\"><strong>Nelson Quichillao:<\/strong><span style=\"font-size: 12pt; white-space-collapse: collapse;\"> el mi\u00e9rcoles 20, alrededor de las 13:00 hrs , y como una actividad propia de la CTC, las y los dirigentes nacionales de la Confederaci\u00f3n concurrieron al Cementerio Parque del Recuerdo en la Cantera de Coquimbo, lugar de descanso de nuestro compa\u00f1ero Nelson Quichillao L\u00f3pez, quien fue asesinado el 24 de julio de 2015 por agentes del Estado, mientras se manifestaba junto a sus compa\u00f1eras y compa\u00f1eros de trabajo \u2014en el campamento minero de El Salvador\u2014, por la mejora y ampliaci\u00f3n del Acuerdo Marco entre la CTC, AGEMA y CODELCO. All\u00ed, las y los dirigentes ofrendaron en su memoria una corona de flores de la CTC, como s\u00edmbolo de su irrestricta memoria y compromiso \u2014y el de la CTC en su conjunto\u2014 con la b\u00fasqueda de verdad, justicia y garant\u00edas de no repetici\u00f3n ante los cr\u00edmenes cometidos en contra de la clase trabajadora, y, en particular, con el asesinato de Nelson Quichillao.<\/span><\/pre>\n\n\n\n<div class=\"wp-block-jetpack-slideshow aligncenter\" data-effect=\"slide\"><div class=\"wp-block-jetpack-slideshow_container swiper-container\"><ul class=\"wp-block-jetpack-slideshow_swiper-wrapper swiper-wrapper\"><li class=\"wp-block-jetpack-slideshow_slide swiper-slide\"><figure><img loading=\"lazy\" decoding=\"async\" width=\"800\" height=\"600\" alt=\"\" class=\"wp-block-jetpack-slideshow_image wp-image-4829\" data-id=\"4829\" src=\"https:\/\/www.confederaciondelcobre.cl\/wp-content\/uploads\/2024\/03\/1-1.jpg\" srcset=\"https:\/\/www.confederaciondelcobre.cl\/wp-content\/uploads\/2024\/03\/1-1.jpg 800w, https:\/\/www.confederaciondelcobre.cl\/wp-content\/uploads\/2024\/03\/1-1-300x225.jpg 300w, https:\/\/www.confederaciondelcobre.cl\/wp-content\/uploads\/2024\/03\/1-1-768x576.jpg 768w\" sizes=\"auto, (max-width: 800px) 100vw, 800px\" \/><\/figure><\/li><li class=\"wp-block-jetpack-slideshow_slide swiper-slide\"><figure><img loading=\"lazy\" decoding=\"async\" width=\"800\" height=\"600\" alt=\"\" class=\"wp-block-jetpack-slideshow_image wp-image-4831\" data-id=\"4831\" src=\"https:\/\/www.confederaciondelcobre.cl\/wp-content\/uploads\/2024\/03\/3.jpg\" srcset=\"https:\/\/www.confederaciondelcobre.cl\/wp-content\/uploads\/2024\/03\/3.jpg 800w, https:\/\/www.confederaciondelcobre.cl\/wp-content\/uploads\/2024\/03\/3-300x225.jpg 300w, https:\/\/www.confederaciondelcobre.cl\/wp-content\/uploads\/2024\/03\/3-768x576.jpg 768w\" sizes=\"auto, (max-width: 800px) 100vw, 800px\" \/><\/figure><\/li><li class=\"wp-block-jetpack-slideshow_slide swiper-slide\"><figure><img loading=\"lazy\" decoding=\"async\" width=\"800\" height=\"600\" alt=\"\" class=\"wp-block-jetpack-slideshow_image wp-image-4830\" data-id=\"4830\" src=\"https:\/\/www.confederaciondelcobre.cl\/wp-content\/uploads\/2024\/03\/4-2.jpg\" srcset=\"https:\/\/www.confederaciondelcobre.cl\/wp-content\/uploads\/2024\/03\/4-2.jpg 800w, https:\/\/www.confederaciondelcobre.cl\/wp-content\/uploads\/2024\/03\/4-2-300x225.jpg 300w, https:\/\/www.confederaciondelcobre.cl\/wp-content\/uploads\/2024\/03\/4-2-768x576.jpg 768w\" sizes=\"auto, (max-width: 800px) 100vw, 800px\" \/><\/figure><\/li><li class=\"wp-block-jetpack-slideshow_slide swiper-slide\"><figure><img loading=\"lazy\" decoding=\"async\" width=\"800\" height=\"600\" alt=\"\" class=\"wp-block-jetpack-slideshow_image wp-image-4827\" data-id=\"4827\" src=\"https:\/\/www.confederaciondelcobre.cl\/wp-content\/uploads\/2024\/03\/2-1.jpg\" srcset=\"https:\/\/www.confederaciondelcobre.cl\/wp-content\/uploads\/2024\/03\/2-1.jpg 800w, https:\/\/www.confederaciondelcobre.cl\/wp-content\/uploads\/2024\/03\/2-1-300x225.jpg 300w, https:\/\/www.confederaciondelcobre.cl\/wp-content\/uploads\/2024\/03\/2-1-768x576.jpg 768w\" sizes=\"auto, (max-width: 800px) 100vw, 800px\" \/><\/figure><\/li><li class=\"wp-block-jetpack-slideshow_slide swiper-slide\"><figure><img loading=\"lazy\" decoding=\"async\" width=\"800\" height=\"600\" alt=\"\" class=\"wp-block-jetpack-slideshow_image wp-image-4828\" data-id=\"4828\" src=\"https:\/\/www.confederaciondelcobre.cl\/wp-content\/uploads\/2024\/03\/5-1.jpg\" srcset=\"https:\/\/www.confederaciondelcobre.cl\/wp-content\/uploads\/2024\/03\/5-1.jpg 800w, https:\/\/www.confederaciondelcobre.cl\/wp-content\/uploads\/2024\/03\/5-1-300x225.jpg 300w, https:\/\/www.confederaciondelcobre.cl\/wp-content\/uploads\/2024\/03\/5-1-768x576.jpg 768w\" sizes=\"auto, (max-width: 800px) 100vw, 800px\" \/><\/figure><\/li><\/ul><a class=\"wp-block-jetpack-slideshow_button-prev swiper-button-prev swiper-button-white\" role=\"button\"><\/a><a class=\"wp-block-jetpack-slideshow_button-next swiper-button-next swiper-button-white\" role=\"button\"><\/a><a aria-label=\"Pause Slideshow\" class=\"wp-block-jetpack-slideshow_button-pause\" role=\"button\"><\/a><div class=\"wp-block-jetpack-slideshow_pagination swiper-pagination swiper-pagination-white\"><\/div><\/div><\/div>\n\n\n\n<p>Los temas abordados en las mesas de trabajo, y en las que participaron representantes de todas las organizaciones agrupadas en la CTMIN, se refirieron a la <strong>Seguridad laboral<\/strong>, <strong>Equidad de g\u00e9nero en la miner\u00eda<\/strong>, <strong>Prevenci\u00f3n del acoso sexual y laboral<\/strong>, <strong>Jornada laboral<\/strong> (40 horas y art. 22), <strong>Fortalecimiento del Consejo de la Sociedad Civil<\/strong> (COSOC), <strong>Transici\u00f3n justa<\/strong> y <strong>Negociaci\u00f3n Ramal<\/strong>.<\/p>\n\n\n\n<p>Dichos temas, analizados y discutidos en profundidad por las y los dirigentes sindicales, resultaron en una serie de importantes conclusiones y, por cierto, contribuyeron a definir una agenda de trabajo en conjunto, que comprende, en t\u00e9rminos generales, la <strong>reafirmaci\u00f3n del compromiso de todas las organizaciones<\/strong> para abordar los desaf\u00edos &nbsp;\u2014actuales y por venir\u2014 que enfrentan las y los trabajadores de la miner\u00eda. Lo anterior, con la participaci\u00f3n activa de las organizaciones agrupadas en la Coordinadora, en pos de la <strong>promoci\u00f3n y defensa de los derechos de las y los trabajadores de la miner\u00eda<\/strong> de nuestro pa\u00eds, y, por extensi\u00f3n, de sus familias.<\/p>\n\n\n\n<pre class=\"wp-block-verse\">La Coordinadora de Trabajadores de la Miner\u00eda (CTMIN) es una instancia de organizaciones sindicales de nivel superior que agrupa a la Confederaci\u00f3n de Trabajadores del Cobre (CTC), a la Federaci\u00f3n de Sindicatos de Supervisores Rol A y Profesionales de Codelco Chile (FESUC), a la Federaci\u00f3n de Supervisores de la Miner\u00eda Privada (FESUMIN), a la Federaci\u00f3n Minera de Chile (FMC), a la Confederaci\u00f3n Minera de Chile (CONFEMIN), a la Federaci\u00f3n de Sindicatos Antofagasta Minerals (FESAM) y a la Federaci\u00f3n de Trabajadores del Cobre (FTC).<\/pre>\n\n\n\n<div class=\"wp-block-jetpack-slideshow aligncenter\" data-effect=\"slide\"><div class=\"wp-block-jetpack-slideshow_container swiper-container\"><ul class=\"wp-block-jetpack-slideshow_swiper-wrapper swiper-wrapper\"><li class=\"wp-block-jetpack-slideshow_slide swiper-slide\"><figure><img loading=\"lazy\" decoding=\"async\" width=\"800\" height=\"600\" alt=\"\" class=\"wp-block-jetpack-slideshow_image wp-image-4832\" data-id=\"4832\" src=\"https:\/\/www.confederaciondelcobre.cl\/wp-content\/uploads\/2024\/03\/3-1.jpg\" srcset=\"https:\/\/www.confederaciondelcobre.cl\/wp-content\/uploads\/2024\/03\/3-1.jpg 800w, https:\/\/www.confederaciondelcobre.cl\/wp-content\/uploads\/2024\/03\/3-1-300x225.jpg 300w, https:\/\/www.confederaciondelcobre.cl\/wp-content\/uploads\/2024\/03\/3-1-768x576.jpg 768w\" sizes=\"auto, (max-width: 800px) 100vw, 800px\" \/><\/figure><\/li><li class=\"wp-block-jetpack-slideshow_slide swiper-slide\"><figure><img loading=\"lazy\" decoding=\"async\" width=\"800\" height=\"600\" alt=\"\" class=\"wp-block-jetpack-slideshow_image wp-image-4833\" data-id=\"4833\" src=\"https:\/\/www.confederaciondelcobre.cl\/wp-content\/uploads\/2024\/03\/8.jpg\" srcset=\"https:\/\/www.confederaciondelcobre.cl\/wp-content\/uploads\/2024\/03\/8.jpg 800w, https:\/\/www.confederaciondelcobre.cl\/wp-content\/uploads\/2024\/03\/8-300x225.jpg 300w, https:\/\/www.confederaciondelcobre.cl\/wp-content\/uploads\/2024\/03\/8-768x576.jpg 768w\" sizes=\"auto, (max-width: 800px) 100vw, 800px\" \/><\/figure><\/li><li class=\"wp-block-jetpack-slideshow_slide swiper-slide\"><figure><img loading=\"lazy\" decoding=\"async\" width=\"735\" height=\"360\" alt=\"\" class=\"wp-block-jetpack-slideshow_image wp-image-4818\" data-id=\"4818\" src=\"https:\/\/www.confederaciondelcobre.cl\/wp-content\/uploads\/2024\/03\/Port-8.jpg\" srcset=\"https:\/\/www.confederaciondelcobre.cl\/wp-content\/uploads\/2024\/03\/Port-8.jpg 735w, https:\/\/www.confederaciondelcobre.cl\/wp-content\/uploads\/2024\/03\/Port-8-300x147.jpg 300w\" sizes=\"auto, (max-width: 735px) 100vw, 735px\" \/><\/figure><\/li><li class=\"wp-block-jetpack-slideshow_slide swiper-slide\"><figure><img loading=\"lazy\" decoding=\"async\" width=\"800\" height=\"600\" alt=\"\" class=\"wp-block-jetpack-slideshow_image wp-image-4831\" data-id=\"4831\" src=\"https:\/\/www.confederaciondelcobre.cl\/wp-content\/uploads\/2024\/03\/3.jpg\" srcset=\"https:\/\/www.confederaciondelcobre.cl\/wp-content\/uploads\/2024\/03\/3.jpg 800w, https:\/\/www.confederaciondelcobre.cl\/wp-content\/uploads\/2024\/03\/3-300x225.jpg 300w, https:\/\/www.confederaciondelcobre.cl\/wp-content\/uploads\/2024\/03\/3-768x576.jpg 768w\" sizes=\"auto, (max-width: 800px) 100vw, 800px\" \/><\/figure><\/li><li class=\"wp-block-jetpack-slideshow_slide swiper-slide\"><figure><img loading=\"lazy\" decoding=\"async\" width=\"800\" height=\"600\" alt=\"\" class=\"wp-block-jetpack-slideshow_image wp-image-4830\" data-id=\"4830\" src=\"https:\/\/www.confederaciondelcobre.cl\/wp-content\/uploads\/2024\/03\/4-2.jpg\" srcset=\"https:\/\/www.confederaciondelcobre.cl\/wp-content\/uploads\/2024\/03\/4-2.jpg 800w, https:\/\/www.confederaciondelcobre.cl\/wp-content\/uploads\/2024\/03\/4-2-300x225.jpg 300w, https:\/\/www.confederaciondelcobre.cl\/wp-content\/uploads\/2024\/03\/4-2-768x576.jpg 768w\" sizes=\"auto, (max-width: 800px) 100vw, 800px\" \/><\/figure><\/li><li class=\"wp-block-jetpack-slideshow_slide swiper-slide\"><figure><img loading=\"lazy\" decoding=\"async\" width=\"800\" height=\"600\" alt=\"\" class=\"wp-block-jetpack-slideshow_image wp-image-4825\" data-id=\"4825\" src=\"https:\/\/www.confederaciondelcobre.cl\/wp-content\/uploads\/2024\/03\/7-1.jpg\" srcset=\"https:\/\/www.confederaciondelcobre.cl\/wp-content\/uploads\/2024\/03\/7-1.jpg 800w, https:\/\/www.confederaciondelcobre.cl\/wp-content\/uploads\/2024\/03\/7-1-300x225.jpg 300w, https:\/\/www.confederaciondelcobre.cl\/wp-content\/uploads\/2024\/03\/7-1-768x576.jpg 768w\" sizes=\"auto, (max-width: 800px) 100vw, 800px\" \/><\/figure><\/li><li class=\"wp-block-jetpack-slideshow_slide swiper-slide\"><figure><img loading=\"lazy\" decoding=\"async\" width=\"800\" height=\"600\" alt=\"\" class=\"wp-block-jetpack-slideshow_image wp-image-4823\" data-id=\"4823\" src=\"https:\/\/www.confederaciondelcobre.cl\/wp-content\/uploads\/2024\/03\/4.jpg\" srcset=\"https:\/\/www.confederaciondelcobre.cl\/wp-content\/uploads\/2024\/03\/4.jpg 800w, https:\/\/www.confederaciondelcobre.cl\/wp-content\/uploads\/2024\/03\/4-300x225.jpg 300w, https:\/\/www.confederaciondelcobre.cl\/wp-content\/uploads\/2024\/03\/4-768x576.jpg 768w\" sizes=\"auto, (max-width: 800px) 100vw, 800px\" \/><\/figure><\/li><li class=\"wp-block-jetpack-slideshow_slide swiper-slide\"><figure><img loading=\"lazy\" decoding=\"async\" width=\"800\" height=\"600\" alt=\"\" class=\"wp-block-jetpack-slideshow_image wp-image-4819\" data-id=\"4819\" src=\"https:\/\/www.confederaciondelcobre.cl\/wp-content\/uploads\/2024\/03\/1.jpg\" srcset=\"https:\/\/www.confederaciondelcobre.cl\/wp-content\/uploads\/2024\/03\/1.jpg 800w, https:\/\/www.confederaciondelcobre.cl\/wp-content\/uploads\/2024\/03\/1-300x225.jpg 300w, https:\/\/www.confederaciondelcobre.cl\/wp-content\/uploads\/2024\/03\/1-768x576.jpg 768w\" sizes=\"auto, (max-width: 800px) 100vw, 800px\" \/><\/figure><\/li><li class=\"wp-block-jetpack-slideshow_slide swiper-slide\"><figure><img loading=\"lazy\" decoding=\"async\" width=\"800\" height=\"600\" alt=\"\" class=\"wp-block-jetpack-slideshow_image wp-image-4820\" data-id=\"4820\" src=\"https:\/\/www.confederaciondelcobre.cl\/wp-content\/uploads\/2024\/03\/2.jpg\" srcset=\"https:\/\/www.confederaciondelcobre.cl\/wp-content\/uploads\/2024\/03\/2.jpg 800w, https:\/\/www.confederaciondelcobre.cl\/wp-content\/uploads\/2024\/03\/2-300x225.jpg 300w, https:\/\/www.confederaciondelcobre.cl\/wp-content\/uploads\/2024\/03\/2-768x576.jpg 768w\" sizes=\"auto, (max-width: 800px) 100vw, 800px\" \/><\/figure><\/li><\/ul><a class=\"wp-block-jetpack-slideshow_button-prev swiper-button-prev swiper-button-white\" role=\"button\"><\/a><a class=\"wp-block-jetpack-slideshow_button-next swiper-button-next swiper-button-white\" role=\"button\"><\/a><a aria-label=\"Pause Slideshow\" class=\"wp-block-jetpack-slideshow_button-pause\" role=\"button\"><\/a><div class=\"wp-block-jetpack-slideshow_pagination swiper-pagination swiper-pagination-white\"><\/div><\/div><\/div>\n","protected":false},"excerpt":{"rendered":"<p>El encuentro, llevado a cabo en la ciudad de La Serena, entre los d\u00edas lunes 18 y mi\u00e9rcoles 20 de marzo, reuni\u00f3 a las organizaciones sindicales de nivel superior de &hellip; <\/p>\n","protected":false},"author":2,"featured_media":4818,"comment_status":"closed","ping_status":"closed","sticky":false,"template":"","format":"standard","meta":{"jetpack_post_was_ever_published":false,"_jetpack_newsletter_access":"","_jetpack_dont_email_post_to_subs":false,"_jetpack_newsletter_tier_id":0,"_jetpack_memberships_contains_paywalled_content":false,"_jetpack_memberships_contains_paid_content":false,"footnotes":"","jetpack_publicize_message":"","jetpack_publicize_feature_enabled":false,"jetpack_social_post_already_shared":true,"jetpack_social_options":{"image_generator_settings":{"template":"highway","default_image_id":0,"enabled":false},"version":2}},"categories":[9,11,15,32,39,19],"tags":[],"class_list":["post-4811","post","type-post","status-publish","format-standard","has-post-thumbnail","hentry","category-confederacion","category-ctmin","category-nacional","category-nelson-quichillao","category-sindicatos","category-trabajadores"],"jetpack_publicize_connections":[],"jetpack_featured_media_url":"https:\/\/www.confederaciondelcobre.cl\/wp-content\/uploads\/2024\/03\/Port-8.jpg","jetpack_sharing_enabled":true,"post_mailing_queue_ids":[],"_links":{"self":[{"href":"https:\/\/www.confederaciondelcobre.cl\/index.php\/wp-json\/wp\/v2\/posts\/4811","targetHints":{"allow":["GET"]}}],"collection":[{"href":"https:\/\/www.confederaciondelcobre.cl\/index.php\/wp-json\/wp\/v2\/posts"}],"about":[{"href":"https:\/\/www.confederaciondelcobre.cl\/index.php\/wp-json\/wp\/v2\/types\/post"}],"author":[{"embeddable":true,"href":"https:\/\/www.confederaciondelcobre.cl\/index.php\/wp-json\/wp\/v2\/users\/2"}],"replies":[{"embeddable":true,"href":"https:\/\/www.confederaciondelcobre.cl\/index.php\/wp-json\/wp\/v2\/comments?post=4811"}],"version-history":[{"count":12,"href":"https:\/\/www.confederaciondelcobre.cl\/index.php\/wp-json\/wp\/v2\/posts\/4811\/revisions"}],"predecessor-version":[{"id":4839,"href":"https:\/\/www.confederaciondelcobre.cl\/index.php\/wp-json\/wp\/v2\/posts\/4811\/revisions\/4839"}],"wp:featuredmedia":[{"embeddable":true,"href":"https:\/\/www.confederaciondelcobre.cl\/index.php\/wp-json\/wp\/v2\/media\/4818"}],"wp:attachment":[{"href":"https:\/\/www.confederaciondelcobre.cl\/index.php\/wp-json\/wp\/v2\/media?parent=4811"}],"wp:term":[{"taxonomy":"category","embeddable":true,"href":"https:\/\/www.confederaciondelcobre.cl\/index.php\/wp-json\/wp\/v2\/categories?post=4811"},{"taxonomy":"post_tag","embeddable":true,"href":"https:\/\/www.confederaciondelcobre.cl\/index.php\/wp-json\/wp\/v2\/tags?post=4811"}],"curies":[{"name":"wp","href":"https:\/\/api.w.org\/{rel}","templated":true}]}}