{"id":4840,"date":"2024-03-27T21:21:12","date_gmt":"2024-03-28T01:21:12","guid":{"rendered":"https:\/\/www.confederaciondelcobre.cl\/?p=4840"},"modified":"2024-03-27T21:21:15","modified_gmt":"2024-03-28T01:21:15","slug":"comunicadoctc-por-ataque-de-corte-nazi-fascista-y-pinochetista-perpetrado-en-contra-de-sedes-de-organizaciones-politica-y-de-derechos-humanos-en-copiapo","status":"publish","type":"post","link":"https:\/\/www.confederaciondelcobre.cl\/index.php\/2024\/03\/27\/comunicadoctc-por-ataque-de-corte-nazi-fascista-y-pinochetista-perpetrado-en-contra-de-sedes-de-organizaciones-politica-y-de-derechos-humanos-en-copiapo\/","title":{"rendered":"#ComunicadoCTC | Por ataque de corte nazi, fascista y pinochetista perpetrado en contra de sedes de organizaciones pol\u00edtica y de Derechos Humanos en Copiap\u00f3."},"content":{"rendered":"\n<p class=\"has-text-align-center has-medium-font-size\"><strong>Ante ataque de odio perpetrado en contra de sedes de organizaciones pol\u00edtica y de Derechos Humanos en Copiap\u00f3.<\/strong><\/p>\n\n\n\n<p>Ante el ataque de odio con rayados de corte nazi, fascista y pinochetista, que incluy\u00f3 la detonaci\u00f3n de una bomba, al parecer de ruido, perpetrado el d\u00eda de ayer martes 26 de marzo en contra de las sedes de la \u201cCasa de la Memoria\u201d y del Partido Comunista (PC) de Chile en la Ciudad de Copiap\u00f3 (regi\u00f3n de Atacama), la Confederaci\u00f3n de Trabajadores del Cobre, en primer lugar, y junto con condenar categ\u00f3ricamente lo antes descrito, manifiesta su solidaridad con las organizaciones afectadas.<\/p>\n\n\n\n<p>Nuestra organizaci\u00f3n, de car\u00e1cter nacional, que agrupa y organiza a las y los trabajadores de empresas contratistas y subcontratistas de la miner\u00eda del cobre, hace un en\u00e9rgico llamado a las autoridades competentes a investigar y sancionar debidamente a el o los autores de los mencionados ataques, a la vez que reitera y reafirma su absoluta solidaridad con el Partido Comunista de Chile en la ciudad de Copiap\u00f3 y con la agrupaci\u00f3n \u201cCasa de la Memoria\u201d, agrupaci\u00f3n con la que sostenemos estrechos lazos en torno a la permanente promoci\u00f3n y defensa de la memoria hist\u00f3rica, en particular para con los miles de hechos y casos de violaciones a los Derechos Humanos en nuestro pa\u00eds, sean estos durante la dictadura civil-militar como en democracia, y entre los cuales, sin ir m\u00e1s lejos, tambi\u00e9n cuentan las v\u00edctimas durante el estallido o revuelta social de 2019, y el asesinato de nuestro compa\u00f1ero Nelson Quichillao L\u00f3pez en 2015.<\/p>\n\n\n\n<p>Las ideolog\u00edas de odio, reivindicadas expl\u00edcitamente en los rayados efectuados durante el ataque a ambas sedes, han sido el hist\u00f3rico m\u00f3vil de brutales cr\u00edmenes cometidos en contra de los pueblos y la humanidad en su conjunto. Lo sabe el mundo y lo sabemos en Chile, pues, a la vez que representan las peores heridas de la historia, son absolutamente perjudiciales y contrarias a la democracia que en Chile tanto cost\u00f3 recuperar. Es deber de todas y todos, entonces, incluidas las autoridades, ponerle freno y no dar cabida alguna a los intentos de su posible y nuevo resurgimiento.<\/p>\n\n\n\n<p class=\"has-text-align-center\"><strong>CONFEDERACI\u00d3N DE TRABAJADORES DEL COBRE<\/strong><\/p>\n\n\n\n<p class=\"has-text-align-right\">Chile, mi\u00e9rcoles 27 de marzo de 2024.<\/p>\n\n\n<div class=\"wp-block-image\">\n<figure class=\"aligncenter size-large\"><img loading=\"lazy\" decoding=\"async\" width=\"563\" height=\"1024\" src=\"https:\/\/www.confederaciondelcobre.cl\/wp-content\/uploads\/2024\/03\/Por-ataque-a-sedes-Copiapo-27.03.2024-563x1024.png\" alt=\"\" class=\"wp-image-4845\" srcset=\"https:\/\/www.confederaciondelcobre.cl\/wp-content\/uploads\/2024\/03\/Por-ataque-a-sedes-Copiapo-27.03.2024-563x1024.png 563w, https:\/\/www.confederaciondelcobre.cl\/wp-content\/uploads\/2024\/03\/Por-ataque-a-sedes-Copiapo-27.03.2024-165x300.png 165w, https:\/\/www.confederaciondelcobre.cl\/wp-content\/uploads\/2024\/03\/Por-ataque-a-sedes-Copiapo-27.03.2024.png 594w\" sizes=\"auto, (max-width: 563px) 100vw, 563px\" \/><\/figure><\/div>","protected":false},"excerpt":{"rendered":"<p>Ante ataque de odio perpetrado en contra de sedes de organizaciones pol\u00edtica y de Derechos Humanos en Copiap\u00f3. Ante el ataque de odio con rayados de corte nazi, fascista y &hellip; <\/p>\n","protected":false},"author":2,"featured_media":4844,"comment_status":"closed","ping_status":"closed","sticky":false,"template":"","format":"standard","meta":{"jetpack_post_was_ever_published":false,"_jetpack_newsletter_access":"","_jetpack_dont_email_post_to_subs":false,"_jetpack_newsletter_tier_id":0,"_jetpack_memberships_contains_paywalled_content":false,"_jetpack_memberships_contains_paid_content":false,"footnotes":"","jetpack_publicize_message":"","jetpack_publicize_feature_enabled":false,"jetpack_social_post_already_shared":true,"jetpack_social_options":{"image_generator_settings":{"template":"highway","default_image_id":0,"enabled":false},"version":2}},"categories":[8,9,13,14,15,19],"tags":[],"class_list":["post-4840","post","type-post","status-publish","format-standard","has-post-thumbnail","hentry","category-comunicado","category-confederacion","category-internacional","category-movimientos-sociales","category-nacional","category-trabajadores"],"jetpack_publicize_connections":[],"jetpack_featured_media_url":"https:\/\/www.confederaciondelcobre.cl\/wp-content\/uploads\/2024\/03\/Port-9.jpg","jetpack_sharing_enabled":true,"post_mailing_queue_ids":[],"_links":{"self":[{"href":"https:\/\/www.confederaciondelcobre.cl\/index.php\/wp-json\/wp\/v2\/posts\/4840","targetHints":{"allow":["GET"]}}],"collection":[{"href":"https:\/\/www.confederaciondelcobre.cl\/index.php\/wp-json\/wp\/v2\/posts"}],"about":[{"href":"https:\/\/www.confederaciondelcobre.cl\/index.php\/wp-json\/wp\/v2\/types\/post"}],"author":[{"embeddable":true,"href":"https:\/\/www.confederaciondelcobre.cl\/index.php\/wp-json\/wp\/v2\/users\/2"}],"replies":[{"embeddable":true,"href":"https:\/\/www.confederaciondelcobre.cl\/index.php\/wp-json\/wp\/v2\/comments?post=4840"}],"version-history":[{"count":3,"href":"https:\/\/www.confederaciondelcobre.cl\/index.php\/wp-json\/wp\/v2\/posts\/4840\/revisions"}],"predecessor-version":[{"id":4847,"href":"https:\/\/www.confederaciondelcobre.cl\/index.php\/wp-json\/wp\/v2\/posts\/4840\/revisions\/4847"}],"wp:featuredmedia":[{"embeddable":true,"href":"https:\/\/www.confederaciondelcobre.cl\/index.php\/wp-json\/wp\/v2\/media\/4844"}],"wp:attachment":[{"href":"https:\/\/www.confederaciondelcobre.cl\/index.php\/wp-json\/wp\/v2\/media?parent=4840"}],"wp:term":[{"taxonomy":"category","embeddable":true,"href":"https:\/\/www.confederaciondelcobre.cl\/index.php\/wp-json\/wp\/v2\/categories?post=4840"},{"taxonomy":"post_tag","embeddable":true,"href":"https:\/\/www.confederaciondelcobre.cl\/index.php\/wp-json\/wp\/v2\/tags?post=4840"}],"curies":[{"name":"wp","href":"https:\/\/api.w.org\/{rel}","templated":true}]}}