{"id":4852,"date":"2024-04-11T17:17:25","date_gmt":"2024-04-11T21:17:25","guid":{"rendered":"https:\/\/www.confederaciondelcobre.cl\/?p=4852"},"modified":"2024-04-11T17:17:28","modified_gmt":"2024-04-11T21:17:28","slug":"fotos-con-masiva-convocatoria-en-santiago-paronacional-de-la-cut-se-desarrollo-a-lo-largo-de-todo-el-pais","status":"publish","type":"post","link":"https:\/\/www.confederaciondelcobre.cl\/index.php\/2024\/04\/11\/fotos-con-masiva-convocatoria-en-santiago-paronacional-de-la-cut-se-desarrollo-a-lo-largo-de-todo-el-pais\/","title":{"rendered":"[fotos] Con masiva convocatoria en Santiago, #ParoNacional de la CUT se desarroll\u00f3 a lo largo de todo el pa\u00eds."},"content":{"rendered":"\n<p>El d\u00eda de hoy, jueves 11 de abril, con marchas y actividades que se desarrollaron a lo largo de todo el pa\u00eds, se llev\u00f3 a cabo el Paro Nacional convocado por la Central Unitaria de Tabajadores (CUT-Chile). Dicha jornada, a la que se sumaron multitud de sindicatos, gremios, organizaciones sociales, culturales, de pobladores y estudiantes, entre otros, tambi\u00e9n cont\u00f3 con la participaci\u00f3n de la Confederaci\u00f3n de Trabajadores del Cobre (CTC) en Santiago y territorios.<\/p>\n\n\n\n<p>Las demandas, levantadas durante la jornada, dicen principalmente relaci\u00f3n con los cambios y reformas que deben ir en directo beneficio de las y los trabajadores, pero tambi\u00e9n, por cierto, de la poblaci\u00f3n en su conjunto. Es de tal manera que, dirigentas y dirigentas, a prop\u00f3sito del mencionado estancamiento, acusaron particularmente a la derecha pol\u00edtica y econ\u00f3mica del pa\u00eds, que se ha convertido en una verdadera piedra de tope para detener el avance de demandas en torno a -por ejemplo- \u00a0ponerle fin a los abusos y corrupci\u00f3n, por mejores condiciones sociales y laborales, y una importante cantidad de reivindicaciones por sector laboral-productivo, entre las cuales, cabe agregar, tambi\u00e9n se encuentran las de las y los trabajadores de empresas contratistas y subcontratistas del cobre representados por la CTC.<\/p>\n\n\n\n<blockquote class=\"wp-block-quote has-text-align-left is-layout-flow wp-block-quote-is-layout-flow\">\n<p>\u201cLas trabajadoras y los trabajadores mas precarizados del cobre, junto con repudiar estas maniobras de la derecha, reivindicamos nuestro derecho a avanzar en la soluci\u00f3n de las necesidades m\u00e1s urgentes de todos los chilenos y chilenas: Reforma Tributaria que imponga un tributo sustancial a las grandes fortunas, una Reforma de Pensiones que dignifique la vida de nuestros adultos mayores, una legislaci\u00f3n laboral que legitime la Negociaci\u00f3n Colectiva Multinivel, con empleo estable y seguro, salario justo y suficiente y trato laboral y salarial igualitario para trabajadores y trabajadoras, un sistema de Salud y de Educaci\u00f3n p\u00fablicas de calidad y, en s\u00edntesis, un Modelo de Desarrollo centrado en las necesidades del pueblo y no en la rentabilidad del gran empresariado\u201d.<\/p>\n<cite>fragmento de declaraci\u00f3n de la CTC, para este Paro Nacional del 11 de abril de 2024. (ver completa al final de esta nota)<\/cite><\/blockquote>\n\n\n\n<figure class=\"wp-block-image size-full\"><img loading=\"lazy\" decoding=\"async\" width=\"800\" height=\"600\" src=\"https:\/\/www.confederaciondelcobre.cl\/wp-content\/uploads\/2024\/04\/10.jpg\" alt=\"\" class=\"wp-image-4865\" srcset=\"https:\/\/www.confederaciondelcobre.cl\/wp-content\/uploads\/2024\/04\/10.jpg 800w, https:\/\/www.confederaciondelcobre.cl\/wp-content\/uploads\/2024\/04\/10-300x225.jpg 300w, https:\/\/www.confederaciondelcobre.cl\/wp-content\/uploads\/2024\/04\/10-768x576.jpg 768w\" sizes=\"auto, (max-width: 800px) 100vw, 800px\" \/><figcaption class=\"wp-element-caption\">Ana Lamas Aguirre, Presidenta de la CTC, entregando saludo y palabras a las y los trabajadores que participaron de la marcha en la Alameda de Santiago de Chile.<\/figcaption><\/figure>\n\n\n\n<p>Al concluir la jornada, entre saludos y discursos de dirigentes nacionales de la CUT, <strong>la Presidenta de la CTC, Ana Lamas Aguirre, quien particip\u00f3 de esta jornada en Santiago junto al Director Nacional de Organizaci\u00f3n, Patricio Roco Bucarey<\/strong>; tambi\u00e9n ofreci\u00f3 palabras a la multitud congregada en la Alameda de Santiago. En su alocuci\u00f3n <strong>se refiri\u00f3 principalmente a lo valioso que resulta la unidad para las y los trabajadores, a la vez que hizo un en\u00e9rgico llamado a retomar el rol hist\u00f3rico de la clase trabajadora, en cuanto a la instalaci\u00f3n y necesario impulso de las demandas sociales y populares<\/strong>.<\/p>\n\n\n\n<p>En la jornada de hoy, las y los trabajadores han demostrado -una vez m\u00e1s- una fuerte cohesi\u00f3n y capacidad movilizadora. El llamado de atenci\u00f3n, tal y como lo se\u00f1alaran dirigentes de la CUT, es principalmente a la derecha chilena, que se ha empe\u00f1ado en bloquear todo intento de avance de la justicia social y democracia en nuestro pa\u00eds; pero tambi\u00e9n al espectro pol\u00edtico en general: a que enmienden el rumbo, pues las y los trabajadores organizados van a seguir insistiendo en sus demandas en todos los espacios, sea a instancias de intercambio y negociaci\u00f3n con el gobierno, parlamento y\/\u00f3 empresarios, o, c\u00f3mo hoy y siempre, en la huelga, en los centros de trabajo y en la calle.<\/p>\n\n\n\n<div class=\"wp-block-jetpack-slideshow aligncenter\" data-effect=\"slide\"><div class=\"wp-block-jetpack-slideshow_container swiper-container\"><ul class=\"wp-block-jetpack-slideshow_swiper-wrapper swiper-wrapper\"><li class=\"wp-block-jetpack-slideshow_slide swiper-slide\"><figure><img loading=\"lazy\" decoding=\"async\" width=\"800\" height=\"600\" alt=\"\" class=\"wp-block-jetpack-slideshow_image wp-image-4856\" data-id=\"4856\" src=\"https:\/\/www.confederaciondelcobre.cl\/wp-content\/uploads\/2024\/04\/1.jpg\" srcset=\"https:\/\/www.confederaciondelcobre.cl\/wp-content\/uploads\/2024\/04\/1.jpg 800w, https:\/\/www.confederaciondelcobre.cl\/wp-content\/uploads\/2024\/04\/1-300x225.jpg 300w, https:\/\/www.confederaciondelcobre.cl\/wp-content\/uploads\/2024\/04\/1-768x576.jpg 768w\" sizes=\"auto, (max-width: 800px) 100vw, 800px\" \/><\/figure><\/li><li class=\"wp-block-jetpack-slideshow_slide swiper-slide\"><figure><img loading=\"lazy\" decoding=\"async\" width=\"800\" height=\"600\" alt=\"\" class=\"wp-block-jetpack-slideshow_image wp-image-4857\" data-id=\"4857\" src=\"https:\/\/www.confederaciondelcobre.cl\/wp-content\/uploads\/2024\/04\/2.jpg\" srcset=\"https:\/\/www.confederaciondelcobre.cl\/wp-content\/uploads\/2024\/04\/2.jpg 800w, https:\/\/www.confederaciondelcobre.cl\/wp-content\/uploads\/2024\/04\/2-300x225.jpg 300w, https:\/\/www.confederaciondelcobre.cl\/wp-content\/uploads\/2024\/04\/2-768x576.jpg 768w\" sizes=\"auto, (max-width: 800px) 100vw, 800px\" \/><\/figure><\/li><li class=\"wp-block-jetpack-slideshow_slide swiper-slide\"><figure><img loading=\"lazy\" decoding=\"async\" width=\"800\" height=\"600\" alt=\"\" class=\"wp-block-jetpack-slideshow_image wp-image-4858\" data-id=\"4858\" src=\"https:\/\/www.confederaciondelcobre.cl\/wp-content\/uploads\/2024\/04\/3.jpg\" srcset=\"https:\/\/www.confederaciondelcobre.cl\/wp-content\/uploads\/2024\/04\/3.jpg 800w, https:\/\/www.confederaciondelcobre.cl\/wp-content\/uploads\/2024\/04\/3-300x225.jpg 300w, https:\/\/www.confederaciondelcobre.cl\/wp-content\/uploads\/2024\/04\/3-768x576.jpg 768w\" sizes=\"auto, (max-width: 800px) 100vw, 800px\" \/><\/figure><\/li><li class=\"wp-block-jetpack-slideshow_slide swiper-slide\"><figure><img loading=\"lazy\" decoding=\"async\" width=\"800\" height=\"600\" alt=\"\" class=\"wp-block-jetpack-slideshow_image wp-image-4859\" data-id=\"4859\" src=\"https:\/\/www.confederaciondelcobre.cl\/wp-content\/uploads\/2024\/04\/4.jpg\" srcset=\"https:\/\/www.confederaciondelcobre.cl\/wp-content\/uploads\/2024\/04\/4.jpg 800w, https:\/\/www.confederaciondelcobre.cl\/wp-content\/uploads\/2024\/04\/4-300x225.jpg 300w, https:\/\/www.confederaciondelcobre.cl\/wp-content\/uploads\/2024\/04\/4-768x576.jpg 768w\" sizes=\"auto, (max-width: 800px) 100vw, 800px\" \/><\/figure><\/li><li class=\"wp-block-jetpack-slideshow_slide swiper-slide\"><figure><img loading=\"lazy\" decoding=\"async\" width=\"800\" height=\"600\" alt=\"\" class=\"wp-block-jetpack-slideshow_image wp-image-4860\" data-id=\"4860\" src=\"https:\/\/www.confederaciondelcobre.cl\/wp-content\/uploads\/2024\/04\/5.jpg\" srcset=\"https:\/\/www.confederaciondelcobre.cl\/wp-content\/uploads\/2024\/04\/5.jpg 800w, https:\/\/www.confederaciondelcobre.cl\/wp-content\/uploads\/2024\/04\/5-300x225.jpg 300w, https:\/\/www.confederaciondelcobre.cl\/wp-content\/uploads\/2024\/04\/5-768x576.jpg 768w\" sizes=\"auto, (max-width: 800px) 100vw, 800px\" \/><\/figure><\/li><li class=\"wp-block-jetpack-slideshow_slide swiper-slide\"><figure><img loading=\"lazy\" decoding=\"async\" width=\"800\" height=\"600\" alt=\"\" class=\"wp-block-jetpack-slideshow_image wp-image-4861\" data-id=\"4861\" src=\"https:\/\/www.confederaciondelcobre.cl\/wp-content\/uploads\/2024\/04\/6.jpg\" srcset=\"https:\/\/www.confederaciondelcobre.cl\/wp-content\/uploads\/2024\/04\/6.jpg 800w, https:\/\/www.confederaciondelcobre.cl\/wp-content\/uploads\/2024\/04\/6-300x225.jpg 300w, https:\/\/www.confederaciondelcobre.cl\/wp-content\/uploads\/2024\/04\/6-768x576.jpg 768w\" sizes=\"auto, (max-width: 800px) 100vw, 800px\" \/><\/figure><\/li><li class=\"wp-block-jetpack-slideshow_slide swiper-slide\"><figure><img loading=\"lazy\" decoding=\"async\" width=\"800\" height=\"600\" alt=\"\" class=\"wp-block-jetpack-slideshow_image wp-image-4862\" data-id=\"4862\" src=\"https:\/\/www.confederaciondelcobre.cl\/wp-content\/uploads\/2024\/04\/7.jpg\" srcset=\"https:\/\/www.confederaciondelcobre.cl\/wp-content\/uploads\/2024\/04\/7.jpg 800w, https:\/\/www.confederaciondelcobre.cl\/wp-content\/uploads\/2024\/04\/7-300x225.jpg 300w, https:\/\/www.confederaciondelcobre.cl\/wp-content\/uploads\/2024\/04\/7-768x576.jpg 768w\" sizes=\"auto, (max-width: 800px) 100vw, 800px\" \/><\/figure><\/li><li class=\"wp-block-jetpack-slideshow_slide swiper-slide\"><figure><img loading=\"lazy\" decoding=\"async\" width=\"800\" height=\"600\" alt=\"\" class=\"wp-block-jetpack-slideshow_image wp-image-4863\" data-id=\"4863\" src=\"https:\/\/www.confederaciondelcobre.cl\/wp-content\/uploads\/2024\/04\/8.jpg\" srcset=\"https:\/\/www.confederaciondelcobre.cl\/wp-content\/uploads\/2024\/04\/8.jpg 800w, https:\/\/www.confederaciondelcobre.cl\/wp-content\/uploads\/2024\/04\/8-300x225.jpg 300w, https:\/\/www.confederaciondelcobre.cl\/wp-content\/uploads\/2024\/04\/8-768x576.jpg 768w\" sizes=\"auto, (max-width: 800px) 100vw, 800px\" \/><\/figure><\/li><li class=\"wp-block-jetpack-slideshow_slide swiper-slide\"><figure><img loading=\"lazy\" decoding=\"async\" width=\"800\" height=\"600\" alt=\"\" class=\"wp-block-jetpack-slideshow_image wp-image-4864\" data-id=\"4864\" src=\"https:\/\/www.confederaciondelcobre.cl\/wp-content\/uploads\/2024\/04\/9.jpg\" srcset=\"https:\/\/www.confederaciondelcobre.cl\/wp-content\/uploads\/2024\/04\/9.jpg 800w, https:\/\/www.confederaciondelcobre.cl\/wp-content\/uploads\/2024\/04\/9-300x225.jpg 300w, https:\/\/www.confederaciondelcobre.cl\/wp-content\/uploads\/2024\/04\/9-768x576.jpg 768w\" sizes=\"auto, (max-width: 800px) 100vw, 800px\" \/><\/figure><\/li><li class=\"wp-block-jetpack-slideshow_slide swiper-slide\"><figure><img loading=\"lazy\" decoding=\"async\" width=\"800\" height=\"600\" alt=\"\" class=\"wp-block-jetpack-slideshow_image wp-image-4865\" data-id=\"4865\" src=\"https:\/\/www.confederaciondelcobre.cl\/wp-content\/uploads\/2024\/04\/10.jpg\" srcset=\"https:\/\/www.confederaciondelcobre.cl\/wp-content\/uploads\/2024\/04\/10.jpg 800w, https:\/\/www.confederaciondelcobre.cl\/wp-content\/uploads\/2024\/04\/10-300x225.jpg 300w, https:\/\/www.confederaciondelcobre.cl\/wp-content\/uploads\/2024\/04\/10-768x576.jpg 768w\" sizes=\"auto, (max-width: 800px) 100vw, 800px\" \/><\/figure><\/li><\/ul><a class=\"wp-block-jetpack-slideshow_button-prev swiper-button-prev swiper-button-white\" role=\"button\"><\/a><a class=\"wp-block-jetpack-slideshow_button-next swiper-button-next swiper-button-white\" role=\"button\"><\/a><a aria-label=\"Pause Slideshow\" class=\"wp-block-jetpack-slideshow_button-pause\" role=\"button\"><\/a><div class=\"wp-block-jetpack-slideshow_pagination swiper-pagination swiper-pagination-white\"><\/div><\/div><\/div>\n\n\n\n<figure class=\"wp-block-image size-large\"><img loading=\"lazy\" decoding=\"async\" width=\"564\" height=\"1024\" src=\"https:\/\/www.confederaciondelcobre.cl\/wp-content\/uploads\/2024\/04\/CTC-564x1024.png\" alt=\"\" class=\"wp-image-4866\" srcset=\"https:\/\/www.confederaciondelcobre.cl\/wp-content\/uploads\/2024\/04\/CTC-564x1024.png 564w, https:\/\/www.confederaciondelcobre.cl\/wp-content\/uploads\/2024\/04\/CTC-165x300.png 165w, https:\/\/www.confederaciondelcobre.cl\/wp-content\/uploads\/2024\/04\/CTC-768x1395.png 768w, https:\/\/www.confederaciondelcobre.cl\/wp-content\/uploads\/2024\/04\/CTC-846x1536.png 846w, https:\/\/www.confederaciondelcobre.cl\/wp-content\/uploads\/2024\/04\/CTC.png 1080w\" sizes=\"auto, (max-width: 564px) 100vw, 564px\" \/><\/figure>\n","protected":false},"excerpt":{"rendered":"<p>El d\u00eda de hoy, jueves 11 de abril, con marchas y actividades que se desarrollaron a lo largo de todo el pa\u00eds, se llev\u00f3 a cabo el Paro Nacional convocado &hellip; <\/p>\n","protected":false},"author":2,"featured_media":4868,"comment_status":"closed","ping_status":"closed","sticky":false,"template":"","format":"standard","meta":{"jetpack_post_was_ever_published":false,"_jetpack_newsletter_access":"","_jetpack_dont_email_post_to_subs":false,"_jetpack_newsletter_tier_id":0,"_jetpack_memberships_contains_paywalled_content":false,"_jetpack_memberships_contains_paid_content":false,"footnotes":"","jetpack_publicize_message":"","jetpack_publicize_feature_enabled":false,"jetpack_social_post_already_shared":true,"jetpack_social_options":{"image_generator_settings":{"template":"highway","default_image_id":0,"enabled":false},"version":2}},"categories":[8,9,27,14,15],"tags":[],"class_list":["post-4852","post","type-post","status-publish","format-standard","has-post-thumbnail","hentry","category-comunicado","category-confederacion","category-cut","category-movimientos-sociales","category-nacional"],"jetpack_publicize_connections":[],"jetpack_featured_media_url":"https:\/\/www.confederaciondelcobre.cl\/wp-content\/uploads\/2024\/04\/Port.jpg","jetpack_sharing_enabled":true,"post_mailing_queue_ids":[],"_links":{"self":[{"href":"https:\/\/www.confederaciondelcobre.cl\/index.php\/wp-json\/wp\/v2\/posts\/4852","targetHints":{"allow":["GET"]}}],"collection":[{"href":"https:\/\/www.confederaciondelcobre.cl\/index.php\/wp-json\/wp\/v2\/posts"}],"about":[{"href":"https:\/\/www.confederaciondelcobre.cl\/index.php\/wp-json\/wp\/v2\/types\/post"}],"author":[{"embeddable":true,"href":"https:\/\/www.confederaciondelcobre.cl\/index.php\/wp-json\/wp\/v2\/users\/2"}],"replies":[{"embeddable":true,"href":"https:\/\/www.confederaciondelcobre.cl\/index.php\/wp-json\/wp\/v2\/comments?post=4852"}],"version-history":[{"count":5,"href":"https:\/\/www.confederaciondelcobre.cl\/index.php\/wp-json\/wp\/v2\/posts\/4852\/revisions"}],"predecessor-version":[{"id":4869,"href":"https:\/\/www.confederaciondelcobre.cl\/index.php\/wp-json\/wp\/v2\/posts\/4852\/revisions\/4869"}],"wp:featuredmedia":[{"embeddable":true,"href":"https:\/\/www.confederaciondelcobre.cl\/index.php\/wp-json\/wp\/v2\/media\/4868"}],"wp:attachment":[{"href":"https:\/\/www.confederaciondelcobre.cl\/index.php\/wp-json\/wp\/v2\/media?parent=4852"}],"wp:term":[{"taxonomy":"category","embeddable":true,"href":"https:\/\/www.confederaciondelcobre.cl\/index.php\/wp-json\/wp\/v2\/categories?post=4852"},{"taxonomy":"post_tag","embeddable":true,"href":"https:\/\/www.confederaciondelcobre.cl\/index.php\/wp-json\/wp\/v2\/tags?post=4852"}],"curies":[{"name":"wp","href":"https:\/\/api.w.org\/{rel}","templated":true}]}}