{"id":4878,"date":"2024-04-15T17:06:25","date_gmt":"2024-04-15T21:06:25","guid":{"rendered":"https:\/\/www.confederaciondelcobre.cl\/?p=4878"},"modified":"2024-04-15T17:12:23","modified_gmt":"2024-04-15T21:12:23","slug":"en-rancagua-sindicato-ferrostaal-no1-presento-proyecto-de-negociacion-colectiva","status":"publish","type":"post","link":"https:\/\/www.confederaciondelcobre.cl\/index.php\/2024\/04\/15\/en-rancagua-sindicato-ferrostaal-no1-presento-proyecto-de-negociacion-colectiva\/","title":{"rendered":"En Rancagua: Sindicato Ferrostaal Chile present\u00f3 proyecto de Negociaci\u00f3n Colectiva."},"content":{"rendered":"\n<p>Compuesto por trabajadoras y trabajadores que se desempe\u00f1an en mantenci\u00f3n, automatizaci\u00f3n y control industrial de procesos mineros en la Divisi\u00f3n El Teniente de Codelco; el Sindicato Ferrostaal Chile present\u00f3 formalmente el d\u00eda de hoy, lunes 15 de abril, el proyecto de lo que ser\u00e1 su s\u00e9ptima Negociaci\u00f3n Colectiva con la empresa.<\/p>\n\n\n\n<p>La presentaci\u00f3n, hecha en oficinas de la empresa y despu\u00e9s ante la Inspecci\u00f3n Provincial del Trabajo (en la ciudad de Rancagua),  fue realizada por la directiva del sindicato y contempla una serie de demandas que dicen relaci\u00f3n principalmente con el aumento y mejoras remuneracionales, como tambi\u00e9n respecto de los pagos de <em>d\u00edas especiales<\/em>, aguinaldos, bonos de escolaridad y movilizaci\u00f3n, entre otras.<\/p>\n\n\n\n<figure class=\"wp-block-gallery has-nested-images columns-default is-cropped wp-block-gallery-1 is-layout-flex wp-block-gallery-is-layout-flex\">\n<figure class=\"wp-block-image size-large\"><img loading=\"lazy\" decoding=\"async\" width=\"800\" height=\"600\" data-id=\"4882\" src=\"https:\/\/www.confederaciondelcobre.cl\/wp-content\/uploads\/2024\/04\/1-1.jpg\" alt=\"\" class=\"wp-image-4882\" srcset=\"https:\/\/www.confederaciondelcobre.cl\/wp-content\/uploads\/2024\/04\/1-1.jpg 800w, https:\/\/www.confederaciondelcobre.cl\/wp-content\/uploads\/2024\/04\/1-1-300x225.jpg 300w, https:\/\/www.confederaciondelcobre.cl\/wp-content\/uploads\/2024\/04\/1-1-768x576.jpg 768w\" sizes=\"auto, (max-width: 800px) 100vw, 800px\" \/><\/figure>\n\n\n\n<figure class=\"wp-block-image size-large\"><img loading=\"lazy\" decoding=\"async\" width=\"800\" height=\"600\" data-id=\"4883\" src=\"https:\/\/www.confederaciondelcobre.cl\/wp-content\/uploads\/2024\/04\/2-1.jpg\" alt=\"\" class=\"wp-image-4883\" srcset=\"https:\/\/www.confederaciondelcobre.cl\/wp-content\/uploads\/2024\/04\/2-1.jpg 800w, https:\/\/www.confederaciondelcobre.cl\/wp-content\/uploads\/2024\/04\/2-1-300x225.jpg 300w, https:\/\/www.confederaciondelcobre.cl\/wp-content\/uploads\/2024\/04\/2-1-768x576.jpg 768w\" sizes=\"auto, (max-width: 800px) 100vw, 800px\" \/><\/figure>\n<\/figure>\n\n\n\n<p>Para esta negociaci\u00f3n, que es la s\u00e9ptima que el sindicato y empresa llevan adelante, la dirigencia sindical espera se lleve a cabo en un clima de apertura y comprensi\u00f3n, pues las demandas de las y los trabajadores socios del sindicato \u2014subrayan\u2014 tienen que ver con un justo reconocimiento a la labor que diariamente realizan, importante para los procesos mineros, pero tambi\u00e9n para poder afrontar de mejor manera el permanente encarecimiento del costo de la vida. Es de tal manera que, un mayor reconocimiento al desempe\u00f1o laboral y m\u00e1s dignidad son conceptos principales para esta nueva negociaci\u00f3n que inicia.<\/p>\n\n\n\n<p>Desde la Confederaci\u00f3n de Trabajadores del Cobre (CTC), saludamos este nuevo proceso de negociaci\u00f3n colectiva que el Sindicato Ferrostaal Chile reci\u00e9n comienza. Saludamos tambi\u00e9n a la dirigencia, a las socias y socios del sindicato, quienes han manifestado van a estar atentos y vigilantes durante todo el proceso de esta que ya es su s\u00e9ptima negociaci\u00f3n con la empresa.<\/p>\n\n\n\n<pre class=\"wp-block-verse\">El Sindicato Ferrostaal Chile est\u00e1 afiliado a la Fetratec, que es federaci\u00f3n de la CTC en la Regi\u00f3n de O'Higgins, y es dirigido por Marco Ibarra Leiva, Presidente; Felipe Trigo Covarrubias, Secretario; y Esteban Y\u00e9venes Rebolledo, Tesorero.<\/pre>\n\n\n\n<figure class=\"wp-block-image size-full\"><img loading=\"lazy\" decoding=\"async\" width=\"800\" height=\"600\" src=\"https:\/\/www.confederaciondelcobre.cl\/wp-content\/uploads\/2024\/04\/3-1.jpg\" alt=\"\" class=\"wp-image-4884\" srcset=\"https:\/\/www.confederaciondelcobre.cl\/wp-content\/uploads\/2024\/04\/3-1.jpg 800w, https:\/\/www.confederaciondelcobre.cl\/wp-content\/uploads\/2024\/04\/3-1-300x225.jpg 300w, https:\/\/www.confederaciondelcobre.cl\/wp-content\/uploads\/2024\/04\/3-1-768x576.jpg 768w\" sizes=\"auto, (max-width: 800px) 100vw, 800px\" \/><\/figure>\n","protected":false},"excerpt":{"rendered":"<p>Compuesto por trabajadoras y trabajadores que se desempe\u00f1an en mantenci\u00f3n, automatizaci\u00f3n y control industrial de procesos mineros en la Divisi\u00f3n El Teniente de Codelco; el Sindicato Ferrostaal Chile present\u00f3 formalmente &hellip; <\/p>\n","protected":false},"author":2,"featured_media":4881,"comment_status":"closed","ping_status":"closed","sticky":false,"template":"","format":"standard","meta":{"jetpack_post_was_ever_published":false,"_jetpack_newsletter_access":"","_jetpack_dont_email_post_to_subs":false,"_jetpack_newsletter_tier_id":0,"_jetpack_memberships_contains_paywalled_content":false,"_jetpack_memberships_contains_paid_content":false,"footnotes":"","jetpack_publicize_message":"","jetpack_publicize_feature_enabled":false,"jetpack_social_post_already_shared":true,"jetpack_social_options":{"image_generator_settings":{"template":"highway","default_image_id":0,"enabled":false},"version":2}},"categories":[9,21,31,20,39],"tags":[],"class_list":["post-4878","post","type-post","status-publish","format-standard","has-post-thumbnail","hentry","category-confederacion","category-federaciones","category-fetratec","category-negociacion-colectiva","category-sindicatos"],"jetpack_publicize_connections":[],"jetpack_featured_media_url":"https:\/\/www.confederaciondelcobre.cl\/wp-content\/uploads\/2024\/04\/Portadas-web-CTC.jpg","jetpack_sharing_enabled":true,"post_mailing_queue_ids":[],"_links":{"self":[{"href":"https:\/\/www.confederaciondelcobre.cl\/index.php\/wp-json\/wp\/v2\/posts\/4878","targetHints":{"allow":["GET"]}}],"collection":[{"href":"https:\/\/www.confederaciondelcobre.cl\/index.php\/wp-json\/wp\/v2\/posts"}],"about":[{"href":"https:\/\/www.confederaciondelcobre.cl\/index.php\/wp-json\/wp\/v2\/types\/post"}],"author":[{"embeddable":true,"href":"https:\/\/www.confederaciondelcobre.cl\/index.php\/wp-json\/wp\/v2\/users\/2"}],"replies":[{"embeddable":true,"href":"https:\/\/www.confederaciondelcobre.cl\/index.php\/wp-json\/wp\/v2\/comments?post=4878"}],"version-history":[{"count":4,"href":"https:\/\/www.confederaciondelcobre.cl\/index.php\/wp-json\/wp\/v2\/posts\/4878\/revisions"}],"predecessor-version":[{"id":4887,"href":"https:\/\/www.confederaciondelcobre.cl\/index.php\/wp-json\/wp\/v2\/posts\/4878\/revisions\/4887"}],"wp:featuredmedia":[{"embeddable":true,"href":"https:\/\/www.confederaciondelcobre.cl\/index.php\/wp-json\/wp\/v2\/media\/4881"}],"wp:attachment":[{"href":"https:\/\/www.confederaciondelcobre.cl\/index.php\/wp-json\/wp\/v2\/media?parent=4878"}],"wp:term":[{"taxonomy":"category","embeddable":true,"href":"https:\/\/www.confederaciondelcobre.cl\/index.php\/wp-json\/wp\/v2\/categories?post=4878"},{"taxonomy":"post_tag","embeddable":true,"href":"https:\/\/www.confederaciondelcobre.cl\/index.php\/wp-json\/wp\/v2\/tags?post=4878"}],"curies":[{"name":"wp","href":"https:\/\/api.w.org\/{rel}","templated":true}]}}