{"id":4915,"date":"2024-05-01T22:52:59","date_gmt":"2024-05-02T02:52:59","guid":{"rendered":"https:\/\/www.confederaciondelcobre.cl\/?p=4915"},"modified":"2024-05-01T22:53:02","modified_gmt":"2024-05-02T02:53:02","slug":"un-nuevo-1-de-mayo-se-llevo-a-cabo-en-todo-el-pais-y-de-forma-masiva-en-santiago","status":"publish","type":"post","link":"https:\/\/www.confederaciondelcobre.cl\/index.php\/2024\/05\/01\/un-nuevo-1-de-mayo-se-llevo-a-cabo-en-todo-el-pais-y-de-forma-masiva-en-santiago\/","title":{"rendered":"Un nuevo 1\u00b0 de mayo se llev\u00f3 a cabo en todo el pa\u00eds, y de forma masiva en Santiago."},"content":{"rendered":"\n<p>El d\u00eda de hoy, primero de mayo, d\u00eda internacional de las y los trabajadores, se realizaron actos de conmemoraci\u00f3n a lo largo de todo el pa\u00eds y en dichos actos, convocados por la Central Unitaria de Trabajadores (CUT-Chile), participaron diversas organizaciones sindicales, entre ellas la Confederaci\u00f3n de Trabajadores del Cobre (CTC); junto a diversas organizaciones sociales, de derechos humanos, culturales, de pobladoras, pobladores y estudiantiles, entre otras.<\/p>\n\n\n\n<figure class=\"wp-block-gallery has-nested-images columns-default is-cropped wp-block-gallery-1 is-layout-flex wp-block-gallery-is-layout-flex\">\n<figure class=\"wp-block-image size-large\"><img loading=\"lazy\" decoding=\"async\" width=\"1024\" height=\"576\" data-id=\"4918\" src=\"https:\/\/www.confederaciondelcobre.cl\/wp-content\/uploads\/2024\/05\/WhatsApp-Image-2024-05-01-at-19.13.04-2-1024x576.jpeg\" alt=\"\" class=\"wp-image-4918\" srcset=\"https:\/\/www.confederaciondelcobre.cl\/wp-content\/uploads\/2024\/05\/WhatsApp-Image-2024-05-01-at-19.13.04-2-1024x576.jpeg 1024w, https:\/\/www.confederaciondelcobre.cl\/wp-content\/uploads\/2024\/05\/WhatsApp-Image-2024-05-01-at-19.13.04-2-300x169.jpeg 300w, https:\/\/www.confederaciondelcobre.cl\/wp-content\/uploads\/2024\/05\/WhatsApp-Image-2024-05-01-at-19.13.04-2-768x432.jpeg 768w, https:\/\/www.confederaciondelcobre.cl\/wp-content\/uploads\/2024\/05\/WhatsApp-Image-2024-05-01-at-19.13.04-2.jpeg 1280w\" sizes=\"auto, (max-width: 1024px) 100vw, 1024px\" \/><\/figure>\n\n\n\n<figure class=\"wp-block-image size-large\"><img loading=\"lazy\" decoding=\"async\" width=\"1024\" height=\"576\" data-id=\"4919\" src=\"https:\/\/www.confederaciondelcobre.cl\/wp-content\/uploads\/2024\/05\/WhatsApp-Image-2024-05-01-at-19.13.04-3-1024x576.jpeg\" alt=\"\" class=\"wp-image-4919\" srcset=\"https:\/\/www.confederaciondelcobre.cl\/wp-content\/uploads\/2024\/05\/WhatsApp-Image-2024-05-01-at-19.13.04-3-1024x576.jpeg 1024w, https:\/\/www.confederaciondelcobre.cl\/wp-content\/uploads\/2024\/05\/WhatsApp-Image-2024-05-01-at-19.13.04-3-300x169.jpeg 300w, https:\/\/www.confederaciondelcobre.cl\/wp-content\/uploads\/2024\/05\/WhatsApp-Image-2024-05-01-at-19.13.04-3-768x432.jpeg 768w, https:\/\/www.confederaciondelcobre.cl\/wp-content\/uploads\/2024\/05\/WhatsApp-Image-2024-05-01-at-19.13.04-3.jpeg 1280w\" sizes=\"auto, (max-width: 1024px) 100vw, 1024px\" \/><\/figure>\n<\/figure>\n\n\n\n<p>Por mencionar algunas, donde participaron dirigentes nacionales y territoriales de la CTC, las conmemoraciones se llevaron acabo levantando consignas que dicen relaci\u00f3n con las demandas m\u00e1s sentidas de las y los trabajadores, tanto a nivel local como nacional. es as\u00ed como en Iquique, la conmemoraci\u00f3n se llev\u00f3 a cabo en el monolito que recuerda a los obreros asesinados en la Matanza de la Escuela Santa Mar\u00eda. En Copiap\u00f3, en tanto, se desarroll\u00f3 en la plaza de armas de la ciudad; y en Calama se realiz\u00f3 en la sede de la CUT El Loa.<\/p>\n\n\n\n<div class=\"wp-block-jetpack-slideshow aligncenter\" data-effect=\"slide\"><div class=\"wp-block-jetpack-slideshow_container swiper-container\"><ul class=\"wp-block-jetpack-slideshow_swiper-wrapper swiper-wrapper\"><li class=\"wp-block-jetpack-slideshow_slide swiper-slide\"><figure><img loading=\"lazy\" decoding=\"async\" width=\"1024\" height=\"472\" alt=\"\" class=\"wp-block-jetpack-slideshow_image wp-image-4930\" data-id=\"4930\" src=\"https:\/\/www.confederaciondelcobre.cl\/wp-content\/uploads\/2024\/05\/WhatsApp-Image-2024-05-01-at-13.12.49-1024x472.jpeg\" srcset=\"https:\/\/www.confederaciondelcobre.cl\/wp-content\/uploads\/2024\/05\/WhatsApp-Image-2024-05-01-at-13.12.49-1024x472.jpeg 1024w, https:\/\/www.confederaciondelcobre.cl\/wp-content\/uploads\/2024\/05\/WhatsApp-Image-2024-05-01-at-13.12.49-300x138.jpeg 300w, https:\/\/www.confederaciondelcobre.cl\/wp-content\/uploads\/2024\/05\/WhatsApp-Image-2024-05-01-at-13.12.49-768x354.jpeg 768w, https:\/\/www.confederaciondelcobre.cl\/wp-content\/uploads\/2024\/05\/WhatsApp-Image-2024-05-01-at-13.12.49-1536x708.jpeg 1536w, https:\/\/www.confederaciondelcobre.cl\/wp-content\/uploads\/2024\/05\/WhatsApp-Image-2024-05-01-at-13.12.49.jpeg 1600w\" sizes=\"auto, (max-width: 1024px) 100vw, 1024px\" \/><\/figure><\/li><li class=\"wp-block-jetpack-slideshow_slide swiper-slide\"><figure><img loading=\"lazy\" decoding=\"async\" width=\"1024\" height=\"576\" alt=\"\" class=\"wp-block-jetpack-slideshow_image wp-image-4931\" data-id=\"4931\" src=\"https:\/\/www.confederaciondelcobre.cl\/wp-content\/uploads\/2024\/05\/WhatsApp-Image-2024-05-01-at-13.35.20-1024x576.jpeg\" srcset=\"https:\/\/www.confederaciondelcobre.cl\/wp-content\/uploads\/2024\/05\/WhatsApp-Image-2024-05-01-at-13.35.20-1024x576.jpeg 1024w, https:\/\/www.confederaciondelcobre.cl\/wp-content\/uploads\/2024\/05\/WhatsApp-Image-2024-05-01-at-13.35.20-300x169.jpeg 300w, https:\/\/www.confederaciondelcobre.cl\/wp-content\/uploads\/2024\/05\/WhatsApp-Image-2024-05-01-at-13.35.20-768x432.jpeg 768w, https:\/\/www.confederaciondelcobre.cl\/wp-content\/uploads\/2024\/05\/WhatsApp-Image-2024-05-01-at-13.35.20-1536x864.jpeg 1536w, https:\/\/www.confederaciondelcobre.cl\/wp-content\/uploads\/2024\/05\/WhatsApp-Image-2024-05-01-at-13.35.20.jpeg 1600w\" sizes=\"auto, (max-width: 1024px) 100vw, 1024px\" \/><\/figure><\/li><li class=\"wp-block-jetpack-slideshow_slide swiper-slide\"><figure><img loading=\"lazy\" decoding=\"async\" width=\"1024\" height=\"576\" alt=\"\" class=\"wp-block-jetpack-slideshow_image wp-image-4933\" data-id=\"4933\" src=\"https:\/\/www.confederaciondelcobre.cl\/wp-content\/uploads\/2024\/05\/WhatsApp-Image-2024-05-01-at-13.35.26-1024x576.jpeg\" srcset=\"https:\/\/www.confederaciondelcobre.cl\/wp-content\/uploads\/2024\/05\/WhatsApp-Image-2024-05-01-at-13.35.26-1024x576.jpeg 1024w, https:\/\/www.confederaciondelcobre.cl\/wp-content\/uploads\/2024\/05\/WhatsApp-Image-2024-05-01-at-13.35.26-300x169.jpeg 300w, https:\/\/www.confederaciondelcobre.cl\/wp-content\/uploads\/2024\/05\/WhatsApp-Image-2024-05-01-at-13.35.26-768x432.jpeg 768w, https:\/\/www.confederaciondelcobre.cl\/wp-content\/uploads\/2024\/05\/WhatsApp-Image-2024-05-01-at-13.35.26-1536x864.jpeg 1536w, https:\/\/www.confederaciondelcobre.cl\/wp-content\/uploads\/2024\/05\/WhatsApp-Image-2024-05-01-at-13.35.26.jpeg 1599w\" sizes=\"auto, (max-width: 1024px) 100vw, 1024px\" \/><\/figure><\/li><li class=\"wp-block-jetpack-slideshow_slide swiper-slide\"><figure><img loading=\"lazy\" decoding=\"async\" width=\"1024\" height=\"768\" alt=\"\" class=\"wp-block-jetpack-slideshow_image wp-image-4934\" data-id=\"4934\" src=\"https:\/\/www.confederaciondelcobre.cl\/wp-content\/uploads\/2024\/05\/WhatsApp-Image-2024-05-01-at-17.54.27-2-1024x768.jpeg\" srcset=\"https:\/\/www.confederaciondelcobre.cl\/wp-content\/uploads\/2024\/05\/WhatsApp-Image-2024-05-01-at-17.54.27-2-1024x768.jpeg 1024w, https:\/\/www.confederaciondelcobre.cl\/wp-content\/uploads\/2024\/05\/WhatsApp-Image-2024-05-01-at-17.54.27-2-300x225.jpeg 300w, https:\/\/www.confederaciondelcobre.cl\/wp-content\/uploads\/2024\/05\/WhatsApp-Image-2024-05-01-at-17.54.27-2-768x576.jpeg 768w, https:\/\/www.confederaciondelcobre.cl\/wp-content\/uploads\/2024\/05\/WhatsApp-Image-2024-05-01-at-17.54.27-2.jpeg 1280w\" sizes=\"auto, (max-width: 1024px) 100vw, 1024px\" \/><\/figure><\/li><li class=\"wp-block-jetpack-slideshow_slide swiper-slide\"><figure><img loading=\"lazy\" decoding=\"async\" width=\"1024\" height=\"768\" alt=\"\" class=\"wp-block-jetpack-slideshow_image wp-image-4935\" data-id=\"4935\" src=\"https:\/\/www.confederaciondelcobre.cl\/wp-content\/uploads\/2024\/05\/WhatsApp-Image-2024-05-01-at-17.54.30-1-1024x768.jpeg\" srcset=\"https:\/\/www.confederaciondelcobre.cl\/wp-content\/uploads\/2024\/05\/WhatsApp-Image-2024-05-01-at-17.54.30-1-1024x768.jpeg 1024w, https:\/\/www.confederaciondelcobre.cl\/wp-content\/uploads\/2024\/05\/WhatsApp-Image-2024-05-01-at-17.54.30-1-300x225.jpeg 300w, https:\/\/www.confederaciondelcobre.cl\/wp-content\/uploads\/2024\/05\/WhatsApp-Image-2024-05-01-at-17.54.30-1-768x576.jpeg 768w, https:\/\/www.confederaciondelcobre.cl\/wp-content\/uploads\/2024\/05\/WhatsApp-Image-2024-05-01-at-17.54.30-1.jpeg 1080w\" sizes=\"auto, (max-width: 1024px) 100vw, 1024px\" \/><\/figure><\/li><\/ul><a class=\"wp-block-jetpack-slideshow_button-prev swiper-button-prev swiper-button-white\" role=\"button\"><\/a><a class=\"wp-block-jetpack-slideshow_button-next swiper-button-next swiper-button-white\" role=\"button\"><\/a><a aria-label=\"Pause Slideshow\" class=\"wp-block-jetpack-slideshow_button-pause\" role=\"button\"><\/a><div class=\"wp-block-jetpack-slideshow_pagination swiper-pagination swiper-pagination-white\"><\/div><\/div><\/div>\n\n\n\n<p>En Santiago la marcha parti\u00f3 alrededor de las 11:00 de la ma\u00f1ana. La cita tuvo lugar en la Alameda a la altura de la estaci\u00f3n de Metro Los H\u00e9roes, y en ella, por parte de la CTC, participaron Ana Lamas Aguirre (Presidenta), Patricio Roco Bucarey (Director Nacional Encargado de Organizaci\u00f3n) y Corina Alfaro D\u00edaz (Directora Nacional Encargada de Inclusi\u00f3n y G\u00e9nero). La convocatoria, masiva, y como se\u00f1al\u00e1ramos anteriormente, se llen\u00f3 de diversas organizaciones sociales, culturales, de derechos humanos, de pobladoras, pobladores y estudiantiles, entre otras, manifestando cada una sus propias reivindicaciones, que, por cierto, tuvieron eco en el acto central llevado a cabo en la intersecci\u00f3n de la Alameda con Portugal.<\/p>\n\n\n\n<p>En el discurso central, ofrecido por David Acu\u00f1a Millahueique, quien es Presidente de la CUT-Chile, se puso \u00e9nfasis en el llamado urgente a la unidad y movilizaci\u00f3n social en Chile, resaltando la necesidad de la participaci\u00f3n de diversos sectores, incluyendo trabajadores, estudiantes y pobladores, para impulsar cambios estructurales y asegurar un pa\u00eds m\u00e1s justo y democr\u00e1tico. Del mismo modo, el Presidente de la CUT exigi\u00f3 al Gobierno a retomar el di\u00e1logo con el movimiento social y promover medidas concretas para mejorar la calidad de vida de las y los chilenos, incluyendo la presentaci\u00f3n del proyecto de negociaci\u00f3n ramal para garantizar condiciones laborales equitativas, a la vez que hizo un llamado al mundo empresarial a respetar las leyes y trabajar por una sociedad m\u00e1s inclusiva, as\u00ed como a los parlamentarios de derecha a dejar de lado intereses econ\u00f3micos y trabajar por el bienestar de la sociedad. Finalmente, David Acu\u00f1a Millahueique llam\u00f3 a todo el pueblo chileno a trabajar con unidad y respeto, reconociendo la unidad como el camino hacia un mejor Chile.<\/p>\n\n\n\n<figure class=\"wp-block-image size-large\"><img loading=\"lazy\" decoding=\"async\" width=\"1024\" height=\"576\" src=\"https:\/\/www.confederaciondelcobre.cl\/wp-content\/uploads\/2024\/05\/WhatsApp-Image-2024-05-01-at-19.13.05-2-1024x576.jpeg\" alt=\"\" class=\"wp-image-4920\" srcset=\"https:\/\/www.confederaciondelcobre.cl\/wp-content\/uploads\/2024\/05\/WhatsApp-Image-2024-05-01-at-19.13.05-2-1024x576.jpeg 1024w, https:\/\/www.confederaciondelcobre.cl\/wp-content\/uploads\/2024\/05\/WhatsApp-Image-2024-05-01-at-19.13.05-2-300x169.jpeg 300w, https:\/\/www.confederaciondelcobre.cl\/wp-content\/uploads\/2024\/05\/WhatsApp-Image-2024-05-01-at-19.13.05-2-768x432.jpeg 768w, https:\/\/www.confederaciondelcobre.cl\/wp-content\/uploads\/2024\/05\/WhatsApp-Image-2024-05-01-at-19.13.05-2.jpeg 1280w\" sizes=\"auto, (max-width: 1024px) 100vw, 1024px\" \/><\/figure>\n\n\n\n<p>\u2060La Confederaci\u00f3n de Trabajadores del Cobre, como cada primero de mayo, estuvimos en distintos acctos y actividades a prop\u00f3sito de la conmemoraci\u00f3n del d\u00eda internacional de las y los trabajadores, trabajadoras y trabajadores a quienes reiteramos nuestro fraternal saludo. Como organizaci\u00f3n, asumimos el manifiesto social de la CUT, a la vez que demandamos la necesidad de retomar ya los compromisos con las y los trabajadores asumidos en el programa de gobierno. Recalcamos que la negociaci\u00f3n colectiva a nivel sectorial o ramal es un mecanismo de distribuci\u00f3n de la riqueza, que adem\u00e1s fortalece la democracia.  Demandamos, por tanto, al gobierno enviar a la brevedad un proyecto de ley que la fortalezca en los marcos de las recomendaciones internacionales. <\/p>\n\n\n\n<p>\u2060Nuestras luchas sindicales, sin ir mas lejos, obligaron a las empresas a aceptar la celebraci\u00f3n de los denominados Acuerdos Marco, que son instrumentos colectivos que mejoran las condiciones de las y los trabajadores contratistas y subcontratistas, y que son precisamente de negociaci\u00f3n \u201cmultinivel\u201d. Reivindicamos, entonces, la hist\u00f3rica negociaci\u00f3n colectiva ramal o multinivel que tuvo existencia en nuestro pa\u00eds hasta que nos fuera arrebatada por la dictadura civil-militar. No obstante, nosotras y nosotros, las y los trabajadores subcontratados del cobre la hemos reconquistado en los hechos el a\u00f1o 2007, la hicimos efectiva en el Acuerdo Marco y la hemos mantenido vigente hasta el d\u00eda de hoy. De ello, en este nuevo primero de mayo, rescatamos y seguiremos promoviendo la importancia de la unidad, conciencia, organizaci\u00f3n y disposici\u00f3n de lucha de las y los trabajadores, en torno a la organizaci\u00f3n y objetivos que conduzcan a una vida con mayor dignidad.<\/p>\n\n\n\n<div class=\"wp-block-jetpack-slideshow aligncenter\" data-effect=\"slide\"><div class=\"wp-block-jetpack-slideshow_container swiper-container\"><ul class=\"wp-block-jetpack-slideshow_swiper-wrapper swiper-wrapper\"><li class=\"wp-block-jetpack-slideshow_slide swiper-slide\"><figure><img loading=\"lazy\" decoding=\"async\" width=\"1024\" height=\"576\" alt=\"\" class=\"wp-block-jetpack-slideshow_image wp-image-4923\" data-id=\"4923\" src=\"https:\/\/www.confederaciondelcobre.cl\/wp-content\/uploads\/2024\/05\/WhatsApp-Image-2024-05-01-at-19.13.04-1-1024x576.jpeg\" srcset=\"https:\/\/www.confederaciondelcobre.cl\/wp-content\/uploads\/2024\/05\/WhatsApp-Image-2024-05-01-at-19.13.04-1-1024x576.jpeg 1024w, https:\/\/www.confederaciondelcobre.cl\/wp-content\/uploads\/2024\/05\/WhatsApp-Image-2024-05-01-at-19.13.04-1-300x169.jpeg 300w, https:\/\/www.confederaciondelcobre.cl\/wp-content\/uploads\/2024\/05\/WhatsApp-Image-2024-05-01-at-19.13.04-1-768x432.jpeg 768w, https:\/\/www.confederaciondelcobre.cl\/wp-content\/uploads\/2024\/05\/WhatsApp-Image-2024-05-01-at-19.13.04-1.jpeg 1280w\" sizes=\"auto, (max-width: 1024px) 100vw, 1024px\" \/><\/figure><\/li><li class=\"wp-block-jetpack-slideshow_slide swiper-slide\"><figure><img loading=\"lazy\" decoding=\"async\" width=\"1024\" height=\"576\" alt=\"\" class=\"wp-block-jetpack-slideshow_image wp-image-4924\" data-id=\"4924\" src=\"https:\/\/www.confederaciondelcobre.cl\/wp-content\/uploads\/2024\/05\/WhatsApp-Image-2024-05-01-at-19.13.05-1-1-1024x576.jpeg\" srcset=\"https:\/\/www.confederaciondelcobre.cl\/wp-content\/uploads\/2024\/05\/WhatsApp-Image-2024-05-01-at-19.13.05-1-1-1024x576.jpeg 1024w, https:\/\/www.confederaciondelcobre.cl\/wp-content\/uploads\/2024\/05\/WhatsApp-Image-2024-05-01-at-19.13.05-1-1-300x169.jpeg 300w, https:\/\/www.confederaciondelcobre.cl\/wp-content\/uploads\/2024\/05\/WhatsApp-Image-2024-05-01-at-19.13.05-1-1-768x432.jpeg 768w, https:\/\/www.confederaciondelcobre.cl\/wp-content\/uploads\/2024\/05\/WhatsApp-Image-2024-05-01-at-19.13.05-1-1.jpeg 1280w\" sizes=\"auto, (max-width: 1024px) 100vw, 1024px\" \/><\/figure><\/li><li class=\"wp-block-jetpack-slideshow_slide swiper-slide\"><figure><img loading=\"lazy\" decoding=\"async\" width=\"1024\" height=\"576\" alt=\"\" class=\"wp-block-jetpack-slideshow_image wp-image-4926\" data-id=\"4926\" src=\"https:\/\/www.confederaciondelcobre.cl\/wp-content\/uploads\/2024\/05\/WhatsApp-Image-2024-05-01-at-19.13.06-1-1024x576.jpeg\" srcset=\"https:\/\/www.confederaciondelcobre.cl\/wp-content\/uploads\/2024\/05\/WhatsApp-Image-2024-05-01-at-19.13.06-1-1024x576.jpeg 1024w, https:\/\/www.confederaciondelcobre.cl\/wp-content\/uploads\/2024\/05\/WhatsApp-Image-2024-05-01-at-19.13.06-1-300x169.jpeg 300w, https:\/\/www.confederaciondelcobre.cl\/wp-content\/uploads\/2024\/05\/WhatsApp-Image-2024-05-01-at-19.13.06-1-768x432.jpeg 768w, https:\/\/www.confederaciondelcobre.cl\/wp-content\/uploads\/2024\/05\/WhatsApp-Image-2024-05-01-at-19.13.06-1.jpeg 1280w\" sizes=\"auto, (max-width: 1024px) 100vw, 1024px\" \/><\/figure><\/li><li class=\"wp-block-jetpack-slideshow_slide swiper-slide\"><figure><img loading=\"lazy\" decoding=\"async\" width=\"1024\" height=\"576\" alt=\"\" class=\"wp-block-jetpack-slideshow_image wp-image-4927\" data-id=\"4927\" src=\"https:\/\/www.confederaciondelcobre.cl\/wp-content\/uploads\/2024\/05\/WhatsApp-Image-2024-05-01-at-19.13.06-2-1024x576.jpeg\" srcset=\"https:\/\/www.confederaciondelcobre.cl\/wp-content\/uploads\/2024\/05\/WhatsApp-Image-2024-05-01-at-19.13.06-2-1024x576.jpeg 1024w, https:\/\/www.confederaciondelcobre.cl\/wp-content\/uploads\/2024\/05\/WhatsApp-Image-2024-05-01-at-19.13.06-2-300x169.jpeg 300w, https:\/\/www.confederaciondelcobre.cl\/wp-content\/uploads\/2024\/05\/WhatsApp-Image-2024-05-01-at-19.13.06-2-768x432.jpeg 768w, https:\/\/www.confederaciondelcobre.cl\/wp-content\/uploads\/2024\/05\/WhatsApp-Image-2024-05-01-at-19.13.06-2.jpeg 1280w\" sizes=\"auto, (max-width: 1024px) 100vw, 1024px\" \/><\/figure><\/li><li class=\"wp-block-jetpack-slideshow_slide swiper-slide\"><figure><img loading=\"lazy\" decoding=\"async\" width=\"1024\" height=\"576\" alt=\"\" class=\"wp-block-jetpack-slideshow_image wp-image-4928\" data-id=\"4928\" src=\"https:\/\/www.confederaciondelcobre.cl\/wp-content\/uploads\/2024\/05\/WhatsApp-Image-2024-05-01-at-19.13.06-1024x576.jpeg\" srcset=\"https:\/\/www.confederaciondelcobre.cl\/wp-content\/uploads\/2024\/05\/WhatsApp-Image-2024-05-01-at-19.13.06-1024x576.jpeg 1024w, https:\/\/www.confederaciondelcobre.cl\/wp-content\/uploads\/2024\/05\/WhatsApp-Image-2024-05-01-at-19.13.06-300x169.jpeg 300w, https:\/\/www.confederaciondelcobre.cl\/wp-content\/uploads\/2024\/05\/WhatsApp-Image-2024-05-01-at-19.13.06-768x432.jpeg 768w, https:\/\/www.confederaciondelcobre.cl\/wp-content\/uploads\/2024\/05\/WhatsApp-Image-2024-05-01-at-19.13.06.jpeg 1280w\" sizes=\"auto, (max-width: 1024px) 100vw, 1024px\" \/><\/figure><\/li><\/ul><a class=\"wp-block-jetpack-slideshow_button-prev swiper-button-prev swiper-button-white\" role=\"button\"><\/a><a class=\"wp-block-jetpack-slideshow_button-next swiper-button-next swiper-button-white\" role=\"button\"><\/a><a aria-label=\"Pause Slideshow\" class=\"wp-block-jetpack-slideshow_button-pause\" role=\"button\"><\/a><div class=\"wp-block-jetpack-slideshow_pagination swiper-pagination swiper-pagination-white\"><\/div><\/div><\/div>\n","protected":false},"excerpt":{"rendered":"<p>El d\u00eda de hoy, primero de mayo, d\u00eda internacional de las y los trabajadores, se realizaron actos de conmemoraci\u00f3n a lo largo de todo el pa\u00eds y en dichos actos, &hellip; <\/p>\n","protected":false},"author":2,"featured_media":4917,"comment_status":"closed","ping_status":"closed","sticky":false,"template":"","format":"standard","meta":{"jetpack_post_was_ever_published":false,"_jetpack_newsletter_access":"","_jetpack_dont_email_post_to_subs":false,"_jetpack_newsletter_tier_id":0,"_jetpack_memberships_contains_paywalled_content":false,"_jetpack_memberships_contains_paid_content":false,"footnotes":"","jetpack_publicize_message":"","jetpack_publicize_feature_enabled":false,"jetpack_social_post_already_shared":false,"jetpack_social_options":{"image_generator_settings":{"template":"highway","default_image_id":0,"enabled":false},"version":2}},"categories":[5,23,9,21,14,15,39,19],"tags":[],"class_list":["post-4915","post","type-post","status-publish","format-standard","has-post-thumbnail","hentry","category-acuerdo-marco","category-acuerdo-marco-codelco","category-confederacion","category-federaciones","category-movimientos-sociales","category-nacional","category-sindicatos","category-trabajadores"],"jetpack_publicize_connections":[],"jetpack_featured_media_url":"https:\/\/www.confederaciondelcobre.cl\/wp-content\/uploads\/2024\/05\/Port.jpg","jetpack_sharing_enabled":true,"post_mailing_queue_ids":[],"_links":{"self":[{"href":"https:\/\/www.confederaciondelcobre.cl\/index.php\/wp-json\/wp\/v2\/posts\/4915","targetHints":{"allow":["GET"]}}],"collection":[{"href":"https:\/\/www.confederaciondelcobre.cl\/index.php\/wp-json\/wp\/v2\/posts"}],"about":[{"href":"https:\/\/www.confederaciondelcobre.cl\/index.php\/wp-json\/wp\/v2\/types\/post"}],"author":[{"embeddable":true,"href":"https:\/\/www.confederaciondelcobre.cl\/index.php\/wp-json\/wp\/v2\/users\/2"}],"replies":[{"embeddable":true,"href":"https:\/\/www.confederaciondelcobre.cl\/index.php\/wp-json\/wp\/v2\/comments?post=4915"}],"version-history":[{"count":5,"href":"https:\/\/www.confederaciondelcobre.cl\/index.php\/wp-json\/wp\/v2\/posts\/4915\/revisions"}],"predecessor-version":[{"id":4937,"href":"https:\/\/www.confederaciondelcobre.cl\/index.php\/wp-json\/wp\/v2\/posts\/4915\/revisions\/4937"}],"wp:featuredmedia":[{"embeddable":true,"href":"https:\/\/www.confederaciondelcobre.cl\/index.php\/wp-json\/wp\/v2\/media\/4917"}],"wp:attachment":[{"href":"https:\/\/www.confederaciondelcobre.cl\/index.php\/wp-json\/wp\/v2\/media?parent=4915"}],"wp:term":[{"taxonomy":"category","embeddable":true,"href":"https:\/\/www.confederaciondelcobre.cl\/index.php\/wp-json\/wp\/v2\/categories?post=4915"},{"taxonomy":"post_tag","embeddable":true,"href":"https:\/\/www.confederaciondelcobre.cl\/index.php\/wp-json\/wp\/v2\/tags?post=4915"}],"curies":[{"name":"wp","href":"https:\/\/api.w.org\/{rel}","templated":true}]}}