{"id":4939,"date":"2024-05-07T17:54:13","date_gmt":"2024-05-07T21:54:13","guid":{"rendered":"https:\/\/www.confederaciondelcobre.cl\/?p=4939"},"modified":"2024-05-07T17:54:16","modified_gmt":"2024-05-07T21:54:16","slug":"hasta-siempre-companero-fallecio-christian-aguilar-quien-fuera-disenador-grafico-y-fotografo-de-la-ctc","status":"publish","type":"post","link":"https:\/\/www.confederaciondelcobre.cl\/index.php\/2024\/05\/07\/hasta-siempre-companero-fallecio-christian-aguilar-quien-fuera-disenador-grafico-y-fotografo-de-la-ctc\/","title":{"rendered":"\u00a1Hasta siempre, compa\u00f1ero! Falleci\u00f3 Christian Aguilar, quien fuera dise\u00f1ador gr\u00e1fico y fot\u00f3grafo de la CTC."},"content":{"rendered":"\n<p>Dise\u00f1ador gr\u00e1fico y fot\u00f3grafo, su paso por el departamento de prensa y comunicaciones de la Confederaci\u00f3n de Trabajadores del Cobre, por all\u00e1 entre los a\u00f1os 2012 y 2014, estuvo marcado por su notable creatividad y un firme compromiso con la causa de las y los trabajadores subcontratados de la miner\u00eda nacional.<\/p>\n\n\n\n<hr class=\"wp-block-separator has-alpha-channel-opacity\"\/>\n\n\n\n<p>Nacido en 1980, y muy temprano en su vida, Christian Alejandro Aguilar Olmos debi\u00f3 abandonar el pa\u00eds junto a su familia, pues su padre y madre (ambos militantes comunistas) eran perseguidos por la dictadura civil-militar. Se refugiaron en la hermana rep\u00fablica de Argentina y regresaron a Chile en 1990.  Estudi\u00f3 en el Internado Nacional Barros Arana (INBA), donde, junto a otros compa\u00f1eros, organiz\u00f3 las Juventudes Comunistas del liceo. Posteriormente estudi\u00f3 la carrera de dise\u00f1o gr\u00e1fico, profesi\u00f3n que complementada con la fotograf\u00eda reforzar\u00eda su t\u00e9cnica y creatividad ya sin l\u00edmites.<\/p>\n\n\n\n<p>Christian Aguilar Olmos, durante a\u00f1os, fue reportero gr\u00e1fico del peri\u00f3dico El Siglo. All\u00ed lo recuerdan con especial afecto: \u00abConocido como \u201cBoikot\u201d, siempre mantuvo un v\u00ednculo fraterno y animoso con sus colegas del peri\u00f3dico y aliment\u00f3 de su material gr\u00e1fico much\u00edsimas ediciones impresas\u00bb. <\/p>\n\n\n\n<p>Desde la Confederaci\u00f3n de Trabajadores del Cobre, enviamos nuestras m\u00e1s sentidas condolencias a la familia, amigas, amigos, compa\u00f1eras, compa\u00f1eros y colegas de Christian Aguilar Olmos. Su paso por el departamento de prensa y comunicaciones de nuestra organizaci\u00f3n, por all\u00e1 entre los a\u00f1os 2012 y 2014, estuvo marcado por su notable creatividad y un firme compromiso con la causa de las y los trabajadores subcontratados de la miner\u00eda nacional. Lo recordamos con mucho afecto, y estamos seguros que as\u00ed tambi\u00e9n ser\u00e1 entre las personas y lugares que tuvieron la suerte de conocerlo.<\/p>\n\n\n\n<p>\u00a1Hasta siempre. Honor y gloria, compa\u00f1ero Christian!<\/p>\n","protected":false},"excerpt":{"rendered":"<p>Dise\u00f1ador gr\u00e1fico y fot\u00f3grafo, su paso por el departamento de prensa y comunicaciones de la Confederaci\u00f3n de Trabajadores del Cobre, por all\u00e1 entre los a\u00f1os 2012 y 2014, estuvo marcado &hellip; <\/p>\n","protected":false},"author":2,"featured_media":4941,"comment_status":"closed","ping_status":"closed","sticky":false,"template":"","format":"standard","meta":{"jetpack_post_was_ever_published":false,"_jetpack_newsletter_access":"","_jetpack_dont_email_post_to_subs":false,"_jetpack_newsletter_tier_id":0,"_jetpack_memberships_contains_paywalled_content":false,"_jetpack_memberships_contains_paid_content":false,"footnotes":"","jetpack_publicize_message":"","jetpack_publicize_feature_enabled":false,"jetpack_social_post_already_shared":true,"jetpack_social_options":{"image_generator_settings":{"template":"highway","default_image_id":0,"enabled":false},"version":2}},"categories":[9,21],"tags":[],"class_list":["post-4939","post","type-post","status-publish","format-standard","has-post-thumbnail","hentry","category-confederacion","category-federaciones"],"jetpack_publicize_connections":[],"jetpack_featured_media_url":"https:\/\/www.confederaciondelcobre.cl\/wp-content\/uploads\/2024\/05\/Port-1.jpg","jetpack_sharing_enabled":true,"post_mailing_queue_ids":[],"_links":{"self":[{"href":"https:\/\/www.confederaciondelcobre.cl\/index.php\/wp-json\/wp\/v2\/posts\/4939","targetHints":{"allow":["GET"]}}],"collection":[{"href":"https:\/\/www.confederaciondelcobre.cl\/index.php\/wp-json\/wp\/v2\/posts"}],"about":[{"href":"https:\/\/www.confederaciondelcobre.cl\/index.php\/wp-json\/wp\/v2\/types\/post"}],"author":[{"embeddable":true,"href":"https:\/\/www.confederaciondelcobre.cl\/index.php\/wp-json\/wp\/v2\/users\/2"}],"replies":[{"embeddable":true,"href":"https:\/\/www.confederaciondelcobre.cl\/index.php\/wp-json\/wp\/v2\/comments?post=4939"}],"version-history":[{"count":3,"href":"https:\/\/www.confederaciondelcobre.cl\/index.php\/wp-json\/wp\/v2\/posts\/4939\/revisions"}],"predecessor-version":[{"id":4943,"href":"https:\/\/www.confederaciondelcobre.cl\/index.php\/wp-json\/wp\/v2\/posts\/4939\/revisions\/4943"}],"wp:featuredmedia":[{"embeddable":true,"href":"https:\/\/www.confederaciondelcobre.cl\/index.php\/wp-json\/wp\/v2\/media\/4941"}],"wp:attachment":[{"href":"https:\/\/www.confederaciondelcobre.cl\/index.php\/wp-json\/wp\/v2\/media?parent=4939"}],"wp:term":[{"taxonomy":"category","embeddable":true,"href":"https:\/\/www.confederaciondelcobre.cl\/index.php\/wp-json\/wp\/v2\/categories?post=4939"},{"taxonomy":"post_tag","embeddable":true,"href":"https:\/\/www.confederaciondelcobre.cl\/index.php\/wp-json\/wp\/v2\/tags?post=4939"}],"curies":[{"name":"wp","href":"https:\/\/api.w.org\/{rel}","templated":true}]}}