{"id":4944,"date":"2024-05-10T13:44:17","date_gmt":"2024-05-10T17:44:17","guid":{"rendered":"https:\/\/www.confederaciondelcobre.cl\/?p=4944"},"modified":"2024-05-10T13:44:20","modified_gmt":"2024-05-10T17:44:20","slug":"conversatorio-y-asamblea-metropolitana-de-trabajadores-se-realizo-en-la-cut","status":"publish","type":"post","link":"https:\/\/www.confederaciondelcobre.cl\/index.php\/2024\/05\/10\/conversatorio-y-asamblea-metropolitana-de-trabajadores-se-realizo-en-la-cut\/","title":{"rendered":"Conversatorio y asamblea metropolitana de trabajadores se realiz\u00f3 en la CUT."},"content":{"rendered":"\n<p>El d\u00eda mi\u00e9rcoles 08, y en la sede de la Central Unitaria de Trabajadores (CUT) en Santiago, se desarroll\u00f3 un Conversatorio y asamblea metropolitana de trabajadoras y trabajadores, organizada por la Secretar\u00eda Nacional de Condiciones de Trabajo, Seguridad, Higiene Industrial y Medio Ambiente de la CUT. En dicha instancia, cabe destacar, la mencionada Secretar\u00eda tambi\u00e9n present\u00f3 su Memoria anual correspondiente al 2023.<\/p>\n\n\n\n<figure class=\"wp-block-gallery has-nested-images columns-default is-cropped wp-block-gallery-1 is-layout-flex wp-block-gallery-is-layout-flex\">\n<figure class=\"wp-block-image size-large\"><img loading=\"lazy\" decoding=\"async\" width=\"1024\" height=\"576\" data-id=\"4950\" src=\"https:\/\/www.confederaciondelcobre.cl\/wp-content\/uploads\/2024\/05\/4cb5a549-16db-4b53-966c-b584760ddeb9-1024x576.jpeg\" alt=\"\" class=\"wp-image-4950\" srcset=\"https:\/\/www.confederaciondelcobre.cl\/wp-content\/uploads\/2024\/05\/4cb5a549-16db-4b53-966c-b584760ddeb9-1024x576.jpeg 1024w, https:\/\/www.confederaciondelcobre.cl\/wp-content\/uploads\/2024\/05\/4cb5a549-16db-4b53-966c-b584760ddeb9-300x169.jpeg 300w, https:\/\/www.confederaciondelcobre.cl\/wp-content\/uploads\/2024\/05\/4cb5a549-16db-4b53-966c-b584760ddeb9-768x432.jpeg 768w, https:\/\/www.confederaciondelcobre.cl\/wp-content\/uploads\/2024\/05\/4cb5a549-16db-4b53-966c-b584760ddeb9-1536x864.jpeg 1536w, https:\/\/www.confederaciondelcobre.cl\/wp-content\/uploads\/2024\/05\/4cb5a549-16db-4b53-966c-b584760ddeb9.jpeg 1600w\" sizes=\"auto, (max-width: 1024px) 100vw, 1024px\" \/><\/figure>\n\n\n\n<figure class=\"wp-block-image size-large\"><img loading=\"lazy\" decoding=\"async\" width=\"1024\" height=\"576\" data-id=\"4951\" src=\"https:\/\/www.confederaciondelcobre.cl\/wp-content\/uploads\/2024\/05\/7364f0f9-6382-485c-97e8-4560f6e03408-1024x576.jpeg\" alt=\"\" class=\"wp-image-4951\" srcset=\"https:\/\/www.confederaciondelcobre.cl\/wp-content\/uploads\/2024\/05\/7364f0f9-6382-485c-97e8-4560f6e03408-1024x576.jpeg 1024w, https:\/\/www.confederaciondelcobre.cl\/wp-content\/uploads\/2024\/05\/7364f0f9-6382-485c-97e8-4560f6e03408-300x169.jpeg 300w, https:\/\/www.confederaciondelcobre.cl\/wp-content\/uploads\/2024\/05\/7364f0f9-6382-485c-97e8-4560f6e03408-768x432.jpeg 768w, https:\/\/www.confederaciondelcobre.cl\/wp-content\/uploads\/2024\/05\/7364f0f9-6382-485c-97e8-4560f6e03408-1536x864.jpeg 1536w, https:\/\/www.confederaciondelcobre.cl\/wp-content\/uploads\/2024\/05\/7364f0f9-6382-485c-97e8-4560f6e03408.jpeg 1600w\" sizes=\"auto, (max-width: 1024px) 100vw, 1024px\" \/><\/figure>\n<\/figure>\n\n\n\n<p>La jornada, que parti\u00f3 en horas de la ma\u00f1ana, y en la que por parte de la Confederaci\u00f3n de Trabajadores del Cobre (CTC) participaron <strong>Jedry Velis, Tesorero; Cristian Ruiz y Sergio Silva, Presidente y Tesorero del Sindicato N\u00ba3 Departamento Servicios Santiago Caucho T\u00e9cnica; y Francisco Ibaceta, Secretario del Sindicato PUIC,<\/strong> cont\u00f3 con la presencia de autoridades y representantes de gobierno, entre ellas y ellos <strong>Aida Chac\u00f3n, Directora del Instituto de Seguridad Laboral (ISL); Marco Canales, Secretario Regional Ministerial del Trabajo y Previsi\u00f3n Social de la Regi\u00f3n Metropolitana<\/strong> y comenz\u00f3 con palabras de bienvenida ofrecidas por <strong>David Acu\u00f1a Millahueique, Presidente de la CUT<\/strong>. <\/p>\n\n\n\n<p>En su alocuci\u00f3n, <strong>el Presidente de la CUT se\u00f1al\u00f3 la urgencia de mejorar las condiciones laborales m\u00e1s all\u00e1 del salario m\u00ednimo. Lo anterior incluye, por cierto, avanzar en la mejora en torno a la salud y seguridad en el trabajo<\/strong>, haciendo referencia a que a\u00fan quedan por ratificarse una serie de convenios internacionales de la OIT, indicando por ejemplo el 167 (sobre seguridad y salud en la construcci\u00f3n) y 155 (sobre seguridad y salud de los trabajadores). <strong>Pero en relaci\u00f3n a los ingresos, el Presidente de la CUT insisti\u00f3 en la instauraci\u00f3n de un &#8220;salario vital&#8221;<\/strong>, que en t\u00e9rminos concretos se refiere a un monto que supere la <em>l\u00ednea de la pobreza<\/em>, que, cabe se\u00f1alar, en nuestro pa\u00eds ya supera los 600 mil pesos.  Finalmente, David Acu\u00f1a <strong>apunt\u00f3 la necesidad de legislar sobre la Negociaci\u00f3n Ramal (o multinivel)<\/strong>, esto como un mecanismo para equilibrar la desigual relaci\u00f3n laboral entre trabajadores y empleadores, y que adem\u00e1s \u2014recalc\u00f3\u2014 aportar\u00e1 a una mayor equidad en la distribuci\u00f3n de la riqueza.<\/p>\n\n\n\n<pre class=\"wp-block-preformatted\">El Convenio 176 de la OIT sobre Seguridad y Salud en las Minas es un Convenio que define las responsabilidades de empleadores del sector minero en torno a la seguridad y salud de las y los trabajadores, a la vez que tambi\u00e9n define los derechos y obligaciones de las y los trabajadores. Ya aprobado y despachado por ambas C\u00e1maras en nuestro pa\u00eds, queda el tr\u00e1mite de ratificaci\u00f3n final y su posterior implementaci\u00f3n.<\/pre>\n\n\n\n<div class=\"wp-block-jetpack-slideshow aligncenter\" data-effect=\"slide\"><div class=\"wp-block-jetpack-slideshow_container swiper-container\"><ul class=\"wp-block-jetpack-slideshow_swiper-wrapper swiper-wrapper\"><li class=\"wp-block-jetpack-slideshow_slide swiper-slide\"><figure><img loading=\"lazy\" decoding=\"async\" width=\"1024\" height=\"576\" alt=\"\" class=\"wp-block-jetpack-slideshow_image wp-image-4954\" data-id=\"4954\" src=\"https:\/\/www.confederaciondelcobre.cl\/wp-content\/uploads\/2024\/05\/9615b2d3-f93b-4fe5-bda4-1ae5e02f22de-1024x576.jpeg\" srcset=\"https:\/\/www.confederaciondelcobre.cl\/wp-content\/uploads\/2024\/05\/9615b2d3-f93b-4fe5-bda4-1ae5e02f22de-1024x576.jpeg 1024w, https:\/\/www.confederaciondelcobre.cl\/wp-content\/uploads\/2024\/05\/9615b2d3-f93b-4fe5-bda4-1ae5e02f22de-300x169.jpeg 300w, https:\/\/www.confederaciondelcobre.cl\/wp-content\/uploads\/2024\/05\/9615b2d3-f93b-4fe5-bda4-1ae5e02f22de-768x432.jpeg 768w, https:\/\/www.confederaciondelcobre.cl\/wp-content\/uploads\/2024\/05\/9615b2d3-f93b-4fe5-bda4-1ae5e02f22de.jpeg 1280w\" sizes=\"auto, (max-width: 1024px) 100vw, 1024px\" \/><\/figure><\/li><li class=\"wp-block-jetpack-slideshow_slide swiper-slide\"><figure><img loading=\"lazy\" decoding=\"async\" width=\"1024\" height=\"576\" alt=\"\" class=\"wp-block-jetpack-slideshow_image wp-image-4952\" data-id=\"4952\" src=\"https:\/\/www.confederaciondelcobre.cl\/wp-content\/uploads\/2024\/05\/9be7e0ec-4fbd-462d-aeef-765ed90f53a5-1024x576.jpeg\" srcset=\"https:\/\/www.confederaciondelcobre.cl\/wp-content\/uploads\/2024\/05\/9be7e0ec-4fbd-462d-aeef-765ed90f53a5-1024x576.jpeg 1024w, https:\/\/www.confederaciondelcobre.cl\/wp-content\/uploads\/2024\/05\/9be7e0ec-4fbd-462d-aeef-765ed90f53a5-300x169.jpeg 300w, https:\/\/www.confederaciondelcobre.cl\/wp-content\/uploads\/2024\/05\/9be7e0ec-4fbd-462d-aeef-765ed90f53a5-768x432.jpeg 768w, https:\/\/www.confederaciondelcobre.cl\/wp-content\/uploads\/2024\/05\/9be7e0ec-4fbd-462d-aeef-765ed90f53a5-1536x864.jpeg 1536w, https:\/\/www.confederaciondelcobre.cl\/wp-content\/uploads\/2024\/05\/9be7e0ec-4fbd-462d-aeef-765ed90f53a5.jpeg 1600w\" sizes=\"auto, (max-width: 1024px) 100vw, 1024px\" \/><\/figure><\/li><li class=\"wp-block-jetpack-slideshow_slide swiper-slide\"><figure><img loading=\"lazy\" decoding=\"async\" width=\"1024\" height=\"576\" alt=\"\" class=\"wp-block-jetpack-slideshow_image wp-image-4955\" data-id=\"4955\" src=\"https:\/\/www.confederaciondelcobre.cl\/wp-content\/uploads\/2024\/05\/ccaae33e-c23e-4f5a-999a-0cd2e6f04b42-1024x576.jpeg\" srcset=\"https:\/\/www.confederaciondelcobre.cl\/wp-content\/uploads\/2024\/05\/ccaae33e-c23e-4f5a-999a-0cd2e6f04b42-1024x576.jpeg 1024w, https:\/\/www.confederaciondelcobre.cl\/wp-content\/uploads\/2024\/05\/ccaae33e-c23e-4f5a-999a-0cd2e6f04b42-300x169.jpeg 300w, https:\/\/www.confederaciondelcobre.cl\/wp-content\/uploads\/2024\/05\/ccaae33e-c23e-4f5a-999a-0cd2e6f04b42-768x432.jpeg 768w, https:\/\/www.confederaciondelcobre.cl\/wp-content\/uploads\/2024\/05\/ccaae33e-c23e-4f5a-999a-0cd2e6f04b42-1536x864.jpeg 1536w, https:\/\/www.confederaciondelcobre.cl\/wp-content\/uploads\/2024\/05\/ccaae33e-c23e-4f5a-999a-0cd2e6f04b42.jpeg 1600w\" sizes=\"auto, (max-width: 1024px) 100vw, 1024px\" \/><\/figure><\/li><li class=\"wp-block-jetpack-slideshow_slide swiper-slide\"><figure><img loading=\"lazy\" decoding=\"async\" width=\"1024\" height=\"576\" alt=\"\" class=\"wp-block-jetpack-slideshow_image wp-image-4953\" data-id=\"4953\" src=\"https:\/\/www.confederaciondelcobre.cl\/wp-content\/uploads\/2024\/05\/712b3789-35be-4c3e-94ba-65acb3fe8db0-1024x576.jpeg\" srcset=\"https:\/\/www.confederaciondelcobre.cl\/wp-content\/uploads\/2024\/05\/712b3789-35be-4c3e-94ba-65acb3fe8db0-1024x576.jpeg 1024w, https:\/\/www.confederaciondelcobre.cl\/wp-content\/uploads\/2024\/05\/712b3789-35be-4c3e-94ba-65acb3fe8db0-300x169.jpeg 300w, https:\/\/www.confederaciondelcobre.cl\/wp-content\/uploads\/2024\/05\/712b3789-35be-4c3e-94ba-65acb3fe8db0-768x432.jpeg 768w, https:\/\/www.confederaciondelcobre.cl\/wp-content\/uploads\/2024\/05\/712b3789-35be-4c3e-94ba-65acb3fe8db0.jpeg 1280w\" sizes=\"auto, (max-width: 1024px) 100vw, 1024px\" \/><\/figure><\/li><\/ul><a class=\"wp-block-jetpack-slideshow_button-prev swiper-button-prev swiper-button-white\" role=\"button\"><\/a><a class=\"wp-block-jetpack-slideshow_button-next swiper-button-next swiper-button-white\" role=\"button\"><\/a><a aria-label=\"Pause Slideshow\" class=\"wp-block-jetpack-slideshow_button-pause\" role=\"button\"><\/a><div class=\"wp-block-jetpack-slideshow_pagination swiper-pagination swiper-pagination-white\"><\/div><\/div><\/div>\n\n\n\n<p>En tanto, Horacio Fuentes, Secretario Nacional de la Secretar\u00eda de Condiciones de Trabajo, Seguridad, Higiene Industrial y Medio Ambiente de la CUT, hizo presentaci\u00f3n de la memoria anual de dicha Secretar\u00eda, correspondiente al 2023. Destac\u00f3, entre otros aspectos, y a partir de preocupantes datos obtenidos durante el citado per\u00edodo (recabados principalmente de la SUSESO), la necesidad de <strong>reforzar o poner m\u00e1s acento en aspectos relacionados a la prevenci\u00f3n<\/strong>. Es decir, si bien es muy importante tomar acci\u00f3n posterior a la ocurrencia de accidentes, lo es tan o m\u00e1s importante adem\u00e1s tomar acci\u00f3n temprana o preventiva. Para finalizar, el dirigente nacional de la CUT puso \u00e9nfasis en el bajo porcentaje de reconocimiento de las enfermedades profesionales, que est\u00e1 en un 14% versus un 75% de reconocimiento de accidentes por causa y ocasi\u00f3n del trabajo y trayecto. <\/p>\n\n\n\n<pre class=\"wp-block-preformatted\">Entre las palabras de saludo y protocolares, se encontraron las de Cristobal Cuadra, Gerente de Asuntos Corporativos y Jur\u00eddicos de la Asociaci\u00f3n Chilena de Seguridad (ACHS); Claudio Reyes, Subsecretario de Previsi\u00f3n Social del Ministerio del Trabajo; Jos\u00e9 Francisco Castro, Intendente de Seguridad y Salud en el Trabajo de la Superintendencia de Seguridad Social; y de Juan Jos\u00e9 Guilarte, Especialista Principal en Actividades con los Trabajadores de la Oficina de la OIT para el Cono Sur de Am\u00e9rica Latina. Todos felicitaron la actividad, a la vez que coincidieron en destacar la importancia de fortalecer la Salud y Seguridad en el Trabajo.<\/pre>\n\n\n\n<p>Posteriormente, y ya para la \u00faltima parte de la jornada, <strong>Mar\u00eda Soledad Elizalde, quien es Psic\u00f3loga del Instituto de Seguridad Laboral, expuso sobre la &#8220;Prevenci\u00f3n de la violencia en el trabajo&#8221;<\/strong>. Se refiri\u00f3, entre otras, a diversas medidas que se pueden implementar para prevenir dicha violencia, violencia entendida en su m\u00e1s amplio sentido, pues puede y se manifiesta de varias formas en un entorno laboral. <strong>Destac\u00f3 que en nuestro pa\u00eds la violencia en un entorno laboral est\u00e1 absolutamente prohibida<\/strong>, y que existen mecanismos preventivos, como tambi\u00e9n medidas para enfrentarla.<\/p>\n\n\n\n<p>Al final de la jornada, y para cerrar este importante evento, el Equipo T\u00e9cnico-Sindical de la Secretar\u00eda Nacional de Condiciones de Trabajo, Seguridad, Higiene Industrial y Medio Ambiente abri\u00f3 un espacio para consultas, debate y reflexiones para todas y todos los presentes.<\/p>\n\n\n\n<figure class=\"wp-block-gallery has-nested-images columns-default is-cropped wp-block-gallery-2 is-layout-flex wp-block-gallery-is-layout-flex\">\n<figure class=\"wp-block-image size-large\"><img loading=\"lazy\" decoding=\"async\" width=\"1024\" height=\"576\" data-id=\"4956\" src=\"https:\/\/www.confederaciondelcobre.cl\/wp-content\/uploads\/2024\/05\/60b38651-5a7f-4312-b56f-74ee9cdd158b-1024x576.jpeg\" alt=\"\" class=\"wp-image-4956\" srcset=\"https:\/\/www.confederaciondelcobre.cl\/wp-content\/uploads\/2024\/05\/60b38651-5a7f-4312-b56f-74ee9cdd158b-1024x576.jpeg 1024w, https:\/\/www.confederaciondelcobre.cl\/wp-content\/uploads\/2024\/05\/60b38651-5a7f-4312-b56f-74ee9cdd158b-300x169.jpeg 300w, https:\/\/www.confederaciondelcobre.cl\/wp-content\/uploads\/2024\/05\/60b38651-5a7f-4312-b56f-74ee9cdd158b-768x432.jpeg 768w, https:\/\/www.confederaciondelcobre.cl\/wp-content\/uploads\/2024\/05\/60b38651-5a7f-4312-b56f-74ee9cdd158b.jpeg 1280w\" sizes=\"auto, (max-width: 1024px) 100vw, 1024px\" \/><\/figure>\n\n\n\n<figure class=\"wp-block-image size-large\"><img loading=\"lazy\" decoding=\"async\" width=\"1024\" height=\"576\" data-id=\"4957\" src=\"https:\/\/www.confederaciondelcobre.cl\/wp-content\/uploads\/2024\/05\/96e895b5-a91b-4be1-b90c-c2f458201ecd-1024x576.jpeg\" alt=\"\" class=\"wp-image-4957\" srcset=\"https:\/\/www.confederaciondelcobre.cl\/wp-content\/uploads\/2024\/05\/96e895b5-a91b-4be1-b90c-c2f458201ecd-1024x576.jpeg 1024w, https:\/\/www.confederaciondelcobre.cl\/wp-content\/uploads\/2024\/05\/96e895b5-a91b-4be1-b90c-c2f458201ecd-300x169.jpeg 300w, https:\/\/www.confederaciondelcobre.cl\/wp-content\/uploads\/2024\/05\/96e895b5-a91b-4be1-b90c-c2f458201ecd-768x432.jpeg 768w, https:\/\/www.confederaciondelcobre.cl\/wp-content\/uploads\/2024\/05\/96e895b5-a91b-4be1-b90c-c2f458201ecd.jpeg 1280w\" sizes=\"auto, (max-width: 1024px) 100vw, 1024px\" \/><\/figure>\n<\/figure>\n","protected":false},"excerpt":{"rendered":"<p>El d\u00eda mi\u00e9rcoles 08, y en la sede de la Central Unitaria de Trabajadores (CUT) en Santiago, se desarroll\u00f3 un Conversatorio y asamblea metropolitana de trabajadoras y trabajadores, organizada por &hellip; <\/p>\n","protected":false},"author":2,"featured_media":4949,"comment_status":"closed","ping_status":"closed","sticky":false,"template":"","format":"standard","meta":{"jetpack_post_was_ever_published":false,"_jetpack_newsletter_access":"","_jetpack_dont_email_post_to_subs":false,"_jetpack_newsletter_tier_id":0,"_jetpack_memberships_contains_paywalled_content":false,"_jetpack_memberships_contains_paid_content":false,"footnotes":"","jetpack_publicize_message":"","jetpack_publicize_feature_enabled":false,"jetpack_social_post_already_shared":true,"jetpack_social_options":{"image_generator_settings":{"template":"highway","default_image_id":0,"enabled":false},"version":2}},"categories":[9,27,15,39,19],"tags":[],"class_list":["post-4944","post","type-post","status-publish","format-standard","has-post-thumbnail","hentry","category-confederacion","category-cut","category-nacional","category-sindicatos","category-trabajadores"],"jetpack_publicize_connections":[],"jetpack_featured_media_url":"https:\/\/www.confederaciondelcobre.cl\/wp-content\/uploads\/2024\/05\/Port-2.jpg","jetpack_sharing_enabled":true,"post_mailing_queue_ids":[],"_links":{"self":[{"href":"https:\/\/www.confederaciondelcobre.cl\/index.php\/wp-json\/wp\/v2\/posts\/4944","targetHints":{"allow":["GET"]}}],"collection":[{"href":"https:\/\/www.confederaciondelcobre.cl\/index.php\/wp-json\/wp\/v2\/posts"}],"about":[{"href":"https:\/\/www.confederaciondelcobre.cl\/index.php\/wp-json\/wp\/v2\/types\/post"}],"author":[{"embeddable":true,"href":"https:\/\/www.confederaciondelcobre.cl\/index.php\/wp-json\/wp\/v2\/users\/2"}],"replies":[{"embeddable":true,"href":"https:\/\/www.confederaciondelcobre.cl\/index.php\/wp-json\/wp\/v2\/comments?post=4944"}],"version-history":[{"count":11,"href":"https:\/\/www.confederaciondelcobre.cl\/index.php\/wp-json\/wp\/v2\/posts\/4944\/revisions"}],"predecessor-version":[{"id":4965,"href":"https:\/\/www.confederaciondelcobre.cl\/index.php\/wp-json\/wp\/v2\/posts\/4944\/revisions\/4965"}],"wp:featuredmedia":[{"embeddable":true,"href":"https:\/\/www.confederaciondelcobre.cl\/index.php\/wp-json\/wp\/v2\/media\/4949"}],"wp:attachment":[{"href":"https:\/\/www.confederaciondelcobre.cl\/index.php\/wp-json\/wp\/v2\/media?parent=4944"}],"wp:term":[{"taxonomy":"category","embeddable":true,"href":"https:\/\/www.confederaciondelcobre.cl\/index.php\/wp-json\/wp\/v2\/categories?post=4944"},{"taxonomy":"post_tag","embeddable":true,"href":"https:\/\/www.confederaciondelcobre.cl\/index.php\/wp-json\/wp\/v2\/tags?post=4944"}],"curies":[{"name":"wp","href":"https:\/\/api.w.org\/{rel}","templated":true}]}}