{"id":4966,"date":"2024-05-11T11:17:41","date_gmt":"2024-05-11T15:17:41","guid":{"rendered":"https:\/\/www.confederaciondelcobre.cl\/?p=4966"},"modified":"2024-05-11T11:17:43","modified_gmt":"2024-05-11T15:17:43","slug":"primer-paro-nacional-contra-la-dictadura-civil-militar","status":"publish","type":"post","link":"https:\/\/www.confederaciondelcobre.cl\/index.php\/2024\/05\/11\/primer-paro-nacional-contra-la-dictadura-civil-militar\/","title":{"rendered":"Primer paro nacional contra la dictadura civil-militar."},"content":{"rendered":"\n<p><strong>11.05.1983<\/strong><\/p>\n\n\n\n<p>Miles de detenciones arbitrarias, personas torturadas, asesinadas, desaparecidas, exoneradas, relegadas y exiliadas eran el rastro que la dictadura civil-militar, a casi diez a\u00f1os de iniciada, iba dejando. A esta tragedia se sumaba una profunda crisis econ\u00f3mica, que, agudizada por la aplicaci\u00f3n del modelo neoliberal, fue dejando a millones de chilenas y chilenos en una situaci\u00f3n de vulnerabilidad extrema.<\/p>\n\n\n\n<p>El Plan Laboral impuesto en 1979, por el entonces ministro Jos\u00e9 Pi\u00f1era, fragment\u00f3 a las organizaciones sindicales, debilit\u00f3 la negociaci\u00f3n colectiva y el derecho a huelga, que, sumado a la privatizaci\u00f3n de sectores clave como la educaci\u00f3n, salud y sistema previsional, gener\u00f3 un creciente malestar y una contundente respuesta de parte de las y los chilenos, que masivamente adhirieron al llamado a huelga convocada por la Confederaci\u00f3n de Trabajadores del Cobre (CTC). Este llamado fue seguido por otras y diversas organizaciones, como la Federaci\u00f3n de Sindicatos del Petr\u00f3leo, organizaciones sociales, poblacionales y estudiantiles, e incluso partidos pol\u00edticos que hab\u00edan sido ilegalizados.<\/p>\n\n\n\n<p>Se llam\u00f3 a la poblaci\u00f3n a abstenerse de asistir al trabajo y, en caso de no ser posible, a llegar tarde, a no enviar a las ni\u00f1as y ni\u00f1os a la escuela, a no realizar compras y a expresar su descontento tocando bocinas y cacerolas. Por la noche, la protesta popular se reuni\u00f3 alrededor de barricadas en varias ciudades.<\/p>\n\n\n\n<p>Este paro nacional puso en evidencia la importancia del movimiento sindical, y represent\u00f3 un crucial momento en la resistencia contra el r\u00e9gimen. Marc\u00f3 el inicio de un per\u00edodo de masivas protestas a nivel nacional, y marcar\u00eda tambi\u00e9n el inicio del fin de la dictadura civil-militar.<\/p>\n\n\n<div class=\"wp-block-image\">\n<figure class=\"aligncenter size-large\"><img loading=\"lazy\" decoding=\"async\" width=\"819\" height=\"1024\" src=\"https:\/\/www.confederaciondelcobre.cl\/wp-content\/uploads\/2024\/05\/MemoriaCTC-11.05.83-819x1024.png\" alt=\"\" class=\"wp-image-4967\" srcset=\"https:\/\/www.confederaciondelcobre.cl\/wp-content\/uploads\/2024\/05\/MemoriaCTC-11.05.83-819x1024.png 819w, https:\/\/www.confederaciondelcobre.cl\/wp-content\/uploads\/2024\/05\/MemoriaCTC-11.05.83-240x300.png 240w, https:\/\/www.confederaciondelcobre.cl\/wp-content\/uploads\/2024\/05\/MemoriaCTC-11.05.83-768x960.png 768w, https:\/\/www.confederaciondelcobre.cl\/wp-content\/uploads\/2024\/05\/MemoriaCTC-11.05.83.png 1080w\" sizes=\"auto, (max-width: 819px) 100vw, 819px\" \/><\/figure><\/div>","protected":false},"excerpt":{"rendered":"<p>11.05.1983 Miles de detenciones arbitrarias, personas torturadas, asesinadas, desaparecidas, exoneradas, relegadas y exiliadas eran el rastro que la dictadura civil-militar, a casi diez a\u00f1os de iniciada, iba dejando. A esta &hellip; <\/p>\n","protected":false},"author":2,"featured_media":4968,"comment_status":"closed","ping_status":"closed","sticky":false,"template":"","format":"standard","meta":{"jetpack_post_was_ever_published":false,"_jetpack_newsletter_access":"","_jetpack_dont_email_post_to_subs":false,"_jetpack_newsletter_tier_id":0,"_jetpack_memberships_contains_paywalled_content":false,"_jetpack_memberships_contains_paid_content":false,"footnotes":"","jetpack_publicize_message":"","jetpack_publicize_feature_enabled":false,"jetpack_social_post_already_shared":true,"jetpack_social_options":{"image_generator_settings":{"template":"highway","default_image_id":0,"enabled":false},"version":2}},"categories":[37,9,14,15,19],"tags":[],"class_list":["post-4966","post","type-post","status-publish","format-standard","has-post-thumbnail","hentry","category-memoriactc","category-confederacion","category-movimientos-sociales","category-nacional","category-trabajadores"],"jetpack_publicize_connections":[],"jetpack_featured_media_url":"https:\/\/www.confederaciondelcobre.cl\/wp-content\/uploads\/2024\/05\/Port-3.jpg","jetpack_sharing_enabled":true,"post_mailing_queue_ids":[],"_links":{"self":[{"href":"https:\/\/www.confederaciondelcobre.cl\/index.php\/wp-json\/wp\/v2\/posts\/4966","targetHints":{"allow":["GET"]}}],"collection":[{"href":"https:\/\/www.confederaciondelcobre.cl\/index.php\/wp-json\/wp\/v2\/posts"}],"about":[{"href":"https:\/\/www.confederaciondelcobre.cl\/index.php\/wp-json\/wp\/v2\/types\/post"}],"author":[{"embeddable":true,"href":"https:\/\/www.confederaciondelcobre.cl\/index.php\/wp-json\/wp\/v2\/users\/2"}],"replies":[{"embeddable":true,"href":"https:\/\/www.confederaciondelcobre.cl\/index.php\/wp-json\/wp\/v2\/comments?post=4966"}],"version-history":[{"count":3,"href":"https:\/\/www.confederaciondelcobre.cl\/index.php\/wp-json\/wp\/v2\/posts\/4966\/revisions"}],"predecessor-version":[{"id":4971,"href":"https:\/\/www.confederaciondelcobre.cl\/index.php\/wp-json\/wp\/v2\/posts\/4966\/revisions\/4971"}],"wp:featuredmedia":[{"embeddable":true,"href":"https:\/\/www.confederaciondelcobre.cl\/index.php\/wp-json\/wp\/v2\/media\/4968"}],"wp:attachment":[{"href":"https:\/\/www.confederaciondelcobre.cl\/index.php\/wp-json\/wp\/v2\/media?parent=4966"}],"wp:term":[{"taxonomy":"category","embeddable":true,"href":"https:\/\/www.confederaciondelcobre.cl\/index.php\/wp-json\/wp\/v2\/categories?post=4966"},{"taxonomy":"post_tag","embeddable":true,"href":"https:\/\/www.confederaciondelcobre.cl\/index.php\/wp-json\/wp\/v2\/tags?post=4966"}],"curies":[{"name":"wp","href":"https:\/\/api.w.org\/{rel}","templated":true}]}}