{"id":4980,"date":"2024-05-16T18:30:04","date_gmt":"2024-05-16T22:30:04","guid":{"rendered":"https:\/\/www.confederaciondelcobre.cl\/?p=4980"},"modified":"2024-05-16T18:30:06","modified_gmt":"2024-05-16T22:30:06","slug":"con-participacion-de-la-ctc-chilevalora-presento-cuenta-publica-del-periodo-2023-2024","status":"publish","type":"post","link":"https:\/\/www.confederaciondelcobre.cl\/index.php\/2024\/05\/16\/con-participacion-de-la-ctc-chilevalora-presento-cuenta-publica-del-periodo-2023-2024\/","title":{"rendered":"Con participaci\u00f3n de la CTC, ChileValora present\u00f3 Cuenta P\u00fablica del per\u00edodo 2023-2024."},"content":{"rendered":"\n<p>El d\u00eda de hoy, jueves 16 de mayo, se llev\u00f3 a cabo el evento en que la Directora Ejecutiva de ChileValora, <strong>Ximena Rivillo<\/strong>, present\u00f3 la Cuenta P\u00fablica de dicho organismo correspondiente al per\u00edodo 2023-2024. La instancia, a la que concurrieron representantes de trabajadoras y trabajadores, empleadores, organismos p\u00fablicos y privados, as\u00ed como todos quienes componen el Sistema Nacional de Certificaci\u00f3n de Competencias Laborales, cont\u00f3 con la participaci\u00f3n de <strong>David Acu\u00f1a Millahueique<\/strong>, Presidente de la Central Unitaria de Trabajadores (CUT); y de <strong>Ana Lamas Aguirre<\/strong>, Presidenta de la Confederaci\u00f3n de Trabajadores del Cobre (CTC), quien adem\u00e1s, y en su calidad de Consejera Nacional de la CUT, es <a href=\"https:\/\/www.confederaciondelcobre.cl\/index.php\/2023\/08\/23\/presidenta-de-la-ctc-integra-directorio-de-chilevalora\/\" target=\"_blank\" rel=\"noreferrer noopener\">integrante del Directorio de ChileValora<\/a>.<\/p>\n\n\n\n<p>Entre una serie hitos, en la Cuenta P\u00fablica se destac\u00f3 que en 2023 ChileValora alcanz\u00f3 un r\u00e9cord hist\u00f3rico: certific\u00f3 a 17.639 personas, lo que representa un incremento del 6% respecto al a\u00f1o anterior. De igual modo, se puso en relieve la ley que fortalece y moderniza el Sistema Nacional de Certificaci\u00f3n de Competencias Laborales, a la vez que se subray\u00f3 el hecho de que ChileValora cuenta con coordinadoras y coordinadores regionales en todo el pa\u00eds. Para el 2025, en tanto, se anunci\u00f3 que ChileValora abrir\u00e1 sus primeras oficinas regionales en Antofagasta, Valpara\u00edso y La Araucan\u00eda.<\/p>\n\n\n\n<p>Las positivas cifras, el fortalecimiento y una mayor implementaci\u00f3n en torno al Sistema Nacional de Certificaci\u00f3n de Competencias Laborales, son una muy buena noticia para las trabajadoras y trabajadores. La CTC, por su parte, ya tiene experiencia en torno a ello, cuando en 2019 trabajadores-socios de nuestra organizaci\u00f3n <a href=\"https:\/\/archivoconfecobre.cl\/index.php\/2019\/05\/13\/trabajadores-de-la-ctc-certificaron-sus-competencias-laborales\/\" target=\"_blank\" rel=\"noreferrer noopener\">certificaron sus competencias laborales<\/a> a trav\u00e9s de un programa de Reconocimiento de Aprendizajes Previos (RAP), con el respaldo acad\u00e9mico de la Universidad T\u00e9cnica Federico Santa Mar\u00eda (UTFSM). Esto, como indicara Ana Lamas Aguirre cuando pas\u00f3 a integrar el Directorio de ChileValora, signific\u00f3 para las y los trabajadores, incluidas sus familias, &#8220;avanzar en dignidad, en el sentido de que finalmente sus capacidades y experiencia fueran formalmente reconocidas y debidamente certificadas\u201d.<\/p>\n","protected":false},"excerpt":{"rendered":"<p>El d\u00eda de hoy, jueves 16 de mayo, se llev\u00f3 a cabo el evento en que la Directora Ejecutiva de ChileValora, Ximena Rivillo, present\u00f3 la Cuenta P\u00fablica de dicho organismo &hellip; <\/p>\n","protected":false},"author":2,"featured_media":4985,"comment_status":"closed","ping_status":"closed","sticky":false,"template":"","format":"standard","meta":{"jetpack_post_was_ever_published":false,"_jetpack_newsletter_access":"","_jetpack_dont_email_post_to_subs":false,"_jetpack_newsletter_tier_id":0,"_jetpack_memberships_contains_paywalled_content":false,"_jetpack_memberships_contains_paid_content":false,"footnotes":"","jetpack_publicize_message":"","jetpack_publicize_feature_enabled":false,"jetpack_social_post_already_shared":true,"jetpack_social_options":{"image_generator_settings":{"template":"highway","default_image_id":0,"enabled":false},"version":2}},"categories":[9,15,19],"tags":[],"class_list":["post-4980","post","type-post","status-publish","format-standard","has-post-thumbnail","hentry","category-confederacion","category-nacional","category-trabajadores"],"jetpack_publicize_connections":[],"jetpack_featured_media_url":"https:\/\/www.confederaciondelcobre.cl\/wp-content\/uploads\/2024\/05\/Port-5.jpg","jetpack_sharing_enabled":true,"post_mailing_queue_ids":[],"_links":{"self":[{"href":"https:\/\/www.confederaciondelcobre.cl\/index.php\/wp-json\/wp\/v2\/posts\/4980","targetHints":{"allow":["GET"]}}],"collection":[{"href":"https:\/\/www.confederaciondelcobre.cl\/index.php\/wp-json\/wp\/v2\/posts"}],"about":[{"href":"https:\/\/www.confederaciondelcobre.cl\/index.php\/wp-json\/wp\/v2\/types\/post"}],"author":[{"embeddable":true,"href":"https:\/\/www.confederaciondelcobre.cl\/index.php\/wp-json\/wp\/v2\/users\/2"}],"replies":[{"embeddable":true,"href":"https:\/\/www.confederaciondelcobre.cl\/index.php\/wp-json\/wp\/v2\/comments?post=4980"}],"version-history":[{"count":7,"href":"https:\/\/www.confederaciondelcobre.cl\/index.php\/wp-json\/wp\/v2\/posts\/4980\/revisions"}],"predecessor-version":[{"id":4988,"href":"https:\/\/www.confederaciondelcobre.cl\/index.php\/wp-json\/wp\/v2\/posts\/4980\/revisions\/4988"}],"wp:featuredmedia":[{"embeddable":true,"href":"https:\/\/www.confederaciondelcobre.cl\/index.php\/wp-json\/wp\/v2\/media\/4985"}],"wp:attachment":[{"href":"https:\/\/www.confederaciondelcobre.cl\/index.php\/wp-json\/wp\/v2\/media?parent=4980"}],"wp:term":[{"taxonomy":"category","embeddable":true,"href":"https:\/\/www.confederaciondelcobre.cl\/index.php\/wp-json\/wp\/v2\/categories?post=4980"},{"taxonomy":"post_tag","embeddable":true,"href":"https:\/\/www.confederaciondelcobre.cl\/index.php\/wp-json\/wp\/v2\/tags?post=4980"}],"curies":[{"name":"wp","href":"https:\/\/api.w.org\/{rel}","templated":true}]}}