{"id":5007,"date":"2024-05-27T17:17:37","date_gmt":"2024-05-27T21:17:37","guid":{"rendered":"https:\/\/www.confederaciondelcobre.cl\/?p=5007"},"modified":"2024-05-27T17:17:40","modified_gmt":"2024-05-27T21:17:40","slug":"ctc-participo-de-seminario-de-derechos-laborales-en-iquique-y-encuentro-feminista-en-antofagasta","status":"publish","type":"post","link":"https:\/\/www.confederaciondelcobre.cl\/index.php\/2024\/05\/27\/ctc-participo-de-seminario-de-derechos-laborales-en-iquique-y-encuentro-feminista-en-antofagasta\/","title":{"rendered":"CTC particip\u00f3 de Seminario de Derechos Laborales en Iquique y Encuentro Feminista en Antofagasta."},"content":{"rendered":"\n<p>La Secretar\u00eda de Condiciones de Trabajo, Seguridad, Higiene Industrial y Medioambiente de la Central Unitaria de Trabajadores (CUT), encabezada por el secretario Horacio Fuentes y el subsecretario Erasmo Correa, en conjunto con la Asociaci\u00f3n Chilena de Seguridad (ACHS), organiz\u00f3 el seminario &#8220;Vulneraci\u00f3n de Derechos Fundamentales en Ambientes Laborales&#8221;. <\/p>\n\n\n\n<p>La actividad, llevada a cabo el jueves 23 de mayo en la sede de la CUT Provincial de Iquique, cont\u00f3 con la participaci\u00f3n de alrededor de setenta dirigentas y dirigentes, entre los cuales, cabe destacar, se encontraron Sandra Silva Capiona, Directora Nacional de la CTC; y los Directores de la Feminort (que es federaci\u00f3n de la CTC en la regi\u00f3n de Tarapac\u00e1), Jorge Abello Esparza y Jos\u00e9 Lobos Varela. En la ocasi\u00f3n, las y los presentes sostuvieron interesantes di\u00e1logos sobre los derechos fundamentales de las y los trabajadores, profundizando, por ejemplo, en temas como el fortalecimiento de los Comit\u00e9s Paritarios y el an\u00e1lisis de la ley de calificaci\u00f3n de enfermedades laborales, destacando la necesidad de su reforma.<\/p>\n\n\n\n<p>La jornada de intercambio y di\u00e1logo, entre dirigentas y dirigentes sindicales, incluy\u00f3 el importante anuncio de que se establecer\u00e1 la Secretar\u00eda de Seguridad y Salud en el Trabajo en la CUT Provincial de Iquique.<\/p>\n\n\n\n<pre class=\"wp-block-preformatted\">El seminario \"Vulneraci\u00f3n de Derechos Fundamentales en Ambientes Laborales\" cont\u00f3 con la participaci\u00f3n de Sandra Silva, del Sindicato Alinorte; Jose lobos, del Sindicato Aramark; Fernando Cornejo, del Sindicato Elecon, Juan Castro, del Sindicato Cosayach; Paola Flores, del Sindicato Aprojunji; Diana Hurtado, del Sindicato de Trabajadores Independientes de Ferias Libres Galdys Mar\u00edn; Jorge Abello, del Sindicato Pullman San Luis; Corina Ramirez, del Sindicato de trabajadores independientes Gladys Marin; Pedro Pablo Pereira, del Sindicato de la Construcci\u00f3n; Ana Ramos, Lisette Cort\u00e9s, M. Walesca Villalobos y Camila Howard, del Sindicato Aprojunji, entre otros.<\/pre>\n\n\n\n<figure class=\"wp-block-gallery has-nested-images columns-default is-cropped wp-block-gallery-1 is-layout-flex wp-block-gallery-is-layout-flex\">\n<figure class=\"wp-block-image size-large\"><img loading=\"lazy\" decoding=\"async\" width=\"720\" height=\"377\" data-id=\"5010\" src=\"https:\/\/www.confederaciondelcobre.cl\/wp-content\/uploads\/2024\/05\/3a30a25e-aa66-46f5-9d93-5a04a624e1c6.jpeg\" alt=\"\" class=\"wp-image-5010\" srcset=\"https:\/\/www.confederaciondelcobre.cl\/wp-content\/uploads\/2024\/05\/3a30a25e-aa66-46f5-9d93-5a04a624e1c6.jpeg 720w, https:\/\/www.confederaciondelcobre.cl\/wp-content\/uploads\/2024\/05\/3a30a25e-aa66-46f5-9d93-5a04a624e1c6-300x157.jpeg 300w\" sizes=\"auto, (max-width: 720px) 100vw, 720px\" \/><\/figure>\n\n\n\n<figure class=\"wp-block-image size-large\"><img loading=\"lazy\" decoding=\"async\" width=\"720\" height=\"377\" data-id=\"5011\" src=\"https:\/\/www.confederaciondelcobre.cl\/wp-content\/uploads\/2024\/05\/26b91187-47f9-4bd2-8da6-9e020bd969f6.jpeg\" alt=\"\" class=\"wp-image-5011\" srcset=\"https:\/\/www.confederaciondelcobre.cl\/wp-content\/uploads\/2024\/05\/26b91187-47f9-4bd2-8da6-9e020bd969f6.jpeg 720w, https:\/\/www.confederaciondelcobre.cl\/wp-content\/uploads\/2024\/05\/26b91187-47f9-4bd2-8da6-9e020bd969f6-300x157.jpeg 300w\" sizes=\"auto, (max-width: 720px) 100vw, 720px\" \/><\/figure>\n<\/figure>\n\n\n\n<p>En tanto los d\u00edas 24, 25 y 26 de mayo, Sandra Silva Capiona (directora nacional de la CTC) particip\u00f3 de un encuentro organizado por Alquimia, organizaci\u00f3n de mujeres feminista que trabaja por los derechos humanos de mujeres, ni\u00f1as y diversidades sexuales y de g\u00e9nero. El encuentro, llevado a cabo en la ciudad de Antofagasta, se desarroll\u00f3 en el marco de un Conversatorio llamado \u201cTejiendo redes por la vida\u201d y reuni\u00f3 a m\u00e1s de 40 organizaciones comunitarias en Antofagasta para abordar la transformaci\u00f3n social desde el norte de Chile, y tuvo el prop\u00f3sito de compartir experiencias en torno al trabajo que se est\u00e1 llevando a cabo en los distintos territorios. De ese modo, entonces, conocieron las distintas realidades a fin de avanzar en la construcci\u00f3n de sociedades solidarias e inclusivas, donde la participaci\u00f3n en pos de un buen vivir sea colectiva.<\/p>\n\n\n\n<p>Sandra Silva, quien es encargada de asuntos migratorios de la FEMNINORT, y que adem\u00e1s fue designada por la Asamblea Abierta de Migrantes y Promigrantes de Tarapac\u00e1 para representar a dicha organizaci\u00f3n en el encuentro, dio a conocer la realidad del territorio, que por su geograf\u00eda es frontera y contiene una diversa poblaci\u00f3n migrante. Al respecto, la dirigenta de la CTC se\u00f1al\u00f3 la vulnerabilidad laboral a la que esta poblaci\u00f3n se encuentra expuesta, que, entre otros factores, se debe a un alto desconocimiento de la normativa laboral nacional. De igual manera, la dirigenta de la FEMINORT alert\u00f3 sobre el preocupante desconocimiento, por parte de las y los trabajadores en general (migrantes y no migrantes), sobre los derechos laborales y en particular sobre lo que a salud y seguridad del trabajo respecta.<\/p>\n\n\n\n<figure class=\"wp-block-gallery has-nested-images columns-default is-cropped wp-block-gallery-2 is-layout-flex wp-block-gallery-is-layout-flex\">\n<figure class=\"wp-block-image size-large\"><img loading=\"lazy\" decoding=\"async\" width=\"1024\" height=\"576\" data-id=\"5013\" src=\"https:\/\/www.confederaciondelcobre.cl\/wp-content\/uploads\/2024\/05\/25e7829a-d7be-40b4-aee1-74ab42b5ae6e-1024x576.jpeg\" alt=\"\" class=\"wp-image-5013\" srcset=\"https:\/\/www.confederaciondelcobre.cl\/wp-content\/uploads\/2024\/05\/25e7829a-d7be-40b4-aee1-74ab42b5ae6e-1024x576.jpeg 1024w, https:\/\/www.confederaciondelcobre.cl\/wp-content\/uploads\/2024\/05\/25e7829a-d7be-40b4-aee1-74ab42b5ae6e-300x169.jpeg 300w, https:\/\/www.confederaciondelcobre.cl\/wp-content\/uploads\/2024\/05\/25e7829a-d7be-40b4-aee1-74ab42b5ae6e-768x432.jpeg 768w, https:\/\/www.confederaciondelcobre.cl\/wp-content\/uploads\/2024\/05\/25e7829a-d7be-40b4-aee1-74ab42b5ae6e-1536x864.jpeg 1536w, https:\/\/www.confederaciondelcobre.cl\/wp-content\/uploads\/2024\/05\/25e7829a-d7be-40b4-aee1-74ab42b5ae6e.jpeg 1600w\" sizes=\"auto, (max-width: 1024px) 100vw, 1024px\" \/><\/figure>\n\n\n\n<figure class=\"wp-block-image size-large\"><img loading=\"lazy\" decoding=\"async\" width=\"1024\" height=\"770\" data-id=\"5012\" src=\"https:\/\/www.confederaciondelcobre.cl\/wp-content\/uploads\/2024\/05\/ed6cc9a7-0a02-40f1-b334-d583f90fdf12-1024x770.jpeg\" alt=\"\" class=\"wp-image-5012\" srcset=\"https:\/\/www.confederaciondelcobre.cl\/wp-content\/uploads\/2024\/05\/ed6cc9a7-0a02-40f1-b334-d583f90fdf12-1024x770.jpeg 1024w, https:\/\/www.confederaciondelcobre.cl\/wp-content\/uploads\/2024\/05\/ed6cc9a7-0a02-40f1-b334-d583f90fdf12-300x226.jpeg 300w, https:\/\/www.confederaciondelcobre.cl\/wp-content\/uploads\/2024\/05\/ed6cc9a7-0a02-40f1-b334-d583f90fdf12-768x578.jpeg 768w, https:\/\/www.confederaciondelcobre.cl\/wp-content\/uploads\/2024\/05\/ed6cc9a7-0a02-40f1-b334-d583f90fdf12.jpeg 1280w\" sizes=\"auto, (max-width: 1024px) 100vw, 1024px\" \/><\/figure>\n<\/figure>\n","protected":false},"excerpt":{"rendered":"<p>La Secretar\u00eda de Condiciones de Trabajo, Seguridad, Higiene Industrial y Medioambiente de la Central Unitaria de Trabajadores (CUT), encabezada por el secretario Horacio Fuentes y el subsecretario Erasmo Correa, en &hellip; <\/p>\n","protected":false},"author":2,"featured_media":5009,"comment_status":"closed","ping_status":"closed","sticky":false,"template":"","format":"standard","meta":{"jetpack_post_was_ever_published":false,"_jetpack_newsletter_access":"","_jetpack_dont_email_post_to_subs":false,"_jetpack_newsletter_tier_id":0,"_jetpack_memberships_contains_paywalled_content":false,"_jetpack_memberships_contains_paid_content":false,"footnotes":"","jetpack_publicize_message":"","jetpack_publicize_feature_enabled":false,"jetpack_social_post_already_shared":true,"jetpack_social_options":{"image_generator_settings":{"template":"highway","default_image_id":0,"enabled":false},"version":2}},"categories":[9,21,22,13,15,17,19],"tags":[],"class_list":["post-5007","post","type-post","status-publish","format-standard","has-post-thumbnail","hentry","category-confederacion","category-federaciones","category-feminort","category-internacional","category-nacional","category-regiones","category-trabajadores"],"jetpack_publicize_connections":[],"jetpack_featured_media_url":"https:\/\/www.confederaciondelcobre.cl\/wp-content\/uploads\/2024\/05\/Port-6.jpg","jetpack_sharing_enabled":true,"post_mailing_queue_ids":[],"_links":{"self":[{"href":"https:\/\/www.confederaciondelcobre.cl\/index.php\/wp-json\/wp\/v2\/posts\/5007","targetHints":{"allow":["GET"]}}],"collection":[{"href":"https:\/\/www.confederaciondelcobre.cl\/index.php\/wp-json\/wp\/v2\/posts"}],"about":[{"href":"https:\/\/www.confederaciondelcobre.cl\/index.php\/wp-json\/wp\/v2\/types\/post"}],"author":[{"embeddable":true,"href":"https:\/\/www.confederaciondelcobre.cl\/index.php\/wp-json\/wp\/v2\/users\/2"}],"replies":[{"embeddable":true,"href":"https:\/\/www.confederaciondelcobre.cl\/index.php\/wp-json\/wp\/v2\/comments?post=5007"}],"version-history":[{"count":4,"href":"https:\/\/www.confederaciondelcobre.cl\/index.php\/wp-json\/wp\/v2\/posts\/5007\/revisions"}],"predecessor-version":[{"id":5016,"href":"https:\/\/www.confederaciondelcobre.cl\/index.php\/wp-json\/wp\/v2\/posts\/5007\/revisions\/5016"}],"wp:featuredmedia":[{"embeddable":true,"href":"https:\/\/www.confederaciondelcobre.cl\/index.php\/wp-json\/wp\/v2\/media\/5009"}],"wp:attachment":[{"href":"https:\/\/www.confederaciondelcobre.cl\/index.php\/wp-json\/wp\/v2\/media?parent=5007"}],"wp:term":[{"taxonomy":"category","embeddable":true,"href":"https:\/\/www.confederaciondelcobre.cl\/index.php\/wp-json\/wp\/v2\/categories?post=5007"},{"taxonomy":"post_tag","embeddable":true,"href":"https:\/\/www.confederaciondelcobre.cl\/index.php\/wp-json\/wp\/v2\/tags?post=5007"}],"curies":[{"name":"wp","href":"https:\/\/api.w.org\/{rel}","templated":true}]}}