{"id":5028,"date":"2024-05-30T18:44:48","date_gmt":"2024-05-30T22:44:48","guid":{"rendered":"https:\/\/www.confederaciondelcobre.cl\/?p=5028"},"modified":"2024-05-30T18:44:51","modified_gmt":"2024-05-30T22:44:51","slug":"ctc-asistio-a-cuenta-publica-del-ministerio-de-mineria-balance-2023","status":"publish","type":"post","link":"https:\/\/www.confederaciondelcobre.cl\/index.php\/2024\/05\/30\/ctc-asistio-a-cuenta-publica-del-ministerio-de-mineria-balance-2023\/","title":{"rendered":"CTC asisti\u00f3 a cuenta p\u00fablica del Ministerio de Miner\u00eda, balance 2023."},"content":{"rendered":"\n<p>A cargo de la Ministra Aurora Williams, en conjunto con la Subsecretaria Suina Chahu\u00e1n, el d\u00eda de hoy el Ministerio de Miner\u00eda present\u00f3 su cuenta p\u00fablica donde se destacaron los avances y logros correspondientes al \u00faltimo a\u00f1o.<\/p>\n\n\n\n<p>El evento, que cont\u00f3 con la participaci\u00f3n de dirigentas y dirigentes sindicales, as\u00ed como representantes de gobierno y de la industria minera, tuvo entre sus asistentes a Stephanie Gonz\u00e1lez Ch\u00e1vez y Corina Alfaro D\u00edaz, quienes son Secretaria General y Directora Nacional Encargada de G\u00e9nero e Inclusi\u00f3n de la Confederaci\u00f3n de Trabajadores del Cobre (CTC), y en \u00e9l se destacaron varios e importantes hitos. Se mencion\u00f3, por ejemplo, la implementaci\u00f3n de 238 proyectos destinados a fortalecer la peque\u00f1a miner\u00eda; como tambi\u00e9n se resalt\u00f3 el significativo incremento de la participaci\u00f3n femenina en la industria minera, que alcanz\u00f3 un 18%. De igual manera, y de cara a los desaf\u00edos para el 2024, el trabajo del Ministerio de Miner\u00eda se centrar\u00e1 \u2014entre otros\u2014 en la mitigaci\u00f3n del Cambio Clim\u00e1tico y la adaptaci\u00f3n de las operaciones mineras a sus efectos; a la vez que se continuar\u00e1 con la consolidaci\u00f3n de la Estrategia Nacional del Litio y el desarrollo de una Estrategia de Minerales Cr\u00edticos.<\/p>\n\n\n\n<p>En materia de seguridad y salud en el trabajo, se puso especial \u00e9nfasis en la ratificaci\u00f3n por parte de Chile del Convenio 176 de la Organizaci\u00f3n Internacional del Trabajo (OIT) sobre Seguridad y Salud en las minas. Este convenio, cabe se\u00f1alar, y que cuya ratificaci\u00f3n ha sido largamente demandada por las organizaciones sindicales de nivel superior agrupadas en la Coordinadora de Trabajadores de la Miner\u00eda (CTMIN), ya ha sido tramitado y aprobado en todos sus pasos legislativos a nivel nacional. Sin embargo, para su entrada en vigor, a\u00fan se requiere del dep\u00f3sito del instrumento de ratificaci\u00f3n internacional (ante la OIT), un hecho que se espera ocurra muy pronto.<\/p>\n\n\n\n<p>Desde la CTC saludamos la cuenta p\u00fablica participativa que entreg\u00f3 el d\u00eda de hoy el Ministerio de Miner\u00eda, como tambi\u00e9n destacamos los avances en las distintas materias presentadas, por mencionar una: los avances respecto a la ratificaci\u00f3n del Convenio 176 de la OIT. No obstante, reafirmamos nuestra permanente atenci\u00f3n en torno a, por ejemplo, el desarrollo de la Estrategia Nacional del Litio por cuanto a que insistimos se debe procurar y asegurar el control y soberan\u00eda nacional sobre los bienes o recursos naturales estrat\u00e9gicos. Igual que el cobre, el litio y otros recursos son y deben permanecer en manos de todas y todos los chilenos.<\/p>\n\n\n\n<p><\/p>\n","protected":false},"excerpt":{"rendered":"<p>A cargo de la Ministra Aurora Williams, en conjunto con la Subsecretaria Suina Chahu\u00e1n, el d\u00eda de hoy el Ministerio de Miner\u00eda present\u00f3 su cuenta p\u00fablica donde se destacaron los &hellip; <\/p>\n","protected":false},"author":2,"featured_media":5034,"comment_status":"closed","ping_status":"closed","sticky":false,"template":"","format":"standard","meta":{"jetpack_post_was_ever_published":false,"_jetpack_newsletter_access":"","_jetpack_dont_email_post_to_subs":false,"_jetpack_newsletter_tier_id":0,"_jetpack_memberships_contains_paywalled_content":false,"_jetpack_memberships_contains_paid_content":false,"footnotes":"","jetpack_publicize_message":"","jetpack_publicize_feature_enabled":false,"jetpack_social_post_already_shared":false,"jetpack_social_options":{"image_generator_settings":{"template":"highway","default_image_id":0,"enabled":false},"version":2}},"categories":[9,36,35,13,15,19],"tags":[],"class_list":["post-5028","post","type-post","status-publish","format-standard","has-post-thumbnail","hentry","category-confederacion","category-el-cobre-para-chile","category-el-litio-para-chile","category-internacional","category-nacional","category-trabajadores"],"jetpack_publicize_connections":[],"jetpack_featured_media_url":"https:\/\/www.confederaciondelcobre.cl\/wp-content\/uploads\/2024\/05\/Port-8.jpg","jetpack_sharing_enabled":true,"post_mailing_queue_ids":[],"_links":{"self":[{"href":"https:\/\/www.confederaciondelcobre.cl\/index.php\/wp-json\/wp\/v2\/posts\/5028","targetHints":{"allow":["GET"]}}],"collection":[{"href":"https:\/\/www.confederaciondelcobre.cl\/index.php\/wp-json\/wp\/v2\/posts"}],"about":[{"href":"https:\/\/www.confederaciondelcobre.cl\/index.php\/wp-json\/wp\/v2\/types\/post"}],"author":[{"embeddable":true,"href":"https:\/\/www.confederaciondelcobre.cl\/index.php\/wp-json\/wp\/v2\/users\/2"}],"replies":[{"embeddable":true,"href":"https:\/\/www.confederaciondelcobre.cl\/index.php\/wp-json\/wp\/v2\/comments?post=5028"}],"version-history":[{"count":5,"href":"https:\/\/www.confederaciondelcobre.cl\/index.php\/wp-json\/wp\/v2\/posts\/5028\/revisions"}],"predecessor-version":[{"id":5035,"href":"https:\/\/www.confederaciondelcobre.cl\/index.php\/wp-json\/wp\/v2\/posts\/5028\/revisions\/5035"}],"wp:featuredmedia":[{"embeddable":true,"href":"https:\/\/www.confederaciondelcobre.cl\/index.php\/wp-json\/wp\/v2\/media\/5034"}],"wp:attachment":[{"href":"https:\/\/www.confederaciondelcobre.cl\/index.php\/wp-json\/wp\/v2\/media?parent=5028"}],"wp:term":[{"taxonomy":"category","embeddable":true,"href":"https:\/\/www.confederaciondelcobre.cl\/index.php\/wp-json\/wp\/v2\/categories?post=5028"},{"taxonomy":"post_tag","embeddable":true,"href":"https:\/\/www.confederaciondelcobre.cl\/index.php\/wp-json\/wp\/v2\/tags?post=5028"}],"curies":[{"name":"wp","href":"https:\/\/api.w.org\/{rel}","templated":true}]}}