{"id":5043,"date":"2024-06-04T11:49:52","date_gmt":"2024-06-04T15:49:52","guid":{"rendered":"https:\/\/www.confederaciondelcobre.cl\/?p=5043"},"modified":"2024-06-04T11:49:57","modified_gmt":"2024-06-04T15:49:57","slug":"comunicadoctc-por-anuncio-presidencial-de-presentar-a-fines-de-ano-un-proyecto-de-ley-sobre-negociacion-colectiva-multinivel","status":"publish","type":"post","link":"https:\/\/www.confederaciondelcobre.cl\/index.php\/2024\/06\/04\/comunicadoctc-por-anuncio-presidencial-de-presentar-a-fines-de-ano-un-proyecto-de-ley-sobre-negociacion-colectiva-multinivel\/","title":{"rendered":"#ComunicadoCTC por anuncio presidencial de presentar a fines de a\u00f1o un Proyecto de Ley sobre Negociaci\u00f3n Colectiva Multinivel."},"content":{"rendered":"\n<p class=\"has-medium-font-size\"><strong>Por anuncio presidencial de presentar a fines de a\u00f1o un Proyecto de Ley sobre<\/strong> <strong>Negociaci\u00f3n Colectiva Multinivel.<\/strong><\/p>\n\n\n\n<p>Ante el anuncio realizado por el Presidente de la Rep\u00fablica, Gabriel Boric Font, en la Cuenta Anual Presidencial pronunciada el s\u00e1bado 01 de junio del presente, en que ratific\u00f3 su compromiso con el mundo sindical \u2014adquirido recientemente con la Central Unitaria de Trabajadores (CUT)\u2014 de <strong>iniciar un proceso de di\u00e1logo tripartito entre autoridades, trabajadores y empresarios, que culmine a fines de este a\u00f1o con la presentaci\u00f3n al Congreso Nacional de un proyecto de ley de Negociaci\u00f3n Colectiva Multinivel<\/strong>, la Confederaci\u00f3n de Trabajadores del Cobre (CTC) comunica lo siguiente:<\/p>\n\n\n\n<p>1.- Manifestamos nuestra positiva valoraci\u00f3n al anuncio realizado por el Presidente de la Rep\u00fablica, a la vez que, en tanto organizaci\u00f3n nacional representativa de las y los trabajadores contratistas y subcontratistas de la miner\u00eda nacional del cobre, <strong>declaramos nuestra absoluta e inmediata disposici\u00f3n, a iniciar cuanto antes, y en todas las instancias que se requiera, las necesarias tratativas entre todas y todos quienes corresponda a fin de dar curso real y efectivo a lo anunciado por el Presidente<\/strong>.<\/p>\n\n\n\n<p>2.- En relaci\u00f3n a las declaraciones de la Presidenta de la SOFOFA, quien se\u00f1al\u00f3 como \u201c<em>una mirada de hace cien a\u00f1os\u201d <\/em>a la iniciativa de avanzar hacia la Negociaci\u00f3n Colectiva Multinivel, <strong>llamamos al empresariado nacional a avanzar y dejar atr\u00e1s, entonces, la m\u00e1s que centenaria e injusta relaci\u00f3n laboral que existe entre trabajadores y empleadores en nuestro pa\u00eds<\/strong>, pues lejos de representar una <em>mirada del pasado<\/em>, la Negociaci\u00f3n Colectiva Multinivel (por sector o rama productiva) vendr\u00e1 a actualizar, mejorar y fortalecer los mecanismos de di\u00e1logo y entendimiento entre trabajadores y empleadores. No por nada, y mucho menos por ser una <em>mirada del pasado<\/em>, <strong>la Negociaci\u00f3n Colectiva Multinivel es hoy una realidad en pa\u00edses desarrollados<\/strong>: de los siete pa\u00edses m\u00e1s productivos de la OCDE, en seis predomina la Negociaci\u00f3n Colectiva Ramal; y de los trece pa\u00edses OCDE con tasas de ocupaci\u00f3n laboral sobre el 70% (las m\u00e1s altas del mundo), en once de ellos existe Negociaci\u00f3n Colectiva por Rama.<\/p>\n\n\n\n<p>3.- Desde el a\u00f1o 2007, <strong>nuestra organizaci\u00f3n ha negociado \u201cAcuerdos Marco\u201d directamente con las empresas mandantes del sector minero, especialmente con CODELCO. <\/strong>Dichos Acuerdos, vigentes al d\u00eda de hoy, son conquista de la clase trabajadora, que, con unidad, conciencia, organizaci\u00f3n y lucha, establecen una serie de condiciones y pisos m\u00ednimos a las que est\u00e1n sujetas las empresas contratistas y subcontratistas respecto de sus trabajadoras y trabajadores; no se oponen a una negociaci\u00f3n directa con la empresa y <strong>son ejemplo de una verdadera Negociaci\u00f3n Ramal o Multinivel. Su contribuci\u00f3n, a todas luces evidente<\/strong>,<strong> va en l\u00ednea con la b\u00fasqueda del trabajo digno y decente; es altamente valorada por todas las partes involucradas, y ha elevado las condiciones de trabajo y vida de 65 mil trabajadoras, trabajadores y sus familias<\/strong>.<\/p>\n\n\n\n<p><strong>Finalmente, la Confederaci\u00f3n de Trabajadores del Cobre reiteramos nuestra absoluta e inmediata disposici\u00f3n, a iniciar cuanto antes, y en todas las instancias que se requiera, las necesarias tratativas entre todas y todos quienes corresponda a fin dar curso real y efectivo a lo anunciado por el Presidente.<\/strong><strong><\/strong><\/p>\n\n\n\n<p class=\"has-text-align-center\"><strong>CONFEDERACI\u00d3N DE TRABAJADORES DEL COBRE<\/strong><\/p>\n\n\n\n<p class=\"has-text-align-right\">Chile, 04 de junio de 2024.<\/p>\n\n\n<div class=\"wp-block-image\">\n<figure class=\"aligncenter size-large\"><img loading=\"lazy\" decoding=\"async\" width=\"586\" height=\"1024\" src=\"https:\/\/www.confederaciondelcobre.cl\/wp-content\/uploads\/2024\/06\/Por-Propuesta-de-Negociacion-Multinivel-copia-586x1024.png\" alt=\"\" class=\"wp-image-5045\" srcset=\"https:\/\/www.confederaciondelcobre.cl\/wp-content\/uploads\/2024\/06\/Por-Propuesta-de-Negociacion-Multinivel-copia-586x1024.png 586w, https:\/\/www.confederaciondelcobre.cl\/wp-content\/uploads\/2024\/06\/Por-Propuesta-de-Negociacion-Multinivel-copia-172x300.png 172w, https:\/\/www.confederaciondelcobre.cl\/wp-content\/uploads\/2024\/06\/Por-Propuesta-de-Negociacion-Multinivel-copia.png 618w\" sizes=\"auto, (max-width: 586px) 100vw, 586px\" \/><\/figure><\/div>","protected":false},"excerpt":{"rendered":"<p>Por anuncio presidencial de presentar a fines de a\u00f1o un Proyecto de Ley sobre Negociaci\u00f3n Colectiva Multinivel. Ante el anuncio realizado por el Presidente de la Rep\u00fablica, Gabriel Boric Font, &hellip; <\/p>\n","protected":false},"author":2,"featured_media":5044,"comment_status":"closed","ping_status":"closed","sticky":false,"template":"","format":"standard","meta":{"jetpack_post_was_ever_published":false,"_jetpack_newsletter_access":"","_jetpack_dont_email_post_to_subs":false,"_jetpack_newsletter_tier_id":0,"_jetpack_memberships_contains_paywalled_content":false,"_jetpack_memberships_contains_paid_content":false,"footnotes":"","jetpack_publicize_message":"","jetpack_publicize_feature_enabled":false,"jetpack_social_post_already_shared":true,"jetpack_social_options":{"image_generator_settings":{"template":"highway","default_image_id":0,"enabled":false},"version":2}},"categories":[5,8,9,15,20,19],"tags":[],"class_list":["post-5043","post","type-post","status-publish","format-standard","has-post-thumbnail","hentry","category-acuerdo-marco","category-comunicado","category-confederacion","category-nacional","category-negociacion-colectiva","category-trabajadores"],"jetpack_publicize_connections":[],"jetpack_featured_media_url":"https:\/\/www.confederaciondelcobre.cl\/wp-content\/uploads\/2024\/06\/Port.jpg","jetpack_sharing_enabled":true,"post_mailing_queue_ids":[],"_links":{"self":[{"href":"https:\/\/www.confederaciondelcobre.cl\/index.php\/wp-json\/wp\/v2\/posts\/5043","targetHints":{"allow":["GET"]}}],"collection":[{"href":"https:\/\/www.confederaciondelcobre.cl\/index.php\/wp-json\/wp\/v2\/posts"}],"about":[{"href":"https:\/\/www.confederaciondelcobre.cl\/index.php\/wp-json\/wp\/v2\/types\/post"}],"author":[{"embeddable":true,"href":"https:\/\/www.confederaciondelcobre.cl\/index.php\/wp-json\/wp\/v2\/users\/2"}],"replies":[{"embeddable":true,"href":"https:\/\/www.confederaciondelcobre.cl\/index.php\/wp-json\/wp\/v2\/comments?post=5043"}],"version-history":[{"count":2,"href":"https:\/\/www.confederaciondelcobre.cl\/index.php\/wp-json\/wp\/v2\/posts\/5043\/revisions"}],"predecessor-version":[{"id":5047,"href":"https:\/\/www.confederaciondelcobre.cl\/index.php\/wp-json\/wp\/v2\/posts\/5043\/revisions\/5047"}],"wp:featuredmedia":[{"embeddable":true,"href":"https:\/\/www.confederaciondelcobre.cl\/index.php\/wp-json\/wp\/v2\/media\/5044"}],"wp:attachment":[{"href":"https:\/\/www.confederaciondelcobre.cl\/index.php\/wp-json\/wp\/v2\/media?parent=5043"}],"wp:term":[{"taxonomy":"category","embeddable":true,"href":"https:\/\/www.confederaciondelcobre.cl\/index.php\/wp-json\/wp\/v2\/categories?post=5043"},{"taxonomy":"post_tag","embeddable":true,"href":"https:\/\/www.confederaciondelcobre.cl\/index.php\/wp-json\/wp\/v2\/tags?post=5043"}],"curies":[{"name":"wp","href":"https:\/\/api.w.org\/{rel}","templated":true}]}}