{"id":5048,"date":"2024-06-06T18:47:03","date_gmt":"2024-06-06T22:47:03","guid":{"rendered":"https:\/\/www.confederaciondelcobre.cl\/?p=5048"},"modified":"2024-06-06T18:47:11","modified_gmt":"2024-06-06T22:47:11","slug":"delegacion-de-la-cut-con-participacion-de-la-ctc-asiste-a-la-112a-reunion-de-la-conferencia-internacional-del-trabajo-en-ginebra-suiza","status":"publish","type":"post","link":"https:\/\/www.confederaciondelcobre.cl\/index.php\/2024\/06\/06\/delegacion-de-la-cut-con-participacion-de-la-ctc-asiste-a-la-112a-reunion-de-la-conferencia-internacional-del-trabajo-en-ginebra-suiza\/","title":{"rendered":"Delegaci\u00f3n de la CUT, con participaci\u00f3n de la CTC, asiste a la 112\u00aa reuni\u00f3n de la Conferencia Internacional del Trabajo en Ginebra-Suiza."},"content":{"rendered":"\n<p>Entre los d\u00edas 03 y el 14 de junio se est\u00e1 llevando a cabo, en Ginebra-Suiza, la 112\u00aa reuni\u00f3n de la Conferencia Internacional del Trabajo, que <strong>cuenta con la participaci\u00f3n de delegadas y delegados de trabajadores, empleadores y gobiernos de los 187 Estados miembros de la Organizaci\u00f3n Internacional del Trabajo (OIT)<\/strong>, \u00fanico organismo de car\u00e1cter tripartito de la Organizaci\u00f3n de Naciones Unidas (ONU). <\/p>\n\n\n\n<p>El evento, que aborda una serie temas, entre los cuales se incluye la protecci\u00f3n de las y los trabajadores frente a los efectos del cambio clim\u00e1tico y los riesgos biol\u00f3gicos, as\u00ed como la econom\u00eda del cuidado y los principios y derechos fundamentales en el trabajo, entre otros,<strong>&nbsp;cuenta con la participaci\u00f3n de la delegaci\u00f3n de la Central Unitaria de Trabajadores (CUT-Chile)<\/strong>, encabezada por su Presidente, David Acu\u00f1a Millahueique,&nbsp;<strong>e incluye a la Confederaci\u00f3n de Trabajadores del Cobre (CTC), representada por su Presidenta, Ana Lamas Aguirre; y el Tesorero Nacional, Jedry Velis Palma<\/strong>.<\/p>\n\n\n\n<figure class=\"wp-block-gallery has-nested-images columns-default is-cropped wp-block-gallery-1 is-layout-flex wp-block-gallery-is-layout-flex\">\n<figure class=\"wp-block-image size-large\"><img loading=\"lazy\" decoding=\"async\" width=\"1024\" height=\"781\" data-id=\"5055\" src=\"https:\/\/www.confederaciondelcobre.cl\/wp-content\/uploads\/2024\/06\/2-1024x781.jpg\" alt=\"\" class=\"wp-image-5055\" srcset=\"https:\/\/www.confederaciondelcobre.cl\/wp-content\/uploads\/2024\/06\/2-1024x781.jpg 1024w, https:\/\/www.confederaciondelcobre.cl\/wp-content\/uploads\/2024\/06\/2-300x229.jpg 300w, https:\/\/www.confederaciondelcobre.cl\/wp-content\/uploads\/2024\/06\/2-768x585.jpg 768w, https:\/\/www.confederaciondelcobre.cl\/wp-content\/uploads\/2024\/06\/2-1536x1171.jpg 1536w, https:\/\/www.confederaciondelcobre.cl\/wp-content\/uploads\/2024\/06\/2-290x220.jpg 290w, https:\/\/www.confederaciondelcobre.cl\/wp-content\/uploads\/2024\/06\/2.jpg 1544w\" sizes=\"auto, (max-width: 1024px) 100vw, 1024px\" \/><\/figure>\n\n\n\n<figure class=\"wp-block-image size-large\"><img loading=\"lazy\" decoding=\"async\" width=\"800\" height=\"600\" data-id=\"5054\" src=\"https:\/\/www.confederaciondelcobre.cl\/wp-content\/uploads\/2024\/06\/1.jpg\" alt=\"\" class=\"wp-image-5054\" srcset=\"https:\/\/www.confederaciondelcobre.cl\/wp-content\/uploads\/2024\/06\/1.jpg 800w, https:\/\/www.confederaciondelcobre.cl\/wp-content\/uploads\/2024\/06\/1-300x225.jpg 300w, https:\/\/www.confederaciondelcobre.cl\/wp-content\/uploads\/2024\/06\/1-768x576.jpg 768w\" sizes=\"auto, (max-width: 800px) 100vw, 800px\" \/><\/figure>\n<\/figure>\n\n\n\n<p>A su llegada a la Conferencia, la Presidenta de la CTC, Ana Lamas Aguirre, declar\u00f3 que nuevamente las y los trabajadores &#8220;hemos venido a escuchar y poner en valor nuestras demandas hist\u00f3ricas, en torno a avanzar hacia condiciones de trabajo digno y decente para las trabajadoras y trabajadores de Chile y del mundo entero&#8221;, a\u00f1adiendo despu\u00e9s que \u201cser parte de la delegaci\u00f3n de las y los trabajadores de Chile, es una oportunidad de aprendizaje, que nuevamente como Confederaci\u00f3n hemos asumido con responsabilidad y compromiso\u201d, en referencia a la <a href=\"https:\/\/www.confederaciondelcobre.cl\/index.php\/2023\/06\/12\/presidenta-y-secretaria-general-de-la-ctc-participan-de-la-111a-conferencia-anual-de-la-oit\/\" target=\"_blank\" rel=\"noreferrer noopener\">anterior participaci\u00f3n de la CTC en la 111\u00aa Conferencia de 2023<\/a>. <\/p>\n\n\n\n<figure class=\"wp-block-image size-full\"><img loading=\"lazy\" decoding=\"async\" width=\"800\" height=\"600\" src=\"https:\/\/www.confederaciondelcobre.cl\/wp-content\/uploads\/2024\/06\/4.jpg\" alt=\"\" class=\"wp-image-5056\" srcset=\"https:\/\/www.confederaciondelcobre.cl\/wp-content\/uploads\/2024\/06\/4.jpg 800w, https:\/\/www.confederaciondelcobre.cl\/wp-content\/uploads\/2024\/06\/4-300x225.jpg 300w, https:\/\/www.confederaciondelcobre.cl\/wp-content\/uploads\/2024\/06\/4-768x576.jpg 768w\" sizes=\"auto, (max-width: 800px) 100vw, 800px\" \/><\/figure>\n\n\n\n<p>Entre las actividades programadas, durante la 112\u00aa reuni\u00f3n de la Conferencia Internacional del Trabajo, el d\u00eda de ayer destac\u00f3 el significativo acto de apoyo y solidaridad con el pueblo de Palestina y las trabajadoras y trabajadores que hoy sufren la brutal invasi\u00f3n a su territorio, donde son v\u00edctimas de atroces cr\u00edmenes por parte del gobierno fascista de Israel. La Confederaci\u00f3n de Trabajadores del Cobre, condenamos de manera categ\u00f3rica el genocidio contra el pueblo palestino, a la vez que reafirmamos nuestra convicci\u00f3n de que dicho pueblo es el \u00fanico soberano en su autodeterminaci\u00f3n, y tiene el absoluto derecho de libre existencia. En consecuencia, llamamos a los pueblos del mundo a mantenerse alertas y activos en solidaridad con la causa Palestina. Las trabajadoras y trabajadores debemos debemos mantenernos unidos como clase, y defender nuestros derechos. \u00a1Toda nuestra solidaridad para Palestina Libre!<\/p>\n\n\n\n<div class=\"wp-block-jetpack-slideshow aligncenter\"><div data-effect=\"slide\"><div class=\"wp-block-jetpack-slideshow_container swiper-container\"><ul class=\"wp-block-jetpack-slideshow_swiper-wrapper swiper-wrapper\"><li class=\"wp-block-jetpack-slideshow_slide swiper-slide\"><figure><img loading=\"lazy\" decoding=\"async\" width=\"800\" height=\"600\" alt=\"\" class=\"wp-block-jetpack-slideshow_image wp-image-5057\" data-id=\"5057\" src=\"https:\/\/www.confederaciondelcobre.cl\/wp-content\/uploads\/2024\/06\/5.jpg\" srcset=\"https:\/\/www.confederaciondelcobre.cl\/wp-content\/uploads\/2024\/06\/5.jpg 800w, https:\/\/www.confederaciondelcobre.cl\/wp-content\/uploads\/2024\/06\/5-300x225.jpg 300w, https:\/\/www.confederaciondelcobre.cl\/wp-content\/uploads\/2024\/06\/5-768x576.jpg 768w\" sizes=\"auto, (max-width: 800px) 100vw, 800px\" \/><\/figure><\/li><li class=\"wp-block-jetpack-slideshow_slide swiper-slide\"><figure><img loading=\"lazy\" decoding=\"async\" width=\"800\" height=\"600\" alt=\"\" class=\"wp-block-jetpack-slideshow_image wp-image-5065\" data-id=\"5065\" src=\"https:\/\/www.confederaciondelcobre.cl\/wp-content\/uploads\/2024\/06\/6.jpg\" srcset=\"https:\/\/www.confederaciondelcobre.cl\/wp-content\/uploads\/2024\/06\/6.jpg 800w, https:\/\/www.confederaciondelcobre.cl\/wp-content\/uploads\/2024\/06\/6-300x225.jpg 300w, https:\/\/www.confederaciondelcobre.cl\/wp-content\/uploads\/2024\/06\/6-768x576.jpg 768w\" sizes=\"auto, (max-width: 800px) 100vw, 800px\" \/><\/figure><\/li><li class=\"wp-block-jetpack-slideshow_slide swiper-slide\"><figure><img loading=\"lazy\" decoding=\"async\" width=\"800\" height=\"600\" alt=\"\" class=\"wp-block-jetpack-slideshow_image wp-image-5066\" data-id=\"5066\" src=\"https:\/\/www.confederaciondelcobre.cl\/wp-content\/uploads\/2024\/06\/7.jpg\" srcset=\"https:\/\/www.confederaciondelcobre.cl\/wp-content\/uploads\/2024\/06\/7.jpg 800w, https:\/\/www.confederaciondelcobre.cl\/wp-content\/uploads\/2024\/06\/7-300x225.jpg 300w, https:\/\/www.confederaciondelcobre.cl\/wp-content\/uploads\/2024\/06\/7-768x576.jpg 768w\" sizes=\"auto, (max-width: 800px) 100vw, 800px\" \/><\/figure><\/li><\/ul><a class=\"wp-block-jetpack-slideshow_button-prev swiper-button-prev swiper-button-white\" role=\"button\"><\/a><a class=\"wp-block-jetpack-slideshow_button-next swiper-button-next swiper-button-white\" role=\"button\"><\/a><a aria-label=\"Pause Slideshow\" class=\"wp-block-jetpack-slideshow_button-pause\" role=\"button\"><\/a><div class=\"wp-block-jetpack-slideshow_pagination swiper-pagination swiper-pagination-white\"><\/div><\/div><\/div><\/div>\n","protected":false},"excerpt":{"rendered":"<p>Entre los d\u00edas 03 y el 14 de junio se est\u00e1 llevando a cabo, en Ginebra-Suiza, la 112\u00aa reuni\u00f3n de la Conferencia Internacional del Trabajo, que cuenta con la participaci\u00f3n &hellip; <\/p>\n","protected":false},"author":2,"featured_media":5053,"comment_status":"closed","ping_status":"closed","sticky":false,"template":"","format":"standard","meta":{"jetpack_post_was_ever_published":false,"_jetpack_newsletter_access":"","_jetpack_dont_email_post_to_subs":false,"_jetpack_newsletter_tier_id":0,"_jetpack_memberships_contains_paywalled_content":false,"_jetpack_memberships_contains_paid_content":false,"footnotes":"","jetpack_publicize_message":"","jetpack_publicize_feature_enabled":false,"jetpack_social_post_already_shared":false,"jetpack_social_options":{"image_generator_settings":{"template":"highway","default_image_id":0,"enabled":false},"version":2}},"categories":[9,13,15,19],"tags":[],"class_list":["post-5048","post","type-post","status-publish","format-standard","has-post-thumbnail","hentry","category-confederacion","category-internacional","category-nacional","category-trabajadores"],"jetpack_publicize_connections":[],"jetpack_featured_media_url":"https:\/\/www.confederaciondelcobre.cl\/wp-content\/uploads\/2024\/06\/Port-1.jpg","jetpack_sharing_enabled":true,"post_mailing_queue_ids":[],"_links":{"self":[{"href":"https:\/\/www.confederaciondelcobre.cl\/index.php\/wp-json\/wp\/v2\/posts\/5048","targetHints":{"allow":["GET"]}}],"collection":[{"href":"https:\/\/www.confederaciondelcobre.cl\/index.php\/wp-json\/wp\/v2\/posts"}],"about":[{"href":"https:\/\/www.confederaciondelcobre.cl\/index.php\/wp-json\/wp\/v2\/types\/post"}],"author":[{"embeddable":true,"href":"https:\/\/www.confederaciondelcobre.cl\/index.php\/wp-json\/wp\/v2\/users\/2"}],"replies":[{"embeddable":true,"href":"https:\/\/www.confederaciondelcobre.cl\/index.php\/wp-json\/wp\/v2\/comments?post=5048"}],"version-history":[{"count":10,"href":"https:\/\/www.confederaciondelcobre.cl\/index.php\/wp-json\/wp\/v2\/posts\/5048\/revisions"}],"predecessor-version":[{"id":5077,"href":"https:\/\/www.confederaciondelcobre.cl\/index.php\/wp-json\/wp\/v2\/posts\/5048\/revisions\/5077"}],"wp:featuredmedia":[{"embeddable":true,"href":"https:\/\/www.confederaciondelcobre.cl\/index.php\/wp-json\/wp\/v2\/media\/5053"}],"wp:attachment":[{"href":"https:\/\/www.confederaciondelcobre.cl\/index.php\/wp-json\/wp\/v2\/media?parent=5048"}],"wp:term":[{"taxonomy":"category","embeddable":true,"href":"https:\/\/www.confederaciondelcobre.cl\/index.php\/wp-json\/wp\/v2\/categories?post=5048"},{"taxonomy":"post_tag","embeddable":true,"href":"https:\/\/www.confederaciondelcobre.cl\/index.php\/wp-json\/wp\/v2\/tags?post=5048"}],"curies":[{"name":"wp","href":"https:\/\/api.w.org\/{rel}","templated":true}]}}