{"id":5078,"date":"2024-06-11T12:54:03","date_gmt":"2024-06-11T16:54:03","guid":{"rendered":"https:\/\/www.confederaciondelcobre.cl\/?p=5078"},"modified":"2024-06-12T14:42:54","modified_gmt":"2024-06-12T18:42:54","slug":"hacia-los-100-anos-99-anos-de-la-huelga-general-del-salitre-se-conmemoro-en-tarapaca","status":"publish","type":"post","link":"https:\/\/www.confederaciondelcobre.cl\/index.php\/2024\/06\/11\/hacia-los-100-anos-99-anos-de-la-huelga-general-del-salitre-se-conmemoro-en-tarapaca\/","title":{"rendered":"Hacia los 100 a\u00f1os: 99 a\u00f1os de la Huelga General del Salitre se conmemor\u00f3 en Tarapac\u00e1."},"content":{"rendered":"\n<p><strong>Organizadas y convocadas por el Comit\u00e9 Pro Centenario Salitreras 1925, en conjunto con la CUT de Iquique y la Federaci\u00f3n Minera del Norte<\/strong> (FEMINORT, que es federaci\u00f3n de la CTC en la regi\u00f3n de Tarapac\u00e1), entre los d\u00edas 01 y 08 de junio del presente se desarrollaron una serie de actividades que conmemoraron <strong>99 a\u00f1os de la Huelga General del Salitre en la regi\u00f3n de Tarapac\u00e1<\/strong> (Chile). <\/p>\n\n\n\n<p>Las actividades, que fueron parte de la preparaci\u00f3n del programa conmemorativo para el <strong>Centenario de Junio de 2025<\/strong> en que ocurrieron la Huelga y Masacres de La Coru\u00f1a, Maroussia y en el local de la Foch en Huara, contaron con la participaci\u00f3n de diversas organizaciones sociales, culturales y sindicales de la regi\u00f3n, como tambi\u00e9n con la colaboraci\u00f3n de municipios y la disposici\u00f3n de buses de acercamiento que salieron desde las ciudades de Iquique y Alto Hospicio. En ellas, las y los asistentes compartieron reflexiones sobre el legado de la lucha obrera desplegada a lo largo de las oficinas salitreras de la \u00e9poca, y, por cierto, en torno a las matanzas o masacres por ellos sufridas cuando \u2014en el contexto de la gran huelga de 1925\u2014 demandaban mejores condiciones laborales, sociales y econ\u00f3micas.<\/p>\n\n\n\n<p>El m\u00f3vil de estas conmemoraciones, en v\u00edas al centenario de junio de 2025, buscan quitar el manto de olvido a la memoria nacional, la <em>oficial<\/em>. Buscan visibilizar y socializar, en el sentido de dar a conocer entre las personas, la poblaci\u00f3n y la sociedad en su conjunto, las referidas masacres obreras pero tambi\u00e9n la <strong>hist\u00f3rica lucha de trabajadoras y trabajadores que demandaban dignidad para el desarrollo de sus vidas y la de sus familias<\/strong>. Luchas que, sin ir m\u00e1s lejos, y a\u00fan a la distancia de casi cien a\u00f1os, guardan absoluta vigencia con el presente de la clase trabajadora, que a trav\u00e9s de la organizaci\u00f3n y lucha busca poner en justo valor el fruto de sus esfuerzos, de su trabajo.<\/p>\n\n\n\n<p>El pr\u00f3ximo a\u00f1o, cuando se cumplan cien a\u00f1os de la Huelga General del Salitre en la regi\u00f3n de Tarapac\u00e1, nuevamente se realizar\u00e1n una serie de actividades a las que todas y todos desde ya est\u00e1n invitados. Como este y en a\u00f1os anteriores, la Confederaci\u00f3n de Trabajadores del Cobre estar\u00e1 presente.<\/p>\n\n\n\n<div class=\"wp-block-group\"><div class=\"wp-block-group__inner-container is-layout-constrained wp-block-group-is-layout-constrained\">\n<pre class=\"wp-block-preformatted\"><strong>Actividades realizadas\n<\/strong>\n- <strong>S\u00e1bado 01 de junio:<\/strong> visita y homenaje a los ca\u00eddos en la Salitrera Maroussia, perteneciente al Cant\u00f3n Salitrero de Huara;\n- <strong>Mi\u00e9rcoles 05 de junio:<\/strong> charla en el Liceo de Pozo Almonte, a cargo de la profesora de la Universidad Arturo Prat (UNAP), Mar\u00eda Fernanda Guajardo, sobre la huelga del salitre en 1925 y los sucesos de La Coru\u00f1a y salitreras aleda\u00f1as;\n- <strong>Jueves 06 de junio:<\/strong> romer\u00eda y homenaje a los ca\u00eddos en la Salitrera Maroussia y enterrados en la fosa com\u00fan del Cementerio de Huara, donde se llev\u00f3 a cabo el dep\u00f3sito de ofrendas florales. Despu\u00e9s se desarroll\u00f3  una convivencia comunitaria en el camping del pueblo, organizada con el apoyo de de Cultura y Turismo de la Municipalidad de Huara;\n- <strong>S\u00e1bado 08 de junio:<\/strong> visita a Salitrera La Coru\u00f1a, del cant\u00f3n salitrero Soledad. Acto y homenaje en la fosa com\u00fan del Cementerio de Alto San Antonio y dep\u00f3sito de ofrendas florales a los ca\u00eddos en La Coru\u00f1a y oficinas aleda\u00f1as, con apoyo de Cultura de la Municipalidad de de Pozo Alomonte.<\/pre>\n<\/div><\/div>\n\n\n\n<p>Dejamos a continuaci\u00f3n un \u00e1lbum con fotograf\u00edas de algunas de las actividades desarrolladas. Fotograf\u00edas de la Federaci\u00f3n Minera del Norte (FEMINORT) y de Carlos Carpio.<\/p>\n\n\n\n<div class=\"wp-block-jetpack-slideshow aligncenter\"><div data-effect=\"slide\"><div class=\"wp-block-jetpack-slideshow_container swiper-container\"><ul class=\"wp-block-jetpack-slideshow_swiper-wrapper swiper-wrapper\"><li class=\"wp-block-jetpack-slideshow_slide swiper-slide\"><figure><img loading=\"lazy\" decoding=\"async\" width=\"1024\" height=\"576\" alt=\"\" class=\"wp-block-jetpack-slideshow_image wp-image-5086\" data-id=\"5086\" src=\"https:\/\/www.confederaciondelcobre.cl\/wp-content\/uploads\/2024\/06\/0ccd349f-8ab5-48e1-8e58-a5a83507542c-1024x576.jpeg\" srcset=\"https:\/\/www.confederaciondelcobre.cl\/wp-content\/uploads\/2024\/06\/0ccd349f-8ab5-48e1-8e58-a5a83507542c-1024x576.jpeg 1024w, https:\/\/www.confederaciondelcobre.cl\/wp-content\/uploads\/2024\/06\/0ccd349f-8ab5-48e1-8e58-a5a83507542c-300x169.jpeg 300w, https:\/\/www.confederaciondelcobre.cl\/wp-content\/uploads\/2024\/06\/0ccd349f-8ab5-48e1-8e58-a5a83507542c-768x432.jpeg 768w, https:\/\/www.confederaciondelcobre.cl\/wp-content\/uploads\/2024\/06\/0ccd349f-8ab5-48e1-8e58-a5a83507542c-1536x864.jpeg 1536w, https:\/\/www.confederaciondelcobre.cl\/wp-content\/uploads\/2024\/06\/0ccd349f-8ab5-48e1-8e58-a5a83507542c.jpeg 1600w\" sizes=\"auto, (max-width: 1024px) 100vw, 1024px\" \/><\/figure><\/li><li class=\"wp-block-jetpack-slideshow_slide swiper-slide\"><figure><img loading=\"lazy\" decoding=\"async\" width=\"800\" height=\"600\" alt=\"\" class=\"wp-block-jetpack-slideshow_image wp-image-5087\" data-id=\"5087\" src=\"https:\/\/www.confederaciondelcobre.cl\/wp-content\/uploads\/2024\/06\/1-1.jpg\" srcset=\"https:\/\/www.confederaciondelcobre.cl\/wp-content\/uploads\/2024\/06\/1-1.jpg 800w, https:\/\/www.confederaciondelcobre.cl\/wp-content\/uploads\/2024\/06\/1-1-300x225.jpg 300w, https:\/\/www.confederaciondelcobre.cl\/wp-content\/uploads\/2024\/06\/1-1-768x576.jpg 768w\" sizes=\"auto, (max-width: 800px) 100vw, 800px\" \/><\/figure><\/li><li class=\"wp-block-jetpack-slideshow_slide swiper-slide\"><figure><img loading=\"lazy\" decoding=\"async\" width=\"800\" height=\"600\" alt=\"\" class=\"wp-block-jetpack-slideshow_image wp-image-5088\" data-id=\"5088\" src=\"https:\/\/www.confederaciondelcobre.cl\/wp-content\/uploads\/2024\/06\/3.jpg\" srcset=\"https:\/\/www.confederaciondelcobre.cl\/wp-content\/uploads\/2024\/06\/3.jpg 800w, https:\/\/www.confederaciondelcobre.cl\/wp-content\/uploads\/2024\/06\/3-300x225.jpg 300w, https:\/\/www.confederaciondelcobre.cl\/wp-content\/uploads\/2024\/06\/3-768x576.jpg 768w\" sizes=\"auto, (max-width: 800px) 100vw, 800px\" \/><\/figure><\/li><li class=\"wp-block-jetpack-slideshow_slide swiper-slide\"><figure><img loading=\"lazy\" decoding=\"async\" width=\"800\" height=\"600\" alt=\"\" class=\"wp-block-jetpack-slideshow_image wp-image-5089\" data-id=\"5089\" src=\"https:\/\/www.confederaciondelcobre.cl\/wp-content\/uploads\/2024\/06\/4-1.jpg\" srcset=\"https:\/\/www.confederaciondelcobre.cl\/wp-content\/uploads\/2024\/06\/4-1.jpg 800w, https:\/\/www.confederaciondelcobre.cl\/wp-content\/uploads\/2024\/06\/4-1-300x225.jpg 300w, https:\/\/www.confederaciondelcobre.cl\/wp-content\/uploads\/2024\/06\/4-1-768x576.jpg 768w\" sizes=\"auto, (max-width: 800px) 100vw, 800px\" \/><\/figure><\/li><li class=\"wp-block-jetpack-slideshow_slide swiper-slide\"><figure><img loading=\"lazy\" decoding=\"async\" width=\"800\" height=\"600\" alt=\"\" class=\"wp-block-jetpack-slideshow_image wp-image-5090\" data-id=\"5090\" src=\"https:\/\/www.confederaciondelcobre.cl\/wp-content\/uploads\/2024\/06\/5-1.jpg\" srcset=\"https:\/\/www.confederaciondelcobre.cl\/wp-content\/uploads\/2024\/06\/5-1.jpg 800w, https:\/\/www.confederaciondelcobre.cl\/wp-content\/uploads\/2024\/06\/5-1-300x225.jpg 300w, https:\/\/www.confederaciondelcobre.cl\/wp-content\/uploads\/2024\/06\/5-1-768x576.jpg 768w\" sizes=\"auto, (max-width: 800px) 100vw, 800px\" \/><\/figure><\/li><li class=\"wp-block-jetpack-slideshow_slide swiper-slide\"><figure><img loading=\"lazy\" decoding=\"async\" width=\"1024\" height=\"576\" alt=\"\" class=\"wp-block-jetpack-slideshow_image wp-image-5091\" data-id=\"5091\" src=\"https:\/\/www.confederaciondelcobre.cl\/wp-content\/uploads\/2024\/06\/05515b86-a60c-4e8d-9b9f-5bf37a53f6f4-1024x576.jpeg\" srcset=\"https:\/\/www.confederaciondelcobre.cl\/wp-content\/uploads\/2024\/06\/05515b86-a60c-4e8d-9b9f-5bf37a53f6f4-1024x576.jpeg 1024w, https:\/\/www.confederaciondelcobre.cl\/wp-content\/uploads\/2024\/06\/05515b86-a60c-4e8d-9b9f-5bf37a53f6f4-300x169.jpeg 300w, https:\/\/www.confederaciondelcobre.cl\/wp-content\/uploads\/2024\/06\/05515b86-a60c-4e8d-9b9f-5bf37a53f6f4-768x432.jpeg 768w, https:\/\/www.confederaciondelcobre.cl\/wp-content\/uploads\/2024\/06\/05515b86-a60c-4e8d-9b9f-5bf37a53f6f4-1536x864.jpeg 1536w, https:\/\/www.confederaciondelcobre.cl\/wp-content\/uploads\/2024\/06\/05515b86-a60c-4e8d-9b9f-5bf37a53f6f4.jpeg 1600w\" sizes=\"auto, (max-width: 1024px) 100vw, 1024px\" \/><\/figure><\/li><li class=\"wp-block-jetpack-slideshow_slide swiper-slide\"><figure><img loading=\"lazy\" decoding=\"async\" width=\"1024\" height=\"576\" alt=\"\" class=\"wp-block-jetpack-slideshow_image wp-image-5092\" data-id=\"5092\" src=\"https:\/\/www.confederaciondelcobre.cl\/wp-content\/uploads\/2024\/06\/a265a1e2-6121-42a1-be0b-84b7c74bda3f-1024x576.jpeg\" srcset=\"https:\/\/www.confederaciondelcobre.cl\/wp-content\/uploads\/2024\/06\/a265a1e2-6121-42a1-be0b-84b7c74bda3f-1024x576.jpeg 1024w, https:\/\/www.confederaciondelcobre.cl\/wp-content\/uploads\/2024\/06\/a265a1e2-6121-42a1-be0b-84b7c74bda3f-300x169.jpeg 300w, https:\/\/www.confederaciondelcobre.cl\/wp-content\/uploads\/2024\/06\/a265a1e2-6121-42a1-be0b-84b7c74bda3f-768x432.jpeg 768w, https:\/\/www.confederaciondelcobre.cl\/wp-content\/uploads\/2024\/06\/a265a1e2-6121-42a1-be0b-84b7c74bda3f-1536x864.jpeg 1536w, https:\/\/www.confederaciondelcobre.cl\/wp-content\/uploads\/2024\/06\/a265a1e2-6121-42a1-be0b-84b7c74bda3f.jpeg 1600w\" sizes=\"auto, (max-width: 1024px) 100vw, 1024px\" \/><\/figure><\/li><li class=\"wp-block-jetpack-slideshow_slide swiper-slide\"><figure><img loading=\"lazy\" decoding=\"async\" width=\"1024\" height=\"684\" alt=\"\" class=\"wp-block-jetpack-slideshow_image wp-image-5093\" data-id=\"5093\" src=\"https:\/\/www.confederaciondelcobre.cl\/wp-content\/uploads\/2024\/06\/DSC03241-1024x684.jpg\" srcset=\"https:\/\/www.confederaciondelcobre.cl\/wp-content\/uploads\/2024\/06\/DSC03241-1024x684.jpg 1024w, https:\/\/www.confederaciondelcobre.cl\/wp-content\/uploads\/2024\/06\/DSC03241-300x200.jpg 300w, https:\/\/www.confederaciondelcobre.cl\/wp-content\/uploads\/2024\/06\/DSC03241-768x513.jpg 768w, https:\/\/www.confederaciondelcobre.cl\/wp-content\/uploads\/2024\/06\/DSC03241-1536x1026.jpg 1536w, https:\/\/www.confederaciondelcobre.cl\/wp-content\/uploads\/2024\/06\/DSC03241-2048x1368.jpg 2048w\" sizes=\"auto, (max-width: 1024px) 100vw, 1024px\" \/><\/figure><\/li><li class=\"wp-block-jetpack-slideshow_slide swiper-slide\"><figure><img loading=\"lazy\" decoding=\"async\" width=\"1024\" height=\"684\" alt=\"\" class=\"wp-block-jetpack-slideshow_image wp-image-5094\" data-id=\"5094\" src=\"https:\/\/www.confederaciondelcobre.cl\/wp-content\/uploads\/2024\/06\/DSC03252-1024x684.jpg\" srcset=\"https:\/\/www.confederaciondelcobre.cl\/wp-content\/uploads\/2024\/06\/DSC03252-1024x684.jpg 1024w, https:\/\/www.confederaciondelcobre.cl\/wp-content\/uploads\/2024\/06\/DSC03252-300x200.jpg 300w, https:\/\/www.confederaciondelcobre.cl\/wp-content\/uploads\/2024\/06\/DSC03252-768x513.jpg 768w, https:\/\/www.confederaciondelcobre.cl\/wp-content\/uploads\/2024\/06\/DSC03252-1536x1026.jpg 1536w, https:\/\/www.confederaciondelcobre.cl\/wp-content\/uploads\/2024\/06\/DSC03252-2048x1368.jpg 2048w\" sizes=\"auto, (max-width: 1024px) 100vw, 1024px\" \/><\/figure><\/li><li class=\"wp-block-jetpack-slideshow_slide swiper-slide\"><figure><img loading=\"lazy\" decoding=\"async\" width=\"1024\" height=\"684\" alt=\"\" class=\"wp-block-jetpack-slideshow_image wp-image-5095\" data-id=\"5095\" src=\"https:\/\/www.confederaciondelcobre.cl\/wp-content\/uploads\/2024\/06\/DSC03267-1024x684.jpg\" srcset=\"https:\/\/www.confederaciondelcobre.cl\/wp-content\/uploads\/2024\/06\/DSC03267-1024x684.jpg 1024w, https:\/\/www.confederaciondelcobre.cl\/wp-content\/uploads\/2024\/06\/DSC03267-300x200.jpg 300w, https:\/\/www.confederaciondelcobre.cl\/wp-content\/uploads\/2024\/06\/DSC03267-768x513.jpg 768w, https:\/\/www.confederaciondelcobre.cl\/wp-content\/uploads\/2024\/06\/DSC03267-1536x1026.jpg 1536w, https:\/\/www.confederaciondelcobre.cl\/wp-content\/uploads\/2024\/06\/DSC03267-2048x1368.jpg 2048w\" sizes=\"auto, (max-width: 1024px) 100vw, 1024px\" \/><\/figure><\/li><li class=\"wp-block-jetpack-slideshow_slide swiper-slide\"><figure><img loading=\"lazy\" decoding=\"async\" width=\"1024\" height=\"684\" alt=\"\" class=\"wp-block-jetpack-slideshow_image wp-image-5096\" data-id=\"5096\" src=\"https:\/\/www.confederaciondelcobre.cl\/wp-content\/uploads\/2024\/06\/DSC03274-1024x684.jpg\" srcset=\"https:\/\/www.confederaciondelcobre.cl\/wp-content\/uploads\/2024\/06\/DSC03274-1024x684.jpg 1024w, https:\/\/www.confederaciondelcobre.cl\/wp-content\/uploads\/2024\/06\/DSC03274-300x200.jpg 300w, https:\/\/www.confederaciondelcobre.cl\/wp-content\/uploads\/2024\/06\/DSC03274-768x513.jpg 768w, https:\/\/www.confederaciondelcobre.cl\/wp-content\/uploads\/2024\/06\/DSC03274-1536x1026.jpg 1536w, https:\/\/www.confederaciondelcobre.cl\/wp-content\/uploads\/2024\/06\/DSC03274-2048x1368.jpg 2048w\" sizes=\"auto, (max-width: 1024px) 100vw, 1024px\" \/><\/figure><\/li><li class=\"wp-block-jetpack-slideshow_slide swiper-slide\"><figure><img loading=\"lazy\" decoding=\"async\" width=\"1024\" height=\"684\" alt=\"\" class=\"wp-block-jetpack-slideshow_image wp-image-5097\" data-id=\"5097\" src=\"https:\/\/www.confederaciondelcobre.cl\/wp-content\/uploads\/2024\/06\/DSC03346-1024x684.jpg\" srcset=\"https:\/\/www.confederaciondelcobre.cl\/wp-content\/uploads\/2024\/06\/DSC03346-1024x684.jpg 1024w, https:\/\/www.confederaciondelcobre.cl\/wp-content\/uploads\/2024\/06\/DSC03346-300x200.jpg 300w, https:\/\/www.confederaciondelcobre.cl\/wp-content\/uploads\/2024\/06\/DSC03346-768x513.jpg 768w, https:\/\/www.confederaciondelcobre.cl\/wp-content\/uploads\/2024\/06\/DSC03346-1536x1026.jpg 1536w, https:\/\/www.confederaciondelcobre.cl\/wp-content\/uploads\/2024\/06\/DSC03346-2048x1368.jpg 2048w\" sizes=\"auto, (max-width: 1024px) 100vw, 1024px\" \/><\/figure><\/li><li class=\"wp-block-jetpack-slideshow_slide swiper-slide\"><figure><img loading=\"lazy\" decoding=\"async\" width=\"1024\" height=\"684\" alt=\"\" class=\"wp-block-jetpack-slideshow_image wp-image-5098\" data-id=\"5098\" src=\"https:\/\/www.confederaciondelcobre.cl\/wp-content\/uploads\/2024\/06\/DSC03352-1024x684.jpg\" srcset=\"https:\/\/www.confederaciondelcobre.cl\/wp-content\/uploads\/2024\/06\/DSC03352-1024x684.jpg 1024w, https:\/\/www.confederaciondelcobre.cl\/wp-content\/uploads\/2024\/06\/DSC03352-300x200.jpg 300w, https:\/\/www.confederaciondelcobre.cl\/wp-content\/uploads\/2024\/06\/DSC03352-768x513.jpg 768w, https:\/\/www.confederaciondelcobre.cl\/wp-content\/uploads\/2024\/06\/DSC03352-1536x1026.jpg 1536w, https:\/\/www.confederaciondelcobre.cl\/wp-content\/uploads\/2024\/06\/DSC03352-2048x1368.jpg 2048w\" sizes=\"auto, (max-width: 1024px) 100vw, 1024px\" \/><\/figure><\/li><li class=\"wp-block-jetpack-slideshow_slide swiper-slide\"><figure><img loading=\"lazy\" decoding=\"async\" width=\"1024\" height=\"684\" alt=\"\" class=\"wp-block-jetpack-slideshow_image wp-image-5099\" data-id=\"5099\" src=\"https:\/\/www.confederaciondelcobre.cl\/wp-content\/uploads\/2024\/06\/DSC03359-1024x684.jpg\" srcset=\"https:\/\/www.confederaciondelcobre.cl\/wp-content\/uploads\/2024\/06\/DSC03359-1024x684.jpg 1024w, https:\/\/www.confederaciondelcobre.cl\/wp-content\/uploads\/2024\/06\/DSC03359-300x200.jpg 300w, https:\/\/www.confederaciondelcobre.cl\/wp-content\/uploads\/2024\/06\/DSC03359-768x513.jpg 768w, https:\/\/www.confederaciondelcobre.cl\/wp-content\/uploads\/2024\/06\/DSC03359-1536x1026.jpg 1536w, https:\/\/www.confederaciondelcobre.cl\/wp-content\/uploads\/2024\/06\/DSC03359-2048x1368.jpg 2048w\" sizes=\"auto, (max-width: 1024px) 100vw, 1024px\" \/><\/figure><\/li><li class=\"wp-block-jetpack-slideshow_slide swiper-slide\"><figure><img loading=\"lazy\" decoding=\"async\" width=\"1024\" height=\"684\" alt=\"\" class=\"wp-block-jetpack-slideshow_image wp-image-5100\" data-id=\"5100\" src=\"https:\/\/www.confederaciondelcobre.cl\/wp-content\/uploads\/2024\/06\/DSC03385-1024x684.jpg\" srcset=\"https:\/\/www.confederaciondelcobre.cl\/wp-content\/uploads\/2024\/06\/DSC03385-1024x684.jpg 1024w, https:\/\/www.confederaciondelcobre.cl\/wp-content\/uploads\/2024\/06\/DSC03385-300x200.jpg 300w, https:\/\/www.confederaciondelcobre.cl\/wp-content\/uploads\/2024\/06\/DSC03385-768x513.jpg 768w, https:\/\/www.confederaciondelcobre.cl\/wp-content\/uploads\/2024\/06\/DSC03385-1536x1026.jpg 1536w, https:\/\/www.confederaciondelcobre.cl\/wp-content\/uploads\/2024\/06\/DSC03385-2048x1368.jpg 2048w\" sizes=\"auto, (max-width: 1024px) 100vw, 1024px\" \/><\/figure><\/li><li class=\"wp-block-jetpack-slideshow_slide swiper-slide\"><figure><img loading=\"lazy\" decoding=\"async\" width=\"1024\" height=\"684\" alt=\"\" class=\"wp-block-jetpack-slideshow_image wp-image-5103\" data-id=\"5103\" src=\"https:\/\/www.confederaciondelcobre.cl\/wp-content\/uploads\/2024\/06\/DSC03772-1024x684.jpg\" srcset=\"https:\/\/www.confederaciondelcobre.cl\/wp-content\/uploads\/2024\/06\/DSC03772-1024x684.jpg 1024w, https:\/\/www.confederaciondelcobre.cl\/wp-content\/uploads\/2024\/06\/DSC03772-300x200.jpg 300w, https:\/\/www.confederaciondelcobre.cl\/wp-content\/uploads\/2024\/06\/DSC03772-768x513.jpg 768w, https:\/\/www.confederaciondelcobre.cl\/wp-content\/uploads\/2024\/06\/DSC03772-1536x1026.jpg 1536w, https:\/\/www.confederaciondelcobre.cl\/wp-content\/uploads\/2024\/06\/DSC03772-2048x1368.jpg 2048w\" sizes=\"auto, (max-width: 1024px) 100vw, 1024px\" \/><\/figure><\/li><li class=\"wp-block-jetpack-slideshow_slide swiper-slide\"><figure><img loading=\"lazy\" decoding=\"async\" width=\"1024\" height=\"684\" alt=\"\" class=\"wp-block-jetpack-slideshow_image wp-image-5104\" data-id=\"5104\" src=\"https:\/\/www.confederaciondelcobre.cl\/wp-content\/uploads\/2024\/06\/DSC03786-1024x684.jpg\" srcset=\"https:\/\/www.confederaciondelcobre.cl\/wp-content\/uploads\/2024\/06\/DSC03786-1024x684.jpg 1024w, https:\/\/www.confederaciondelcobre.cl\/wp-content\/uploads\/2024\/06\/DSC03786-300x200.jpg 300w, https:\/\/www.confederaciondelcobre.cl\/wp-content\/uploads\/2024\/06\/DSC03786-768x513.jpg 768w, https:\/\/www.confederaciondelcobre.cl\/wp-content\/uploads\/2024\/06\/DSC03786-1536x1026.jpg 1536w, https:\/\/www.confederaciondelcobre.cl\/wp-content\/uploads\/2024\/06\/DSC03786-2048x1368.jpg 2048w\" sizes=\"auto, (max-width: 1024px) 100vw, 1024px\" \/><\/figure><\/li><li class=\"wp-block-jetpack-slideshow_slide swiper-slide\"><figure><img loading=\"lazy\" decoding=\"async\" width=\"1024\" height=\"684\" alt=\"\" class=\"wp-block-jetpack-slideshow_image wp-image-5105\" data-id=\"5105\" src=\"https:\/\/www.confederaciondelcobre.cl\/wp-content\/uploads\/2024\/06\/DSC03789-1024x684.jpg\" srcset=\"https:\/\/www.confederaciondelcobre.cl\/wp-content\/uploads\/2024\/06\/DSC03789-1024x684.jpg 1024w, https:\/\/www.confederaciondelcobre.cl\/wp-content\/uploads\/2024\/06\/DSC03789-300x200.jpg 300w, https:\/\/www.confederaciondelcobre.cl\/wp-content\/uploads\/2024\/06\/DSC03789-768x513.jpg 768w, https:\/\/www.confederaciondelcobre.cl\/wp-content\/uploads\/2024\/06\/DSC03789-1536x1026.jpg 1536w, https:\/\/www.confederaciondelcobre.cl\/wp-content\/uploads\/2024\/06\/DSC03789-2048x1368.jpg 2048w\" sizes=\"auto, (max-width: 1024px) 100vw, 1024px\" \/><\/figure><\/li><li class=\"wp-block-jetpack-slideshow_slide swiper-slide\"><figure><img loading=\"lazy\" decoding=\"async\" width=\"1024\" height=\"684\" alt=\"\" class=\"wp-block-jetpack-slideshow_image wp-image-5106\" data-id=\"5106\" src=\"https:\/\/www.confederaciondelcobre.cl\/wp-content\/uploads\/2024\/06\/DSC03800-1024x684.jpg\" srcset=\"https:\/\/www.confederaciondelcobre.cl\/wp-content\/uploads\/2024\/06\/DSC03800-1024x684.jpg 1024w, https:\/\/www.confederaciondelcobre.cl\/wp-content\/uploads\/2024\/06\/DSC03800-300x200.jpg 300w, https:\/\/www.confederaciondelcobre.cl\/wp-content\/uploads\/2024\/06\/DSC03800-768x513.jpg 768w, https:\/\/www.confederaciondelcobre.cl\/wp-content\/uploads\/2024\/06\/DSC03800-1536x1026.jpg 1536w, https:\/\/www.confederaciondelcobre.cl\/wp-content\/uploads\/2024\/06\/DSC03800-2048x1368.jpg 2048w\" sizes=\"auto, (max-width: 1024px) 100vw, 1024px\" \/><\/figure><\/li><li class=\"wp-block-jetpack-slideshow_slide swiper-slide\"><figure><img loading=\"lazy\" decoding=\"async\" width=\"1024\" height=\"684\" alt=\"\" class=\"wp-block-jetpack-slideshow_image wp-image-5107\" data-id=\"5107\" src=\"https:\/\/www.confederaciondelcobre.cl\/wp-content\/uploads\/2024\/06\/DSC03819-1024x684.jpg\" srcset=\"https:\/\/www.confederaciondelcobre.cl\/wp-content\/uploads\/2024\/06\/DSC03819-1024x684.jpg 1024w, https:\/\/www.confederaciondelcobre.cl\/wp-content\/uploads\/2024\/06\/DSC03819-300x200.jpg 300w, https:\/\/www.confederaciondelcobre.cl\/wp-content\/uploads\/2024\/06\/DSC03819-768x513.jpg 768w, https:\/\/www.confederaciondelcobre.cl\/wp-content\/uploads\/2024\/06\/DSC03819-1536x1026.jpg 1536w, https:\/\/www.confederaciondelcobre.cl\/wp-content\/uploads\/2024\/06\/DSC03819-2048x1368.jpg 2048w\" sizes=\"auto, (max-width: 1024px) 100vw, 1024px\" \/><\/figure><\/li><li class=\"wp-block-jetpack-slideshow_slide swiper-slide\"><figure><img loading=\"lazy\" decoding=\"async\" width=\"1024\" height=\"684\" alt=\"\" class=\"wp-block-jetpack-slideshow_image wp-image-5108\" data-id=\"5108\" src=\"https:\/\/www.confederaciondelcobre.cl\/wp-content\/uploads\/2024\/06\/DSC03850-1024x684.jpg\" srcset=\"https:\/\/www.confederaciondelcobre.cl\/wp-content\/uploads\/2024\/06\/DSC03850-1024x684.jpg 1024w, https:\/\/www.confederaciondelcobre.cl\/wp-content\/uploads\/2024\/06\/DSC03850-300x200.jpg 300w, https:\/\/www.confederaciondelcobre.cl\/wp-content\/uploads\/2024\/06\/DSC03850-768x513.jpg 768w, https:\/\/www.confederaciondelcobre.cl\/wp-content\/uploads\/2024\/06\/DSC03850-1536x1026.jpg 1536w, https:\/\/www.confederaciondelcobre.cl\/wp-content\/uploads\/2024\/06\/DSC03850-2048x1368.jpg 2048w\" sizes=\"auto, (max-width: 1024px) 100vw, 1024px\" \/><\/figure><\/li><li class=\"wp-block-jetpack-slideshow_slide swiper-slide\"><figure><img loading=\"lazy\" decoding=\"async\" width=\"1024\" height=\"684\" alt=\"\" class=\"wp-block-jetpack-slideshow_image wp-image-5109\" data-id=\"5109\" src=\"https:\/\/www.confederaciondelcobre.cl\/wp-content\/uploads\/2024\/06\/DSC03856-1024x684.jpg\" srcset=\"https:\/\/www.confederaciondelcobre.cl\/wp-content\/uploads\/2024\/06\/DSC03856-1024x684.jpg 1024w, https:\/\/www.confederaciondelcobre.cl\/wp-content\/uploads\/2024\/06\/DSC03856-300x200.jpg 300w, https:\/\/www.confederaciondelcobre.cl\/wp-content\/uploads\/2024\/06\/DSC03856-768x513.jpg 768w, https:\/\/www.confederaciondelcobre.cl\/wp-content\/uploads\/2024\/06\/DSC03856-1536x1026.jpg 1536w, https:\/\/www.confederaciondelcobre.cl\/wp-content\/uploads\/2024\/06\/DSC03856-2048x1368.jpg 2048w\" sizes=\"auto, (max-width: 1024px) 100vw, 1024px\" \/><\/figure><\/li><li class=\"wp-block-jetpack-slideshow_slide swiper-slide\"><figure><img loading=\"lazy\" decoding=\"async\" width=\"1024\" height=\"501\" alt=\"\" class=\"wp-block-jetpack-slideshow_image wp-image-5110\" data-id=\"5110\" src=\"https:\/\/www.confederaciondelcobre.cl\/wp-content\/uploads\/2024\/06\/DSC03885-1024x501.jpg\" srcset=\"https:\/\/www.confederaciondelcobre.cl\/wp-content\/uploads\/2024\/06\/DSC03885-1024x501.jpg 1024w, https:\/\/www.confederaciondelcobre.cl\/wp-content\/uploads\/2024\/06\/DSC03885-300x147.jpg 300w, https:\/\/www.confederaciondelcobre.cl\/wp-content\/uploads\/2024\/06\/DSC03885-768x376.jpg 768w, https:\/\/www.confederaciondelcobre.cl\/wp-content\/uploads\/2024\/06\/DSC03885-1536x751.jpg 1536w, https:\/\/www.confederaciondelcobre.cl\/wp-content\/uploads\/2024\/06\/DSC03885-2048x1001.jpg 2048w\" sizes=\"auto, (max-width: 1024px) 100vw, 1024px\" \/><\/figure><\/li><li class=\"wp-block-jetpack-slideshow_slide swiper-slide\"><figure><img loading=\"lazy\" decoding=\"async\" width=\"732\" height=\"1024\" alt=\"\" class=\"wp-block-jetpack-slideshow_image wp-image-5111\" data-id=\"5111\" src=\"https:\/\/www.confederaciondelcobre.cl\/wp-content\/uploads\/2024\/06\/DSC03907-732x1024.jpg\" srcset=\"https:\/\/www.confederaciondelcobre.cl\/wp-content\/uploads\/2024\/06\/DSC03907-732x1024.jpg 732w, https:\/\/www.confederaciondelcobre.cl\/wp-content\/uploads\/2024\/06\/DSC03907-214x300.jpg 214w, https:\/\/www.confederaciondelcobre.cl\/wp-content\/uploads\/2024\/06\/DSC03907-768x1075.jpg 768w, https:\/\/www.confederaciondelcobre.cl\/wp-content\/uploads\/2024\/06\/DSC03907-1097x1536.jpg 1097w, https:\/\/www.confederaciondelcobre.cl\/wp-content\/uploads\/2024\/06\/DSC03907-1463x2048.jpg 1463w, https:\/\/www.confederaciondelcobre.cl\/wp-content\/uploads\/2024\/06\/DSC03907-scaled.jpg 1829w\" sizes=\"auto, (max-width: 732px) 100vw, 732px\" \/><\/figure><\/li><li class=\"wp-block-jetpack-slideshow_slide swiper-slide\"><figure><img loading=\"lazy\" decoding=\"async\" width=\"1024\" height=\"620\" alt=\"\" class=\"wp-block-jetpack-slideshow_image wp-image-5112\" data-id=\"5112\" src=\"https:\/\/www.confederaciondelcobre.cl\/wp-content\/uploads\/2024\/06\/DSC03908-1024x620.jpg\" srcset=\"https:\/\/www.confederaciondelcobre.cl\/wp-content\/uploads\/2024\/06\/DSC03908-1024x620.jpg 1024w, https:\/\/www.confederaciondelcobre.cl\/wp-content\/uploads\/2024\/06\/DSC03908-300x182.jpg 300w, https:\/\/www.confederaciondelcobre.cl\/wp-content\/uploads\/2024\/06\/DSC03908-768x465.jpg 768w, https:\/\/www.confederaciondelcobre.cl\/wp-content\/uploads\/2024\/06\/DSC03908-1536x930.jpg 1536w, https:\/\/www.confederaciondelcobre.cl\/wp-content\/uploads\/2024\/06\/DSC03908-2048x1240.jpg 2048w\" sizes=\"auto, (max-width: 1024px) 100vw, 1024px\" \/><\/figure><\/li><li class=\"wp-block-jetpack-slideshow_slide swiper-slide\"><figure><img loading=\"lazy\" decoding=\"async\" width=\"1024\" height=\"597\" alt=\"\" class=\"wp-block-jetpack-slideshow_image wp-image-5113\" data-id=\"5113\" src=\"https:\/\/www.confederaciondelcobre.cl\/wp-content\/uploads\/2024\/06\/DSC03920-1024x597.jpg\" srcset=\"https:\/\/www.confederaciondelcobre.cl\/wp-content\/uploads\/2024\/06\/DSC03920-1024x597.jpg 1024w, https:\/\/www.confederaciondelcobre.cl\/wp-content\/uploads\/2024\/06\/DSC03920-300x175.jpg 300w, https:\/\/www.confederaciondelcobre.cl\/wp-content\/uploads\/2024\/06\/DSC03920-768x448.jpg 768w, https:\/\/www.confederaciondelcobre.cl\/wp-content\/uploads\/2024\/06\/DSC03920-1536x896.jpg 1536w, https:\/\/www.confederaciondelcobre.cl\/wp-content\/uploads\/2024\/06\/DSC03920-2048x1194.jpg 2048w\" sizes=\"auto, (max-width: 1024px) 100vw, 1024px\" \/><\/figure><\/li><li class=\"wp-block-jetpack-slideshow_slide swiper-slide\"><figure><img loading=\"lazy\" decoding=\"async\" width=\"1024\" height=\"621\" alt=\"\" class=\"wp-block-jetpack-slideshow_image wp-image-5114\" data-id=\"5114\" src=\"https:\/\/www.confederaciondelcobre.cl\/wp-content\/uploads\/2024\/06\/DSC03952-1024x621.jpg\" srcset=\"https:\/\/www.confederaciondelcobre.cl\/wp-content\/uploads\/2024\/06\/DSC03952-1024x621.jpg 1024w, https:\/\/www.confederaciondelcobre.cl\/wp-content\/uploads\/2024\/06\/DSC03952-300x182.jpg 300w, https:\/\/www.confederaciondelcobre.cl\/wp-content\/uploads\/2024\/06\/DSC03952-768x466.jpg 768w, https:\/\/www.confederaciondelcobre.cl\/wp-content\/uploads\/2024\/06\/DSC03952-1536x932.jpg 1536w, https:\/\/www.confederaciondelcobre.cl\/wp-content\/uploads\/2024\/06\/DSC03952-2048x1242.jpg 2048w\" sizes=\"auto, (max-width: 1024px) 100vw, 1024px\" \/><\/figure><\/li><li class=\"wp-block-jetpack-slideshow_slide swiper-slide\"><figure><img loading=\"lazy\" decoding=\"async\" width=\"1024\" height=\"622\" alt=\"\" class=\"wp-block-jetpack-slideshow_image wp-image-5115\" data-id=\"5115\" src=\"https:\/\/www.confederaciondelcobre.cl\/wp-content\/uploads\/2024\/06\/DSC03967-1024x622.jpg\" srcset=\"https:\/\/www.confederaciondelcobre.cl\/wp-content\/uploads\/2024\/06\/DSC03967-1024x622.jpg 1024w, https:\/\/www.confederaciondelcobre.cl\/wp-content\/uploads\/2024\/06\/DSC03967-300x182.jpg 300w, https:\/\/www.confederaciondelcobre.cl\/wp-content\/uploads\/2024\/06\/DSC03967-768x467.jpg 768w, https:\/\/www.confederaciondelcobre.cl\/wp-content\/uploads\/2024\/06\/DSC03967-1536x933.jpg 1536w, https:\/\/www.confederaciondelcobre.cl\/wp-content\/uploads\/2024\/06\/DSC03967-2048x1244.jpg 2048w\" sizes=\"auto, (max-width: 1024px) 100vw, 1024px\" \/><\/figure><\/li><li class=\"wp-block-jetpack-slideshow_slide swiper-slide\"><figure><img loading=\"lazy\" decoding=\"async\" width=\"1024\" height=\"487\" alt=\"\" class=\"wp-block-jetpack-slideshow_image wp-image-5116\" data-id=\"5116\" src=\"https:\/\/www.confederaciondelcobre.cl\/wp-content\/uploads\/2024\/06\/DSC03989-1024x487.jpg\" srcset=\"https:\/\/www.confederaciondelcobre.cl\/wp-content\/uploads\/2024\/06\/DSC03989-1024x487.jpg 1024w, https:\/\/www.confederaciondelcobre.cl\/wp-content\/uploads\/2024\/06\/DSC03989-300x143.jpg 300w, https:\/\/www.confederaciondelcobre.cl\/wp-content\/uploads\/2024\/06\/DSC03989-768x365.jpg 768w, https:\/\/www.confederaciondelcobre.cl\/wp-content\/uploads\/2024\/06\/DSC03989-1536x730.jpg 1536w, https:\/\/www.confederaciondelcobre.cl\/wp-content\/uploads\/2024\/06\/DSC03989-2048x974.jpg 2048w\" sizes=\"auto, (max-width: 1024px) 100vw, 1024px\" \/><\/figure><\/li><li class=\"wp-block-jetpack-slideshow_slide swiper-slide\"><figure><img loading=\"lazy\" decoding=\"async\" width=\"1024\" height=\"556\" alt=\"\" class=\"wp-block-jetpack-slideshow_image wp-image-5117\" data-id=\"5117\" src=\"https:\/\/www.confederaciondelcobre.cl\/wp-content\/uploads\/2024\/06\/Panorama_sin_titulo-3-1024x556.jpg\" srcset=\"https:\/\/www.confederaciondelcobre.cl\/wp-content\/uploads\/2024\/06\/Panorama_sin_titulo-3-1024x556.jpg 1024w, https:\/\/www.confederaciondelcobre.cl\/wp-content\/uploads\/2024\/06\/Panorama_sin_titulo-3-300x163.jpg 300w, https:\/\/www.confederaciondelcobre.cl\/wp-content\/uploads\/2024\/06\/Panorama_sin_titulo-3-768x417.jpg 768w, https:\/\/www.confederaciondelcobre.cl\/wp-content\/uploads\/2024\/06\/Panorama_sin_titulo-3-1536x834.jpg 1536w, https:\/\/www.confederaciondelcobre.cl\/wp-content\/uploads\/2024\/06\/Panorama_sin_titulo-3-2048x1112.jpg 2048w, https:\/\/www.confederaciondelcobre.cl\/wp-content\/uploads\/2024\/06\/Panorama_sin_titulo-3-735x400.jpg 735w\" sizes=\"auto, (max-width: 1024px) 100vw, 1024px\" \/><\/figure><\/li><\/ul><a class=\"wp-block-jetpack-slideshow_button-prev swiper-button-prev swiper-button-white\" role=\"button\"><\/a><a class=\"wp-block-jetpack-slideshow_button-next swiper-button-next swiper-button-white\" role=\"button\"><\/a><a aria-label=\"Pause Slideshow\" class=\"wp-block-jetpack-slideshow_button-pause\" role=\"button\"><\/a><div class=\"wp-block-jetpack-slideshow_pagination swiper-pagination swiper-pagination-white\"><\/div><\/div><\/div><\/div>\n\n\n\n<p><strong>Sobre el contenido de esta nota, revisa algunos enlaces que podr\u00edan ser de tu inter\u00e9s:<\/strong><\/p>\n\n\n\n<ul class=\"wp-block-list\">\n<li>(video) <a href=\"http:\/\/Conmemoraci\u00f3n de los 99 a\u00f1os de la masacre de la Oficina Salitrera Coru\u00f1a\" target=\"_blank\" rel=\"noreferrer noopener\">Conmemoraci\u00f3n de los 99 a\u00f1os de la masacre de la Oficina Salitrera Coru\u00f1a.<\/a><\/li>\n<\/ul>\n\n\n\n<ul class=\"wp-block-list\">\n<li>(art\u00edculo) <a href=\"https:\/\/tarapacainsitu.cl\/contenido\/1897\/chile-y-bolivia-el-mismo-horror-e-injusticia-en-el-centenario-de-la-masacre-de-u\" target=\"_blank\" rel=\"noreferrer noopener\">Masacre de Unc\u00eda: 100 a\u00f1os de una tragedia olvidada<\/a>.<\/li>\n<\/ul>\n","protected":false},"excerpt":{"rendered":"<p>Organizadas y convocadas por el Comit\u00e9 Pro Centenario Salitreras 1925, en conjunto con la CUT de Iquique y la Federaci\u00f3n Minera del Norte (FEMINORT, que es federaci\u00f3n de la CTC &hellip; <\/p>\n","protected":false},"author":2,"featured_media":5085,"comment_status":"closed","ping_status":"closed","sticky":false,"template":"","format":"standard","meta":{"jetpack_post_was_ever_published":false,"_jetpack_newsletter_access":"","_jetpack_dont_email_post_to_subs":false,"_jetpack_newsletter_tier_id":0,"_jetpack_memberships_contains_paywalled_content":false,"_jetpack_memberships_contains_paid_content":false,"footnotes":"","jetpack_publicize_message":"","jetpack_publicize_feature_enabled":false,"jetpack_social_post_already_shared":true,"jetpack_social_options":{"image_generator_settings":{"template":"highway","default_image_id":0,"enabled":false},"version":2}},"categories":[37,9,21,22,14,15,17,39,19],"tags":[],"class_list":["post-5078","post","type-post","status-publish","format-standard","has-post-thumbnail","hentry","category-memoriactc","category-confederacion","category-federaciones","category-feminort","category-movimientos-sociales","category-nacional","category-regiones","category-sindicatos","category-trabajadores"],"jetpack_publicize_connections":[],"jetpack_featured_media_url":"https:\/\/www.confederaciondelcobre.cl\/wp-content\/uploads\/2024\/06\/Portada.jpg","jetpack_sharing_enabled":true,"post_mailing_queue_ids":[],"_links":{"self":[{"href":"https:\/\/www.confederaciondelcobre.cl\/index.php\/wp-json\/wp\/v2\/posts\/5078","targetHints":{"allow":["GET"]}}],"collection":[{"href":"https:\/\/www.confederaciondelcobre.cl\/index.php\/wp-json\/wp\/v2\/posts"}],"about":[{"href":"https:\/\/www.confederaciondelcobre.cl\/index.php\/wp-json\/wp\/v2\/types\/post"}],"author":[{"embeddable":true,"href":"https:\/\/www.confederaciondelcobre.cl\/index.php\/wp-json\/wp\/v2\/users\/2"}],"replies":[{"embeddable":true,"href":"https:\/\/www.confederaciondelcobre.cl\/index.php\/wp-json\/wp\/v2\/comments?post=5078"}],"version-history":[{"count":7,"href":"https:\/\/www.confederaciondelcobre.cl\/index.php\/wp-json\/wp\/v2\/posts\/5078\/revisions"}],"predecessor-version":[{"id":5118,"href":"https:\/\/www.confederaciondelcobre.cl\/index.php\/wp-json\/wp\/v2\/posts\/5078\/revisions\/5118"}],"wp:featuredmedia":[{"embeddable":true,"href":"https:\/\/www.confederaciondelcobre.cl\/index.php\/wp-json\/wp\/v2\/media\/5085"}],"wp:attachment":[{"href":"https:\/\/www.confederaciondelcobre.cl\/index.php\/wp-json\/wp\/v2\/media?parent=5078"}],"wp:term":[{"taxonomy":"category","embeddable":true,"href":"https:\/\/www.confederaciondelcobre.cl\/index.php\/wp-json\/wp\/v2\/categories?post=5078"},{"taxonomy":"post_tag","embeddable":true,"href":"https:\/\/www.confederaciondelcobre.cl\/index.php\/wp-json\/wp\/v2\/tags?post=5078"}],"curies":[{"name":"wp","href":"https:\/\/api.w.org\/{rel}","templated":true}]}}