{"id":5119,"date":"2024-06-15T11:08:35","date_gmt":"2024-06-15T15:08:35","guid":{"rendered":"https:\/\/www.confederaciondelcobre.cl\/?p=5119"},"modified":"2024-06-15T11:08:37","modified_gmt":"2024-06-15T15:08:37","slug":"convenio-176-sobre-seguridad-y-salud-en-las-minas-fue-depositado-por-chile-ante-el-secretario-general-de-la-oit","status":"publish","type":"post","link":"https:\/\/www.confederaciondelcobre.cl\/index.php\/2024\/06\/15\/convenio-176-sobre-seguridad-y-salud-en-las-minas-fue-depositado-por-chile-ante-el-secretario-general-de-la-oit\/","title":{"rendered":"Convenio 176, sobre seguridad y salud en las minas, fue depositado por Chile ante el Secretario General de la OIT."},"content":{"rendered":"\n<p>La ceremonia cont\u00f3 con representantes de la delegaci\u00f3n chilena, fue encabezada por el Director General de la OIT, y en ella se formaliz\u00f3 la ratificaci\u00f3n del Convenio internacional que regir\u00e1 a partir de un a\u00f1o m\u00e1s en nuestro pa\u00eds.<\/p>\n\n\n\n<hr class=\"wp-block-separator has-alpha-channel-opacity\"\/>\n\n\n\n<p>El d\u00eda de ayer, viernes 14 de junio y en Ginebra-Suiza, se realiz\u00f3 la ceremonia en que nuestro pa\u00eds hizo dep\u00f3sito del <a href=\"https:\/\/normlex.ilo.org\/dyn\/normlex\/es\/f?p=NORMLEXPUB:12100:0::NO::P12100_ILO_CODE:C176\" target=\"_blank\" rel=\"noreferrer noopener\">Convenio 176 de la Organizaci\u00f3n Internacional del Trabajo (OIT), sobre seguridad y salud en las minas<\/a>. Llevado a cabo en dependencias de la OIT, <strong>el acto fue encabezado por el Secretario General de la OIT, Gilbert F. Houngbo, y cont\u00f3 con representantes de la delegaci\u00f3n chilena que estuvo compuesta por la Ministra del Trabajo y Previsi\u00f3n Social, Jeannette Jara Rom\u00e1n; el Presidente de la Central Unitaria de Trabajadores (CUT), David Acu\u00f1a Millahueique; y la Presidenta de la Confederaci\u00f3n de Trabajadores del Cobre (CTC), Ana Lamas Aguirre, entre otros.<\/strong><\/p>\n\n\n\n<p>\u201cSer\u00e1 una herramienta esencial para el resguardo de la salud y de la vida en un pa\u00eds de hist\u00f3rica tradici\u00f3n minera, como es Chile. Sin duda, ser\u00e1 recibido con satisfacci\u00f3n por las trabajadoras y trabajadores chilenos de la miner\u00eda\u201d, sostuvo la Presidenta de la CTC en su saludo e intervenci\u00f3n durante la ceremonia, agregando luego que \u201cnuestra responsabilidad, al regresar a Chile, ser\u00e1 impulsar la pronta implementaci\u00f3n de este convenio, y estamos seguros que la presencia aqu\u00ed de nuestra Ministra del Trabajo ser\u00e1 un factor determinante para lograr ese prop\u00f3sito\u201d.<\/p>\n\n\n\n<p><strong>La ratificaci\u00f3n y dep\u00f3sito del Convenio 176 de la OIT, sobre seguridad y salud en las minas, es una conquista de las y los trabajadores de la miner\u00eda en Chile<\/strong>, quienes, en la gesti\u00f3n y esfuerzo de sus dirigentas y dirigentes sindicales (principalmente agrupados en la Coordinadora de Trabajadores de la Miner\u00eda, CTMIN), hoy han conseguido dar un importante paso en el camino hacia un trabajo mas digno y decente. La seguridad, salud y vida de las personas siempre debe estar por sobre toda consideraci\u00f3n econ\u00f3mica o metas de productividad, y la ratificaci\u00f3n del mencionado Convenio va en esa l\u00ednea. <strong>Ya depositada su ratificaci\u00f3n, el Convenio 176 de la OIT sobre seguridad y salud en las minas, entrar\u00e1 en vigor en nuestro pa\u00eds a partir de un a\u00f1o m\u00e1s<\/strong>.<\/p>\n\n\n<div class=\"wp-block-image\">\n<figure class=\"aligncenter size-large\"><img loading=\"lazy\" decoding=\"async\" width=\"1024\" height=\"768\" src=\"https:\/\/www.confederaciondelcobre.cl\/wp-content\/uploads\/2024\/06\/6429e3d2-9dff-4a18-97a8-08ab1fbaeea4-1024x768.jpeg\" alt=\"\" class=\"wp-image-5134\" srcset=\"https:\/\/www.confederaciondelcobre.cl\/wp-content\/uploads\/2024\/06\/6429e3d2-9dff-4a18-97a8-08ab1fbaeea4-1024x768.jpeg 1024w, https:\/\/www.confederaciondelcobre.cl\/wp-content\/uploads\/2024\/06\/6429e3d2-9dff-4a18-97a8-08ab1fbaeea4-300x225.jpeg 300w, https:\/\/www.confederaciondelcobre.cl\/wp-content\/uploads\/2024\/06\/6429e3d2-9dff-4a18-97a8-08ab1fbaeea4-768x576.jpeg 768w, https:\/\/www.confederaciondelcobre.cl\/wp-content\/uploads\/2024\/06\/6429e3d2-9dff-4a18-97a8-08ab1fbaeea4-1536x1152.jpeg 1536w, https:\/\/www.confederaciondelcobre.cl\/wp-content\/uploads\/2024\/06\/6429e3d2-9dff-4a18-97a8-08ab1fbaeea4-2048x1536.jpeg 2048w\" sizes=\"auto, (max-width: 1024px) 100vw, 1024px\" \/><\/figure><\/div>\n\n<div class=\"wp-block-image\">\n<figure class=\"aligncenter size-large\"><img loading=\"lazy\" decoding=\"async\" width=\"1024\" height=\"768\" src=\"https:\/\/www.confederaciondelcobre.cl\/wp-content\/uploads\/2024\/06\/c77c3790-ddaf-4f84-a8f8-3f762dcaa8f7-1024x768.jpeg\" alt=\"\" class=\"wp-image-5127\" srcset=\"https:\/\/www.confederaciondelcobre.cl\/wp-content\/uploads\/2024\/06\/c77c3790-ddaf-4f84-a8f8-3f762dcaa8f7-1024x768.jpeg 1024w, https:\/\/www.confederaciondelcobre.cl\/wp-content\/uploads\/2024\/06\/c77c3790-ddaf-4f84-a8f8-3f762dcaa8f7-300x225.jpeg 300w, https:\/\/www.confederaciondelcobre.cl\/wp-content\/uploads\/2024\/06\/c77c3790-ddaf-4f84-a8f8-3f762dcaa8f7-768x576.jpeg 768w, https:\/\/www.confederaciondelcobre.cl\/wp-content\/uploads\/2024\/06\/c77c3790-ddaf-4f84-a8f8-3f762dcaa8f7.jpeg 1156w\" sizes=\"auto, (max-width: 1024px) 100vw, 1024px\" \/><\/figure><\/div>\n\n\n<p><\/p>\n\n\n\n<p><\/p>\n","protected":false},"excerpt":{"rendered":"<p>La ceremonia cont\u00f3 con representantes de la delegaci\u00f3n chilena, fue encabezada por el Director General de la OIT, y en ella se formaliz\u00f3 la ratificaci\u00f3n del Convenio internacional que regir\u00e1 &hellip; <\/p>\n","protected":false},"author":2,"featured_media":5137,"comment_status":"closed","ping_status":"closed","sticky":false,"template":"","format":"standard","meta":{"jetpack_post_was_ever_published":false,"_jetpack_newsletter_access":"","_jetpack_dont_email_post_to_subs":false,"_jetpack_newsletter_tier_id":0,"_jetpack_memberships_contains_paywalled_content":false,"_jetpack_memberships_contains_paid_content":false,"footnotes":"","jetpack_publicize_message":"","jetpack_publicize_feature_enabled":false,"jetpack_social_post_already_shared":true,"jetpack_social_options":{"image_generator_settings":{"template":"highway","default_image_id":0,"enabled":false},"version":2}},"categories":[9,13,15,19],"tags":[],"class_list":["post-5119","post","type-post","status-publish","format-standard","has-post-thumbnail","hentry","category-confederacion","category-internacional","category-nacional","category-trabajadores"],"jetpack_publicize_connections":[],"jetpack_featured_media_url":"https:\/\/www.confederaciondelcobre.cl\/wp-content\/uploads\/2024\/06\/Port-2.jpg","jetpack_sharing_enabled":true,"post_mailing_queue_ids":[],"_links":{"self":[{"href":"https:\/\/www.confederaciondelcobre.cl\/index.php\/wp-json\/wp\/v2\/posts\/5119","targetHints":{"allow":["GET"]}}],"collection":[{"href":"https:\/\/www.confederaciondelcobre.cl\/index.php\/wp-json\/wp\/v2\/posts"}],"about":[{"href":"https:\/\/www.confederaciondelcobre.cl\/index.php\/wp-json\/wp\/v2\/types\/post"}],"author":[{"embeddable":true,"href":"https:\/\/www.confederaciondelcobre.cl\/index.php\/wp-json\/wp\/v2\/users\/2"}],"replies":[{"embeddable":true,"href":"https:\/\/www.confederaciondelcobre.cl\/index.php\/wp-json\/wp\/v2\/comments?post=5119"}],"version-history":[{"count":9,"href":"https:\/\/www.confederaciondelcobre.cl\/index.php\/wp-json\/wp\/v2\/posts\/5119\/revisions"}],"predecessor-version":[{"id":5136,"href":"https:\/\/www.confederaciondelcobre.cl\/index.php\/wp-json\/wp\/v2\/posts\/5119\/revisions\/5136"}],"wp:featuredmedia":[{"embeddable":true,"href":"https:\/\/www.confederaciondelcobre.cl\/index.php\/wp-json\/wp\/v2\/media\/5137"}],"wp:attachment":[{"href":"https:\/\/www.confederaciondelcobre.cl\/index.php\/wp-json\/wp\/v2\/media?parent=5119"}],"wp:term":[{"taxonomy":"category","embeddable":true,"href":"https:\/\/www.confederaciondelcobre.cl\/index.php\/wp-json\/wp\/v2\/categories?post=5119"},{"taxonomy":"post_tag","embeddable":true,"href":"https:\/\/www.confederaciondelcobre.cl\/index.php\/wp-json\/wp\/v2\/tags?post=5119"}],"curies":[{"name":"wp","href":"https:\/\/api.w.org\/{rel}","templated":true}]}}