{"id":5124,"date":"2024-06-15T10:18:18","date_gmt":"2024-06-15T14:18:18","guid":{"rendered":"https:\/\/www.confederaciondelcobre.cl\/?p=5124"},"modified":"2024-06-15T10:18:20","modified_gmt":"2024-06-15T14:18:20","slug":"foro-inaugural-de-la-coalicion-mundial-para-la-justicia-social-conto-con-la-presencia-del-presidente-de-brasil-lula-da-silva-en-ginebra-suiza","status":"publish","type":"post","link":"https:\/\/www.confederaciondelcobre.cl\/index.php\/2024\/06\/15\/foro-inaugural-de-la-coalicion-mundial-para-la-justicia-social-conto-con-la-presencia-del-presidente-de-brasil-lula-da-silva-en-ginebra-suiza\/","title":{"rendered":"Foro inaugural de la Coalici\u00f3n Mundial para la Justicia Social cont\u00f3 con la presencia del Presidente de Brasil, Lula da Silva, en Ginebra-Suiza."},"content":{"rendered":"\n<p>Durante la 112\u00aa reuni\u00f3n de la Conferencia Internacional del Trabajo, en Ginebra-Suiza, el jueves 13 se llev\u00f3 a cabo el Foro inaugural de la Coalici\u00f3n Mundial para la Justicia Social. Dicho foro, reuni\u00f3 a m\u00e1s de 1.200 representantes de los miembros de la Coalici\u00f3n, y se desarroll\u00f3 en torno a temas relacionados a la justicia social. El evento cont\u00f3 con la presencia y discurso principal de Luiz In\u00e1cio Lula da Silva, Presidente de Brasil, quien abog\u00f3 por mayores esfuerzos en favor de la justicia social, a la vez que, en esa misma l\u00ednea, inst\u00f3 a tomar urgentes medidas.<\/p>\n\n\n\n<p>En dicho acto, al que asistieron Ana Lamas Aguirre y Jedry Velis Palma (Presidenta y Tesorero Nacional de la CTC, respectivamente), las expectativas estaban muy en alto, pues de la presencia y palabras del otrora dirigente sindical y hoy Presidente de Brasil siempre se esperan importantes mensajes, reflexiones y propuestas. Es de tal manera que, junto con se\u00f1alar que &#8220;ning\u00fan pa\u00eds puede resolver por si solo los dilemas que afectan a la sociedad internacional&#8221;,  Lula da Silva indic\u00f3 que &#8220;tenemos que buscar las mejores pr\u00e1cticas y experiencias all\u00ed donde se encuentren&#8221;. En ese sentido, la Coalici\u00f3n Global (organizadora del foro) &#8220;ser\u00e1 una herramienta central para construir una transici\u00f3n con justicia social, trabajo decente y erradicaci\u00f3n de la pobreza&#8221;, puntualiz\u00f3. En definitiva, y refiri\u00e9ndose a la importancia de la justicia social, a la unidad de los pueblos y el gran valor de las organizaciones sindicales, el Presidente de Brasil, en s\u00edntesis, enfatiz\u00f3 en la importancia del di\u00e1logo social como mecanismo para resolver diferencias, pero por sobre todo para avanzar hacia una sociedad mejor y m\u00e1s justa.<\/p>\n\n\n\n<p><\/p>\n","protected":false},"excerpt":{"rendered":"<p>Durante la 112\u00aa reuni\u00f3n de la Conferencia Internacional del Trabajo, en Ginebra-Suiza, el jueves 13 se llev\u00f3 a cabo el Foro inaugural de la Coalici\u00f3n Mundial para la Justicia Social. &hellip; <\/p>\n","protected":false},"author":2,"featured_media":5129,"comment_status":"closed","ping_status":"closed","sticky":false,"template":"","format":"standard","meta":{"jetpack_post_was_ever_published":false,"_jetpack_newsletter_access":"","_jetpack_dont_email_post_to_subs":false,"_jetpack_newsletter_tier_id":0,"_jetpack_memberships_contains_paywalled_content":false,"_jetpack_memberships_contains_paid_content":false,"footnotes":"","jetpack_publicize_message":"","jetpack_publicize_feature_enabled":false,"jetpack_social_post_already_shared":false,"jetpack_social_options":{"image_generator_settings":{"template":"highway","default_image_id":0,"enabled":false},"version":2}},"categories":[9,13,19],"tags":[],"class_list":["post-5124","post","type-post","status-publish","format-standard","has-post-thumbnail","hentry","category-confederacion","category-internacional","category-trabajadores"],"jetpack_publicize_connections":[],"jetpack_featured_media_url":"https:\/\/www.confederaciondelcobre.cl\/wp-content\/uploads\/2024\/06\/port-3.jpg","jetpack_sharing_enabled":true,"post_mailing_queue_ids":[],"_links":{"self":[{"href":"https:\/\/www.confederaciondelcobre.cl\/index.php\/wp-json\/wp\/v2\/posts\/5124","targetHints":{"allow":["GET"]}}],"collection":[{"href":"https:\/\/www.confederaciondelcobre.cl\/index.php\/wp-json\/wp\/v2\/posts"}],"about":[{"href":"https:\/\/www.confederaciondelcobre.cl\/index.php\/wp-json\/wp\/v2\/types\/post"}],"author":[{"embeddable":true,"href":"https:\/\/www.confederaciondelcobre.cl\/index.php\/wp-json\/wp\/v2\/users\/2"}],"replies":[{"embeddable":true,"href":"https:\/\/www.confederaciondelcobre.cl\/index.php\/wp-json\/wp\/v2\/comments?post=5124"}],"version-history":[{"count":3,"href":"https:\/\/www.confederaciondelcobre.cl\/index.php\/wp-json\/wp\/v2\/posts\/5124\/revisions"}],"predecessor-version":[{"id":5131,"href":"https:\/\/www.confederaciondelcobre.cl\/index.php\/wp-json\/wp\/v2\/posts\/5124\/revisions\/5131"}],"wp:featuredmedia":[{"embeddable":true,"href":"https:\/\/www.confederaciondelcobre.cl\/index.php\/wp-json\/wp\/v2\/media\/5129"}],"wp:attachment":[{"href":"https:\/\/www.confederaciondelcobre.cl\/index.php\/wp-json\/wp\/v2\/media?parent=5124"}],"wp:term":[{"taxonomy":"category","embeddable":true,"href":"https:\/\/www.confederaciondelcobre.cl\/index.php\/wp-json\/wp\/v2\/categories?post=5124"},{"taxonomy":"post_tag","embeddable":true,"href":"https:\/\/www.confederaciondelcobre.cl\/index.php\/wp-json\/wp\/v2\/tags?post=5124"}],"curies":[{"name":"wp","href":"https:\/\/api.w.org\/{rel}","templated":true}]}}