{"id":5138,"date":"2024-06-19T16:26:51","date_gmt":"2024-06-19T20:26:51","guid":{"rendered":"https:\/\/www.confederaciondelcobre.cl\/?p=5138"},"modified":"2024-06-19T16:26:52","modified_gmt":"2024-06-19T20:26:52","slug":"memoriactc-tragedia-del-humo-en-la-division-el-teniente","status":"publish","type":"post","link":"https:\/\/www.confederaciondelcobre.cl\/index.php\/2024\/06\/19\/memoriactc-tragedia-del-humo-en-la-division-el-teniente\/","title":{"rendered":"#MemoriaCTC: Tragedia del humo en la Divisi\u00f3n El Teniente."},"content":{"rendered":"\n<p>19.06.1945<\/p>\n\n\n\n<p>Conocida como la &#8220;Tragedia del Humo&#8221;, este accidente ocurri\u00f3 el 19 de junio de 1945 en la Mina El Teniente, ubicada en la regi\u00f3n de O\u2019Higgnis (Chile), que en aquel entonces era propiedad de la Braden Copper Company.<\/p>\n\n\n\n<p>El siniestro se origin\u00f3 en una fragua situada en uno de los accesos a la mina, desatando un incendio que liber\u00f3 una mortal emanaci\u00f3n de humo y mon\u00f3xido de carbono, propag\u00e1ndose r\u00e1pidamente a trav\u00e9s de los t\u00faneles subterr\u00e1neos. Este tr\u00e1gico evento result\u00f3 en la muerte de 355 trabajadores, y es considerado uno de los accidentes m\u00e1s graves en la historia de la miner\u00eda met\u00e1lica a nivel mundial.<\/p>\n\n\n\n<p>A 79 a\u00f1os de la Tragedia del Humo, la reciente ratificaci\u00f3n del Convenio 176 de la OIT sobre seguridad y salud en las minas es una conquista de las y los trabajadores de la miner\u00eda nacional. Constituye un importante paso en el camino hacia un trabajo mas digno y decente, donde las y los trabajadores seguiremos jugando un rol activo y protag\u00f3nico.<\/p>\n\n\n<div class=\"wp-block-image\">\n<figure class=\"aligncenter size-large\"><img loading=\"lazy\" decoding=\"async\" width=\"819\" height=\"1024\" src=\"https:\/\/www.confederaciondelcobre.cl\/wp-content\/uploads\/2024\/06\/MemoriaCTC-819x1024.png\" alt=\"\" class=\"wp-image-5140\" srcset=\"https:\/\/www.confederaciondelcobre.cl\/wp-content\/uploads\/2024\/06\/MemoriaCTC-819x1024.png 819w, https:\/\/www.confederaciondelcobre.cl\/wp-content\/uploads\/2024\/06\/MemoriaCTC-240x300.png 240w, https:\/\/www.confederaciondelcobre.cl\/wp-content\/uploads\/2024\/06\/MemoriaCTC-768x960.png 768w, https:\/\/www.confederaciondelcobre.cl\/wp-content\/uploads\/2024\/06\/MemoriaCTC.png 1080w\" sizes=\"auto, (max-width: 819px) 100vw, 819px\" \/><\/figure><\/div>","protected":false},"excerpt":{"rendered":"<p>19.06.1945 Conocida como la &#8220;Tragedia del Humo&#8221;, este accidente ocurri\u00f3 el 19 de junio de 1945 en la Mina El Teniente, ubicada en la regi\u00f3n de O\u2019Higgnis (Chile), que en &hellip; <\/p>\n","protected":false},"author":2,"featured_media":5139,"comment_status":"closed","ping_status":"closed","sticky":false,"template":"","format":"standard","meta":{"jetpack_post_was_ever_published":false,"_jetpack_newsletter_access":"","_jetpack_dont_email_post_to_subs":false,"_jetpack_newsletter_tier_id":0,"_jetpack_memberships_contains_paywalled_content":false,"_jetpack_memberships_contains_paid_content":false,"footnotes":"","jetpack_publicize_message":"","jetpack_publicize_feature_enabled":false,"jetpack_social_post_already_shared":true,"jetpack_social_options":{"image_generator_settings":{"template":"highway","default_image_id":0,"enabled":false},"version":2}},"categories":[37,15,19],"tags":[],"class_list":["post-5138","post","type-post","status-publish","format-standard","has-post-thumbnail","hentry","category-memoriactc","category-nacional","category-trabajadores"],"jetpack_publicize_connections":[],"jetpack_featured_media_url":"https:\/\/www.confederaciondelcobre.cl\/wp-content\/uploads\/2024\/06\/Port-4.jpg","jetpack_sharing_enabled":true,"post_mailing_queue_ids":[],"_links":{"self":[{"href":"https:\/\/www.confederaciondelcobre.cl\/index.php\/wp-json\/wp\/v2\/posts\/5138","targetHints":{"allow":["GET"]}}],"collection":[{"href":"https:\/\/www.confederaciondelcobre.cl\/index.php\/wp-json\/wp\/v2\/posts"}],"about":[{"href":"https:\/\/www.confederaciondelcobre.cl\/index.php\/wp-json\/wp\/v2\/types\/post"}],"author":[{"embeddable":true,"href":"https:\/\/www.confederaciondelcobre.cl\/index.php\/wp-json\/wp\/v2\/users\/2"}],"replies":[{"embeddable":true,"href":"https:\/\/www.confederaciondelcobre.cl\/index.php\/wp-json\/wp\/v2\/comments?post=5138"}],"version-history":[{"count":1,"href":"https:\/\/www.confederaciondelcobre.cl\/index.php\/wp-json\/wp\/v2\/posts\/5138\/revisions"}],"predecessor-version":[{"id":5141,"href":"https:\/\/www.confederaciondelcobre.cl\/index.php\/wp-json\/wp\/v2\/posts\/5138\/revisions\/5141"}],"wp:featuredmedia":[{"embeddable":true,"href":"https:\/\/www.confederaciondelcobre.cl\/index.php\/wp-json\/wp\/v2\/media\/5139"}],"wp:attachment":[{"href":"https:\/\/www.confederaciondelcobre.cl\/index.php\/wp-json\/wp\/v2\/media?parent=5138"}],"wp:term":[{"taxonomy":"category","embeddable":true,"href":"https:\/\/www.confederaciondelcobre.cl\/index.php\/wp-json\/wp\/v2\/categories?post=5138"},{"taxonomy":"post_tag","embeddable":true,"href":"https:\/\/www.confederaciondelcobre.cl\/index.php\/wp-json\/wp\/v2\/tags?post=5138"}],"curies":[{"name":"wp","href":"https:\/\/api.w.org\/{rel}","templated":true}]}}