{"id":5142,"date":"2024-06-19T20:41:16","date_gmt":"2024-06-20T00:41:16","guid":{"rendered":"https:\/\/www.confederaciondelcobre.cl\/?p=5142"},"modified":"2024-06-19T20:41:17","modified_gmt":"2024-06-20T00:41:17","slug":"con-participacion-de-la-ctc-conmemoracion-de-los-100-anos-de-la-direccion-del-trabajo-se-realizo-en-humberstone","status":"publish","type":"post","link":"https:\/\/www.confederaciondelcobre.cl\/index.php\/2024\/06\/19\/con-participacion-de-la-ctc-conmemoracion-de-los-100-anos-de-la-direccion-del-trabajo-se-realizo-en-humberstone\/","title":{"rendered":"Con participaci\u00f3n de la CTC, conmemoraci\u00f3n de los 100 a\u00f1os de la Direcci\u00f3n del Trabajo se realiz\u00f3 en Humberstone."},"content":{"rendered":"\n<p>El d\u00eda de hoy, en la antigua Oficina Salitrera de Humberstone, se llev\u00f3 a cabo un importante hito regional que conmemor\u00f3 los 100 a\u00f1os de la Direcci\u00f3n del Trabajo en nuestro pa\u00eds. La actividad fue encabezada por el Director Nacional del Trabajo, Pablo Zenteno, y el Director del Trabajo de la regi\u00f3n de Tarapac\u00e1, Jaime Rojas. En la oportunidad, cabe destacar, tambi\u00e9n particip\u00f3 la Confederaci\u00f3n de Trabajadores del Cobre (CTC), representada por Francisco Cabezas Cort\u00e9s, Vicepresidente, quien tambi\u00e9n es Presidente de la Feminort (federaci\u00f3n de la CTC en la regi\u00f3n de Tarapac\u00e1) y Vicepresidente de la CUT-Tarapac\u00e1.<\/p>\n\n\n\n<pre class=\"wp-block-preformatted\">El evento cont\u00f3 con la participaci\u00f3n de diversas autoridades regionales, incluyendo al Delegado Presidencial de la regi\u00f3n, Daniel Quinteros; la Delegada Presidencial Provincial del Tamarugal, Camila Guerrero; el Seremi del Trabajo y Previsi\u00f3n Social, Ignacio Prieto; la Subdirectora, Laura V\u00e1squez; y la Presidenta de la CUT-Tarapac\u00e1, Esmeralda Contreras, entre otras y otros.<\/pre>\n\n\n\n<p>Como parte de la conmemoraci\u00f3n, se llev\u00f3 a cabo una Clase Magistral en el teatro de Humberstone que se titul\u00f3 \u201cPanorama general de la demanda obrera en el contexto del ciclo del salitre (1890-1919)\u201d. Esta clase fue impartida por el Dr. Sergio Gonz\u00e1lez Miranda, Premio Nacional de Historia 2014, quien entreg\u00f3 una detallada perspectiva sobre la evoluci\u00f3n de las demandas obreras durante el ciclo del salitre.<\/p>\n\n\n\n<p>La ceremonia en Humberstone no solo celebr\u00f3 el centenario de la Direcci\u00f3n del Trabajo, sino que tambi\u00e9n resalt\u00f3 la importancia hist\u00f3rica de esta localidad en el desarrollo del movimiento sindical y las luchas obreras en Chile. En ese sentido la CTC y la Feminort, al ser parte de la mesa organizadora, valoran enormemente la actividad realizada, pues el protagonismo de las y los trabajadores, de sus luchas e hist\u00f3ricas conquistas, estuvieron presentes y con la relevancia que merece.<\/p>\n\n\n\n<div class=\"wp-block-jetpack-slideshow aligncenter\"><div data-effect=\"slide\"><div class=\"wp-block-jetpack-slideshow_container swiper-container\"><ul class=\"wp-block-jetpack-slideshow_swiper-wrapper swiper-wrapper\"><li class=\"wp-block-jetpack-slideshow_slide swiper-slide\"><figure><img loading=\"lazy\" decoding=\"async\" width=\"1024\" height=\"576\" alt=\"\" class=\"wp-block-jetpack-slideshow_image wp-image-5153\" data-id=\"5153\" src=\"https:\/\/www.confederaciondelcobre.cl\/wp-content\/uploads\/2024\/06\/19214c3e-9636-4338-8d61-16e6f3ed9cb8-1-1024x576.jpeg\" srcset=\"https:\/\/www.confederaciondelcobre.cl\/wp-content\/uploads\/2024\/06\/19214c3e-9636-4338-8d61-16e6f3ed9cb8-1-1024x576.jpeg 1024w, https:\/\/www.confederaciondelcobre.cl\/wp-content\/uploads\/2024\/06\/19214c3e-9636-4338-8d61-16e6f3ed9cb8-1-300x169.jpeg 300w, https:\/\/www.confederaciondelcobre.cl\/wp-content\/uploads\/2024\/06\/19214c3e-9636-4338-8d61-16e6f3ed9cb8-1-768x432.jpeg 768w, https:\/\/www.confederaciondelcobre.cl\/wp-content\/uploads\/2024\/06\/19214c3e-9636-4338-8d61-16e6f3ed9cb8-1-1536x864.jpeg 1536w, https:\/\/www.confederaciondelcobre.cl\/wp-content\/uploads\/2024\/06\/19214c3e-9636-4338-8d61-16e6f3ed9cb8-1.jpeg 1600w\" sizes=\"auto, (max-width: 1024px) 100vw, 1024px\" \/><\/figure><\/li><li class=\"wp-block-jetpack-slideshow_slide swiper-slide\"><figure><img loading=\"lazy\" decoding=\"async\" width=\"1024\" height=\"576\" alt=\"\" class=\"wp-block-jetpack-slideshow_image wp-image-5154\" data-id=\"5154\" src=\"https:\/\/www.confederaciondelcobre.cl\/wp-content\/uploads\/2024\/06\/622301d7-82c5-42b5-b1bc-0d0f3dc4c681-1-1024x576.jpeg\" srcset=\"https:\/\/www.confederaciondelcobre.cl\/wp-content\/uploads\/2024\/06\/622301d7-82c5-42b5-b1bc-0d0f3dc4c681-1-1024x576.jpeg 1024w, https:\/\/www.confederaciondelcobre.cl\/wp-content\/uploads\/2024\/06\/622301d7-82c5-42b5-b1bc-0d0f3dc4c681-1-300x169.jpeg 300w, https:\/\/www.confederaciondelcobre.cl\/wp-content\/uploads\/2024\/06\/622301d7-82c5-42b5-b1bc-0d0f3dc4c681-1-768x432.jpeg 768w, https:\/\/www.confederaciondelcobre.cl\/wp-content\/uploads\/2024\/06\/622301d7-82c5-42b5-b1bc-0d0f3dc4c681-1-1536x864.jpeg 1536w, https:\/\/www.confederaciondelcobre.cl\/wp-content\/uploads\/2024\/06\/622301d7-82c5-42b5-b1bc-0d0f3dc4c681-1.jpeg 1600w\" sizes=\"auto, (max-width: 1024px) 100vw, 1024px\" \/><\/figure><\/li><li class=\"wp-block-jetpack-slideshow_slide swiper-slide\"><figure><img loading=\"lazy\" decoding=\"async\" width=\"1024\" height=\"576\" alt=\"\" class=\"wp-block-jetpack-slideshow_image wp-image-5155\" data-id=\"5155\" src=\"https:\/\/www.confederaciondelcobre.cl\/wp-content\/uploads\/2024\/06\/0871197f-ee1c-46f5-9b2c-cc9686ff446f-1-1024x576.jpeg\" srcset=\"https:\/\/www.confederaciondelcobre.cl\/wp-content\/uploads\/2024\/06\/0871197f-ee1c-46f5-9b2c-cc9686ff446f-1-1024x576.jpeg 1024w, https:\/\/www.confederaciondelcobre.cl\/wp-content\/uploads\/2024\/06\/0871197f-ee1c-46f5-9b2c-cc9686ff446f-1-300x169.jpeg 300w, https:\/\/www.confederaciondelcobre.cl\/wp-content\/uploads\/2024\/06\/0871197f-ee1c-46f5-9b2c-cc9686ff446f-1-768x432.jpeg 768w, https:\/\/www.confederaciondelcobre.cl\/wp-content\/uploads\/2024\/06\/0871197f-ee1c-46f5-9b2c-cc9686ff446f-1-1536x864.jpeg 1536w, https:\/\/www.confederaciondelcobre.cl\/wp-content\/uploads\/2024\/06\/0871197f-ee1c-46f5-9b2c-cc9686ff446f-1.jpeg 1600w\" sizes=\"auto, (max-width: 1024px) 100vw, 1024px\" \/><\/figure><\/li><li class=\"wp-block-jetpack-slideshow_slide swiper-slide\"><figure><img loading=\"lazy\" decoding=\"async\" width=\"1024\" height=\"576\" alt=\"\" class=\"wp-block-jetpack-slideshow_image wp-image-5157\" data-id=\"5157\" src=\"https:\/\/www.confederaciondelcobre.cl\/wp-content\/uploads\/2024\/06\/a6ce1d96-7cb9-4cbb-8bca-f431e9551a3e-1-1024x576.jpeg\" srcset=\"https:\/\/www.confederaciondelcobre.cl\/wp-content\/uploads\/2024\/06\/a6ce1d96-7cb9-4cbb-8bca-f431e9551a3e-1-1024x576.jpeg 1024w, https:\/\/www.confederaciondelcobre.cl\/wp-content\/uploads\/2024\/06\/a6ce1d96-7cb9-4cbb-8bca-f431e9551a3e-1-300x169.jpeg 300w, https:\/\/www.confederaciondelcobre.cl\/wp-content\/uploads\/2024\/06\/a6ce1d96-7cb9-4cbb-8bca-f431e9551a3e-1-768x432.jpeg 768w, https:\/\/www.confederaciondelcobre.cl\/wp-content\/uploads\/2024\/06\/a6ce1d96-7cb9-4cbb-8bca-f431e9551a3e-1-1536x864.jpeg 1536w, https:\/\/www.confederaciondelcobre.cl\/wp-content\/uploads\/2024\/06\/a6ce1d96-7cb9-4cbb-8bca-f431e9551a3e-1.jpeg 1600w\" sizes=\"auto, (max-width: 1024px) 100vw, 1024px\" \/><\/figure><\/li><li class=\"wp-block-jetpack-slideshow_slide swiper-slide\"><figure><img loading=\"lazy\" decoding=\"async\" width=\"1024\" height=\"576\" alt=\"\" class=\"wp-block-jetpack-slideshow_image wp-image-5158\" data-id=\"5158\" src=\"https:\/\/www.confederaciondelcobre.cl\/wp-content\/uploads\/2024\/06\/c58213cf-15b4-44a8-bec0-3b197c9f9fd4-1-1024x576.jpeg\" srcset=\"https:\/\/www.confederaciondelcobre.cl\/wp-content\/uploads\/2024\/06\/c58213cf-15b4-44a8-bec0-3b197c9f9fd4-1-1024x576.jpeg 1024w, https:\/\/www.confederaciondelcobre.cl\/wp-content\/uploads\/2024\/06\/c58213cf-15b4-44a8-bec0-3b197c9f9fd4-1-300x169.jpeg 300w, https:\/\/www.confederaciondelcobre.cl\/wp-content\/uploads\/2024\/06\/c58213cf-15b4-44a8-bec0-3b197c9f9fd4-1-768x432.jpeg 768w, https:\/\/www.confederaciondelcobre.cl\/wp-content\/uploads\/2024\/06\/c58213cf-15b4-44a8-bec0-3b197c9f9fd4-1-1536x864.jpeg 1536w, https:\/\/www.confederaciondelcobre.cl\/wp-content\/uploads\/2024\/06\/c58213cf-15b4-44a8-bec0-3b197c9f9fd4-1.jpeg 1599w\" sizes=\"auto, (max-width: 1024px) 100vw, 1024px\" \/><\/figure><\/li><li class=\"wp-block-jetpack-slideshow_slide swiper-slide\"><figure><img loading=\"lazy\" decoding=\"async\" width=\"1024\" height=\"576\" alt=\"\" class=\"wp-block-jetpack-slideshow_image wp-image-5159\" data-id=\"5159\" src=\"https:\/\/www.confederaciondelcobre.cl\/wp-content\/uploads\/2024\/06\/dcba3a20-315c-459f-aa28-267181c45068-1-1024x576.jpeg\" srcset=\"https:\/\/www.confederaciondelcobre.cl\/wp-content\/uploads\/2024\/06\/dcba3a20-315c-459f-aa28-267181c45068-1-1024x576.jpeg 1024w, https:\/\/www.confederaciondelcobre.cl\/wp-content\/uploads\/2024\/06\/dcba3a20-315c-459f-aa28-267181c45068-1-300x169.jpeg 300w, https:\/\/www.confederaciondelcobre.cl\/wp-content\/uploads\/2024\/06\/dcba3a20-315c-459f-aa28-267181c45068-1-768x432.jpeg 768w, https:\/\/www.confederaciondelcobre.cl\/wp-content\/uploads\/2024\/06\/dcba3a20-315c-459f-aa28-267181c45068-1-1536x864.jpeg 1536w, https:\/\/www.confederaciondelcobre.cl\/wp-content\/uploads\/2024\/06\/dcba3a20-315c-459f-aa28-267181c45068-1.jpeg 1600w\" sizes=\"auto, (max-width: 1024px) 100vw, 1024px\" \/><\/figure><\/li><li class=\"wp-block-jetpack-slideshow_slide swiper-slide\"><figure><img loading=\"lazy\" decoding=\"async\" width=\"1024\" height=\"576\" alt=\"\" class=\"wp-block-jetpack-slideshow_image wp-image-5160\" data-id=\"5160\" src=\"https:\/\/www.confederaciondelcobre.cl\/wp-content\/uploads\/2024\/06\/e3f46be8-b295-478d-a556-451dee011201-1-1024x576.jpeg\" srcset=\"https:\/\/www.confederaciondelcobre.cl\/wp-content\/uploads\/2024\/06\/e3f46be8-b295-478d-a556-451dee011201-1-1024x576.jpeg 1024w, https:\/\/www.confederaciondelcobre.cl\/wp-content\/uploads\/2024\/06\/e3f46be8-b295-478d-a556-451dee011201-1-300x169.jpeg 300w, https:\/\/www.confederaciondelcobre.cl\/wp-content\/uploads\/2024\/06\/e3f46be8-b295-478d-a556-451dee011201-1-768x432.jpeg 768w, https:\/\/www.confederaciondelcobre.cl\/wp-content\/uploads\/2024\/06\/e3f46be8-b295-478d-a556-451dee011201-1-1536x864.jpeg 1536w, https:\/\/www.confederaciondelcobre.cl\/wp-content\/uploads\/2024\/06\/e3f46be8-b295-478d-a556-451dee011201-1.jpeg 1600w\" sizes=\"auto, (max-width: 1024px) 100vw, 1024px\" \/><\/figure><\/li><li class=\"wp-block-jetpack-slideshow_slide swiper-slide\"><figure><img loading=\"lazy\" decoding=\"async\" width=\"1024\" height=\"576\" alt=\"\" class=\"wp-block-jetpack-slideshow_image wp-image-5162\" data-id=\"5162\" src=\"https:\/\/www.confederaciondelcobre.cl\/wp-content\/uploads\/2024\/06\/f6017fcc-d7d8-40ae-aebb-daac438804ed-1-1024x576.jpeg\" srcset=\"https:\/\/www.confederaciondelcobre.cl\/wp-content\/uploads\/2024\/06\/f6017fcc-d7d8-40ae-aebb-daac438804ed-1-1024x576.jpeg 1024w, https:\/\/www.confederaciondelcobre.cl\/wp-content\/uploads\/2024\/06\/f6017fcc-d7d8-40ae-aebb-daac438804ed-1-300x169.jpeg 300w, https:\/\/www.confederaciondelcobre.cl\/wp-content\/uploads\/2024\/06\/f6017fcc-d7d8-40ae-aebb-daac438804ed-1-768x432.jpeg 768w, https:\/\/www.confederaciondelcobre.cl\/wp-content\/uploads\/2024\/06\/f6017fcc-d7d8-40ae-aebb-daac438804ed-1-1536x864.jpeg 1536w, https:\/\/www.confederaciondelcobre.cl\/wp-content\/uploads\/2024\/06\/f6017fcc-d7d8-40ae-aebb-daac438804ed-1.jpeg 1600w\" sizes=\"auto, (max-width: 1024px) 100vw, 1024px\" \/><\/figure><\/li><\/ul><a class=\"wp-block-jetpack-slideshow_button-prev swiper-button-prev swiper-button-white\" role=\"button\"><\/a><a class=\"wp-block-jetpack-slideshow_button-next swiper-button-next swiper-button-white\" role=\"button\"><\/a><a aria-label=\"Pause Slideshow\" class=\"wp-block-jetpack-slideshow_button-pause\" role=\"button\"><\/a><div class=\"wp-block-jetpack-slideshow_pagination swiper-pagination swiper-pagination-white\"><\/div><\/div><\/div><\/div>\n","protected":false},"excerpt":{"rendered":"<p>El d\u00eda de hoy, en la antigua Oficina Salitrera de Humberstone, se llev\u00f3 a cabo un importante hito regional que conmemor\u00f3 los 100 a\u00f1os de la Direcci\u00f3n del Trabajo en &hellip; <\/p>\n","protected":false},"author":2,"featured_media":5144,"comment_status":"closed","ping_status":"closed","sticky":false,"template":"","format":"standard","meta":{"jetpack_post_was_ever_published":false,"_jetpack_newsletter_access":"","_jetpack_dont_email_post_to_subs":false,"_jetpack_newsletter_tier_id":0,"_jetpack_memberships_contains_paywalled_content":false,"_jetpack_memberships_contains_paid_content":false,"footnotes":"","jetpack_publicize_message":"","jetpack_publicize_feature_enabled":false,"jetpack_social_post_already_shared":true,"jetpack_social_options":{"image_generator_settings":{"template":"highway","default_image_id":0,"enabled":false},"version":2}},"categories":[9,21,22,15,17,39,19],"tags":[],"class_list":["post-5142","post","type-post","status-publish","format-standard","has-post-thumbnail","hentry","category-confederacion","category-federaciones","category-feminort","category-nacional","category-regiones","category-sindicatos","category-trabajadores"],"jetpack_publicize_connections":[],"jetpack_featured_media_url":"https:\/\/www.confederaciondelcobre.cl\/wp-content\/uploads\/2024\/06\/Port-5.jpg","jetpack_sharing_enabled":true,"post_mailing_queue_ids":[],"_links":{"self":[{"href":"https:\/\/www.confederaciondelcobre.cl\/index.php\/wp-json\/wp\/v2\/posts\/5142","targetHints":{"allow":["GET"]}}],"collection":[{"href":"https:\/\/www.confederaciondelcobre.cl\/index.php\/wp-json\/wp\/v2\/posts"}],"about":[{"href":"https:\/\/www.confederaciondelcobre.cl\/index.php\/wp-json\/wp\/v2\/types\/post"}],"author":[{"embeddable":true,"href":"https:\/\/www.confederaciondelcobre.cl\/index.php\/wp-json\/wp\/v2\/users\/2"}],"replies":[{"embeddable":true,"href":"https:\/\/www.confederaciondelcobre.cl\/index.php\/wp-json\/wp\/v2\/comments?post=5142"}],"version-history":[{"count":4,"href":"https:\/\/www.confederaciondelcobre.cl\/index.php\/wp-json\/wp\/v2\/posts\/5142\/revisions"}],"predecessor-version":[{"id":5163,"href":"https:\/\/www.confederaciondelcobre.cl\/index.php\/wp-json\/wp\/v2\/posts\/5142\/revisions\/5163"}],"wp:featuredmedia":[{"embeddable":true,"href":"https:\/\/www.confederaciondelcobre.cl\/index.php\/wp-json\/wp\/v2\/media\/5144"}],"wp:attachment":[{"href":"https:\/\/www.confederaciondelcobre.cl\/index.php\/wp-json\/wp\/v2\/media?parent=5142"}],"wp:term":[{"taxonomy":"category","embeddable":true,"href":"https:\/\/www.confederaciondelcobre.cl\/index.php\/wp-json\/wp\/v2\/categories?post=5142"},{"taxonomy":"post_tag","embeddable":true,"href":"https:\/\/www.confederaciondelcobre.cl\/index.php\/wp-json\/wp\/v2\/tags?post=5142"}],"curies":[{"name":"wp","href":"https:\/\/api.w.org\/{rel}","templated":true}]}}