{"id":5165,"date":"2024-06-21T09:35:51","date_gmt":"2024-06-21T13:35:51","guid":{"rendered":"https:\/\/www.confederaciondelcobre.cl\/?p=5165"},"modified":"2024-06-21T09:35:54","modified_gmt":"2024-06-21T13:35:54","slug":"comunicadoctc-por-fatal-colision-de-trenes-fepasa-y-efe","status":"publish","type":"post","link":"https:\/\/www.confederaciondelcobre.cl\/index.php\/2024\/06\/21\/comunicadoctc-por-fatal-colision-de-trenes-fepasa-y-efe\/","title":{"rendered":"#ComunicadoCTC por fatal colisi\u00f3n de trenes FEPASA y EFE."},"content":{"rendered":"\n<p class=\"has-text-align-center\"><strong>Por fatal colisi\u00f3n de trenes FEPASA y EFE.<\/strong><\/p>\n\n\n\n<p>Alrededor de las 00:15 horas, en la madrugada del Jueves, dos trenes colisionaron de manera frontal a la altura de la comuna de San Bernardo (RM). El accidente, cuyas causas a\u00fan est\u00e1n siendo investigadas, involucr\u00f3 a dos m\u00e1quinas: la primera, un tren de carga perteneciente a la empresa Ferrocarriles del Pac\u00edfico S.A (FEPASA), transitaba desde la Divisi\u00f3n El Teniente de Codelco hacia la Estaci\u00f3n Central en Santiago; y la segunda, un tren de prueba de Ferrocarriles del Estado (EFE), iba desde Santiago hacia el sur.<\/p>\n\n\n\n<p><strong>Las consecuencias de este grave accidente dej\u00f3 a dos personas fallecidas, Daniel Vega Novoa (43 a\u00f1os) y Jos\u00e9 Bonin Toro (58 a\u00f1os), ambos trabajadores y operarios del tren de FEPASA; y a nueve heridas de gravedad que iban en el tren de EFE.<\/strong><strong><\/strong><\/p>\n\n\n\n<p>La Confederaci\u00f3n de Trabajadores del Cobre, ante todo, <strong>enviamos nuestras m\u00e1s sentidas condolencias a la familia, amigos y compa\u00f1eros de labores de ambos trabajadores fallecidos. De igual manera, manifestamos tambi\u00e9n nuestra solidaridad con quienes resultaron gravemente heridos <\/strong>en este fatal y lamentable accidente.<\/p>\n\n\n\n<p>Si bien las autoridades se encuentran realizando diligencias, a fin de determinar las circunstancias en que se produjo el tr\u00e1gico accidente, <strong>llamamos a que estas \u2014junto a la debida investigaci\u00f3n\u2014 se lleven a cabo con celeridad y con todos los elementos que ayuden a esclarecer los hechos. Lo anterior, adem\u00e1s, para que la justicia establezca las responsabilidades correspondientes<\/strong>.<\/p>\n\n\n\n<p>Finalmente, <strong>instamos a las empresas a asumir responsabilidades por cuanto a que es su deber garantizar la salud, seguridad y vida de las y los trabajadores en el desempe\u00f1o de sus labores, e implementar todas las medidas necesarias para prevenir futuras tragedias como este lamentable acontecimiento<\/strong>. Acontecimiento que, una vez m\u00e1s, enluta a las y los trabajadores de Chile, en particular de la miner\u00eda del cobre.<\/p>\n\n\n\n<p class=\"has-text-align-center\"><strong>CONFEDERACI\u00d3N DE TRABAJADORES DEL COBRE<\/strong><\/p>\n\n\n\n<p class=\"has-text-align-right\">Chile, 21 de junio de 2024.<\/p>\n\n\n<div class=\"wp-block-image\">\n<figure class=\"aligncenter size-large\"><img loading=\"lazy\" decoding=\"async\" width=\"563\" height=\"1024\" src=\"https:\/\/www.confederaciondelcobre.cl\/wp-content\/uploads\/2024\/06\/Por-Fatal-accidente-FEPASA-EFE-20.06-563x1024.png\" alt=\"\" class=\"wp-image-5167\" srcset=\"https:\/\/www.confederaciondelcobre.cl\/wp-content\/uploads\/2024\/06\/Por-Fatal-accidente-FEPASA-EFE-20.06-563x1024.png 563w, https:\/\/www.confederaciondelcobre.cl\/wp-content\/uploads\/2024\/06\/Por-Fatal-accidente-FEPASA-EFE-20.06-165x300.png 165w, https:\/\/www.confederaciondelcobre.cl\/wp-content\/uploads\/2024\/06\/Por-Fatal-accidente-FEPASA-EFE-20.06.png 594w\" sizes=\"auto, (max-width: 563px) 100vw, 563px\" \/><\/figure><\/div>","protected":false},"excerpt":{"rendered":"<p>Por fatal colisi\u00f3n de trenes FEPASA y EFE. Alrededor de las 00:15 horas, en la madrugada del Jueves, dos trenes colisionaron de manera frontal a la altura de la comuna &hellip; <\/p>\n","protected":false},"author":2,"featured_media":5166,"comment_status":"closed","ping_status":"closed","sticky":false,"template":"","format":"standard","meta":{"jetpack_post_was_ever_published":false,"_jetpack_newsletter_access":"","_jetpack_dont_email_post_to_subs":false,"_jetpack_newsletter_tier_id":0,"_jetpack_memberships_contains_paywalled_content":false,"_jetpack_memberships_contains_paid_content":false,"footnotes":"","jetpack_publicize_message":"","jetpack_publicize_feature_enabled":false,"jetpack_social_post_already_shared":true,"jetpack_social_options":{"image_generator_settings":{"template":"highway","default_image_id":0,"enabled":false},"version":2}},"categories":[8,9,19],"tags":[],"class_list":["post-5165","post","type-post","status-publish","format-standard","has-post-thumbnail","hentry","category-comunicado","category-confederacion","category-trabajadores"],"jetpack_publicize_connections":[],"jetpack_featured_media_url":"https:\/\/www.confederaciondelcobre.cl\/wp-content\/uploads\/2024\/06\/Port-6.jpg","jetpack_sharing_enabled":true,"post_mailing_queue_ids":[],"_links":{"self":[{"href":"https:\/\/www.confederaciondelcobre.cl\/index.php\/wp-json\/wp\/v2\/posts\/5165","targetHints":{"allow":["GET"]}}],"collection":[{"href":"https:\/\/www.confederaciondelcobre.cl\/index.php\/wp-json\/wp\/v2\/posts"}],"about":[{"href":"https:\/\/www.confederaciondelcobre.cl\/index.php\/wp-json\/wp\/v2\/types\/post"}],"author":[{"embeddable":true,"href":"https:\/\/www.confederaciondelcobre.cl\/index.php\/wp-json\/wp\/v2\/users\/2"}],"replies":[{"embeddable":true,"href":"https:\/\/www.confederaciondelcobre.cl\/index.php\/wp-json\/wp\/v2\/comments?post=5165"}],"version-history":[{"count":1,"href":"https:\/\/www.confederaciondelcobre.cl\/index.php\/wp-json\/wp\/v2\/posts\/5165\/revisions"}],"predecessor-version":[{"id":5168,"href":"https:\/\/www.confederaciondelcobre.cl\/index.php\/wp-json\/wp\/v2\/posts\/5165\/revisions\/5168"}],"wp:featuredmedia":[{"embeddable":true,"href":"https:\/\/www.confederaciondelcobre.cl\/index.php\/wp-json\/wp\/v2\/media\/5166"}],"wp:attachment":[{"href":"https:\/\/www.confederaciondelcobre.cl\/index.php\/wp-json\/wp\/v2\/media?parent=5165"}],"wp:term":[{"taxonomy":"category","embeddable":true,"href":"https:\/\/www.confederaciondelcobre.cl\/index.php\/wp-json\/wp\/v2\/categories?post=5165"},{"taxonomy":"post_tag","embeddable":true,"href":"https:\/\/www.confederaciondelcobre.cl\/index.php\/wp-json\/wp\/v2\/tags?post=5165"}],"curies":[{"name":"wp","href":"https:\/\/api.w.org\/{rel}","templated":true}]}}