{"id":5169,"date":"2024-06-27T17:12:51","date_gmt":"2024-06-27T21:12:51","guid":{"rendered":"https:\/\/www.confederaciondelcobre.cl\/?p=5169"},"modified":"2024-06-27T17:12:54","modified_gmt":"2024-06-27T21:12:54","slug":"con-participacion-de-la-presidenta-de-la-ctc-se-realizo-mesa-mujer-y-mineria-en-el-palacio-de-la-moneda","status":"publish","type":"post","link":"https:\/\/www.confederaciondelcobre.cl\/index.php\/2024\/06\/27\/con-participacion-de-la-presidenta-de-la-ctc-se-realizo-mesa-mujer-y-mineria-en-el-palacio-de-la-moneda\/","title":{"rendered":"Con participaci\u00f3n de la Presidenta de la CTC, se realiz\u00f3 Mesa Mujer y Miner\u00eda en el Palacio de La Moneda."},"content":{"rendered":"\n<p>Ana Lamas Aguirre, Presidenta de la Confederaci\u00f3n de Trabajadores del Cobre (CTC), particip\u00f3 hoy en la Mesa Nacional Mujer y Miner\u00eda. La instancia, llevada a cabo en el Palacio de La Moneda y convocada por los Ministerios de Miner\u00eda y de la Mujer y Equidad de G\u00e9nero, busca fomentar la participaci\u00f3n femenina en dicha industria con el objetivo \u2014entre otros\u2014 de aumentar su presencia al 30% para el a\u00f1o 2050.<\/p>\n\n\n\n<p>Con la participaci\u00f3n de Antonia Orellana, Ministra de la Mujer y Equidad de G\u00e9nero; Aurora Williams, Ministra de Miner\u00eda; Giorgio Boccardo, Subsecretario del Trabajo; Ximena Rivillo, Directora Ejecutiva de Chile Valora; representantes empresariales y dirigentas sindicales, se lanz\u00f3 el concurso \u201cKaren Poniachik\u201d para reconocer a las mujeres del sector y se compartieron avances para fortalecer su autonom\u00eda econ\u00f3mica.<\/p>\n\n\n\n<p>Posterior al encuentro, la Presidenta de la CTC destac\u00f3 el progresivo avance en materia de incorporaci\u00f3n femenina a la industria minera, que seg\u00fan datos de la Alianza CCM-Eleva ha ido (entre los a\u00f1os 2022 y 2023) desde un 15,2% a un 18%. Sin embargo, agreg\u00f3 Ana Lamas, esto no solo se trata de mejorar los n\u00fameros  sino que adem\u00e1s debe ir acompa\u00f1ado de una real inserci\u00f3n de la mujer en miner\u00eda, compatibilizando tambi\u00e9n la vida laboral con la familiar. Indic\u00f3, asimismo, que se debe avanzar a\u00fan m\u00e1s en torno a disminuir y eliminar las diferencias salariales entre hombres y mujeres cuando ejercen la misma labor. Del mismo modo, y refiri\u00e9ndose a la equidad de g\u00e9nero, se\u00f1al\u00f3 tambi\u00e9n la necesidad de adecuar de mejor manera las instalaciones laborales a la realidad femenina. Sobre la implementaci\u00f3n de pol\u00edticas y legislaci\u00f3n de inclusi\u00f3n, la Presidenta de la CTC valor\u00f3 todos los esfuerzos e iniciativas que se han ido adoptando, a la vez que destac\u00f3 la entrada en vigencia del Convenio 190 de la OIT sobre violencia y acoso en el \u00e1mbito laboral.<\/p>\n\n\n\n<p>Finalmente, y a prop\u00f3sito de una de las motivaciones fundamentales de la Mesa Mujer y Miner\u00eda, que es avanzar hacia un trabajo digno y decente, la Presidenta de la CTC se refiri\u00f3 al desaf\u00edo de implementar el recientemente ratificado Convenio 176 de la OIT; y establecer la Negociaci\u00f3n Ramal en Chile. Lo anterior, recalc\u00f3 Ana Lamas, se lograr\u00e1 en la medida de que se fortalezcan los mecanismos de di\u00e1logo tripartitos con  la participaci\u00f3n efectiva de las y los trabajadores organizados.<\/p>\n\n\n<div class=\"wp-block-image\">\n<figure class=\"aligncenter size-large\"><img loading=\"lazy\" decoding=\"async\" width=\"1024\" height=\"576\" src=\"https:\/\/www.confederaciondelcobre.cl\/wp-content\/uploads\/2024\/06\/1-2-1024x576.jpg\" alt=\"\" class=\"wp-image-5173\" srcset=\"https:\/\/www.confederaciondelcobre.cl\/wp-content\/uploads\/2024\/06\/1-2-1024x576.jpg 1024w, https:\/\/www.confederaciondelcobre.cl\/wp-content\/uploads\/2024\/06\/1-2-300x169.jpg 300w, https:\/\/www.confederaciondelcobre.cl\/wp-content\/uploads\/2024\/06\/1-2-768x432.jpg 768w, https:\/\/www.confederaciondelcobre.cl\/wp-content\/uploads\/2024\/06\/1-2.jpg 1226w\" sizes=\"auto, (max-width: 1024px) 100vw, 1024px\" \/><\/figure><\/div>","protected":false},"excerpt":{"rendered":"<p>Ana Lamas Aguirre, Presidenta de la Confederaci\u00f3n de Trabajadores del Cobre (CTC), particip\u00f3 hoy en la Mesa Nacional Mujer y Miner\u00eda. La instancia, llevada a cabo en el Palacio de &hellip; <\/p>\n","protected":false},"author":2,"featured_media":5172,"comment_status":"closed","ping_status":"closed","sticky":false,"template":"","format":"standard","meta":{"jetpack_post_was_ever_published":false,"_jetpack_newsletter_access":"","_jetpack_dont_email_post_to_subs":false,"_jetpack_newsletter_tier_id":0,"_jetpack_memberships_contains_paywalled_content":false,"_jetpack_memberships_contains_paid_content":false,"footnotes":"","jetpack_publicize_message":"","jetpack_publicize_feature_enabled":false,"jetpack_social_post_already_shared":true,"jetpack_social_options":{"image_generator_settings":{"template":"highway","default_image_id":0,"enabled":false},"version":2}},"categories":[9,15,19],"tags":[],"class_list":["post-5169","post","type-post","status-publish","format-standard","has-post-thumbnail","hentry","category-confederacion","category-nacional","category-trabajadores"],"jetpack_publicize_connections":[],"jetpack_featured_media_url":"https:\/\/www.confederaciondelcobre.cl\/wp-content\/uploads\/2024\/06\/Port-7.jpg","jetpack_sharing_enabled":true,"post_mailing_queue_ids":[],"_links":{"self":[{"href":"https:\/\/www.confederaciondelcobre.cl\/index.php\/wp-json\/wp\/v2\/posts\/5169","targetHints":{"allow":["GET"]}}],"collection":[{"href":"https:\/\/www.confederaciondelcobre.cl\/index.php\/wp-json\/wp\/v2\/posts"}],"about":[{"href":"https:\/\/www.confederaciondelcobre.cl\/index.php\/wp-json\/wp\/v2\/types\/post"}],"author":[{"embeddable":true,"href":"https:\/\/www.confederaciondelcobre.cl\/index.php\/wp-json\/wp\/v2\/users\/2"}],"replies":[{"embeddable":true,"href":"https:\/\/www.confederaciondelcobre.cl\/index.php\/wp-json\/wp\/v2\/comments?post=5169"}],"version-history":[{"count":3,"href":"https:\/\/www.confederaciondelcobre.cl\/index.php\/wp-json\/wp\/v2\/posts\/5169\/revisions"}],"predecessor-version":[{"id":5174,"href":"https:\/\/www.confederaciondelcobre.cl\/index.php\/wp-json\/wp\/v2\/posts\/5169\/revisions\/5174"}],"wp:featuredmedia":[{"embeddable":true,"href":"https:\/\/www.confederaciondelcobre.cl\/index.php\/wp-json\/wp\/v2\/media\/5172"}],"wp:attachment":[{"href":"https:\/\/www.confederaciondelcobre.cl\/index.php\/wp-json\/wp\/v2\/media?parent=5169"}],"wp:term":[{"taxonomy":"category","embeddable":true,"href":"https:\/\/www.confederaciondelcobre.cl\/index.php\/wp-json\/wp\/v2\/categories?post=5169"},{"taxonomy":"post_tag","embeddable":true,"href":"https:\/\/www.confederaciondelcobre.cl\/index.php\/wp-json\/wp\/v2\/tags?post=5169"}],"curies":[{"name":"wp","href":"https:\/\/api.w.org\/{rel}","templated":true}]}}