{"id":5176,"date":"2024-07-02T11:52:13","date_gmt":"2024-07-02T15:52:13","guid":{"rendered":"https:\/\/www.confederaciondelcobre.cl\/?p=5176"},"modified":"2024-07-02T11:52:16","modified_gmt":"2024-07-02T15:52:16","slug":"salario-minimo-de-500-000-comenzo-a-regir-a-partir-de-ayer-lunes-01-de-julio-de-2024","status":"publish","type":"post","link":"https:\/\/www.confederaciondelcobre.cl\/index.php\/2024\/07\/02\/salario-minimo-de-500-000-comenzo-a-regir-a-partir-de-ayer-lunes-01-de-julio-de-2024\/","title":{"rendered":"Salario m\u00ednimo de 500.000 comenz\u00f3 a regir a partir de ayer, lunes 01 de julio de 2024."},"content":{"rendered":"\n<p>El d\u00eda de ayer, lunes 01 de julio de 2024, comenz\u00f3 a regir en Chile el aumento del salario m\u00ednimo quedando este en $500.000. La medida, que es fruto de negociaciones entre la Central Unitaria de Trabajadores (CUT) y Gobierno, beneficia a alrededor de 800 mil trabajadoras y trabajadores a nivel nacional y se adelanta en 18 meses a la meta de gobierno, que se hab\u00eda propuesto alcanzar los mencionados $500.000 al t\u00e9rmino de su mandato. <\/p>\n\n\n<div class=\"wp-block-image\">\n<figure class=\"aligncenter size-large\"><img loading=\"lazy\" decoding=\"async\" width=\"1024\" height=\"768\" src=\"https:\/\/www.confederaciondelcobre.cl\/wp-content\/uploads\/2024\/07\/656acfd3-ae02-4789-96e3-6338b36400e8-1024x768.jpeg\" alt=\"\" class=\"wp-image-5185\" srcset=\"https:\/\/www.confederaciondelcobre.cl\/wp-content\/uploads\/2024\/07\/656acfd3-ae02-4789-96e3-6338b36400e8-1024x768.jpeg 1024w, https:\/\/www.confederaciondelcobre.cl\/wp-content\/uploads\/2024\/07\/656acfd3-ae02-4789-96e3-6338b36400e8-300x225.jpeg 300w, https:\/\/www.confederaciondelcobre.cl\/wp-content\/uploads\/2024\/07\/656acfd3-ae02-4789-96e3-6338b36400e8-768x576.jpeg 768w, https:\/\/www.confederaciondelcobre.cl\/wp-content\/uploads\/2024\/07\/656acfd3-ae02-4789-96e3-6338b36400e8.jpeg 1280w\" sizes=\"auto, (max-width: 1024px) 100vw, 1024px\" \/><\/figure><\/div>\n\n\n<p>Con la participaci\u00f3n de la Ministra del Trabajo y Previsi\u00f3n Social, Jeannette Jara; del Ministro de Econom\u00eda, Mario Marcel; y del Directorio Ejecutivo Nacional de la CUT, encabezado por su Presidente David Acu\u00f1a Millahueique, el d\u00eda de ayer se anunci\u00f3 la entrada en vigencia del nuevo y actualizado salario m\u00ednimo para nuestro pa\u00eds, que alcanza ya los $500.000. El evento, llevado a cabo en la sede de la CUT en Santiago, cont\u00f3 tambi\u00e9n con la masiva participaci\u00f3n de dirigentas y dirigentes sindicales, entre ellos de la Confederaci\u00f3n de Trabajadores del Cobre (CTC) venidos desde la ciudad de Rancagua y Los Andes, encabezados por su Presidenta, Ana Lamas Aguirre. En dicho acto, se destac\u00f3 la importancia del exitoso di\u00e1logo social y tripartito implementado en lo que va del actual gobierno, donde representantes de las y los trabajadores, en conjunto con representantes de gobierno y empresarios, han conseguido avanzar en pol\u00edticas y medidas concretas que van en ayuda, beneficio y reconocimiento al esfuerzo de las y los trabajadores del pa\u00eds.<\/p>\n\n\n\n<p>Para la confederaci\u00f3n de Trabajadores del Cobre, el aumento del salario m\u00ednimo a $500.000 es un muy buen acontecimiento, que se encamina hacia un mejoramiento en la calidad de vida de las y los trabajadores, como tambi\u00e9n hacia la realizaci\u00f3n de un trabajo digno y decente en nuestro pa\u00eds. Si bien es una buena noticia, las y los trabajadores consideramos que en materia salarial se debe seguir avanzando a\u00fan m\u00e1s. Avanzar, como la propia CUT lo ha se\u00f1alado, hacia el establecimiento de un &#8220;Salario Vital&#8221;, que supere la l\u00ednea de la pobreza.<\/p>\n\n\n\n<div class=\"wp-block-jetpack-slideshow\"><div data-effect=\"slide\"><div class=\"wp-block-jetpack-slideshow_container swiper-container\"><ul class=\"wp-block-jetpack-slideshow_swiper-wrapper swiper-wrapper\"><li class=\"wp-block-jetpack-slideshow_slide swiper-slide\"><figure><img loading=\"lazy\" decoding=\"async\" width=\"1024\" height=\"768\" alt=\"\" class=\"wp-block-jetpack-slideshow_image wp-image-5186\" data-id=\"5186\" src=\"https:\/\/www.confederaciondelcobre.cl\/wp-content\/uploads\/2024\/07\/1dfb68ee-1f23-4ca4-ad70-b5775b121950-1024x768.jpeg\" srcset=\"https:\/\/www.confederaciondelcobre.cl\/wp-content\/uploads\/2024\/07\/1dfb68ee-1f23-4ca4-ad70-b5775b121950-1024x768.jpeg 1024w, https:\/\/www.confederaciondelcobre.cl\/wp-content\/uploads\/2024\/07\/1dfb68ee-1f23-4ca4-ad70-b5775b121950-300x225.jpeg 300w, https:\/\/www.confederaciondelcobre.cl\/wp-content\/uploads\/2024\/07\/1dfb68ee-1f23-4ca4-ad70-b5775b121950-768x576.jpeg 768w, https:\/\/www.confederaciondelcobre.cl\/wp-content\/uploads\/2024\/07\/1dfb68ee-1f23-4ca4-ad70-b5775b121950-1536x1152.jpeg 1536w, https:\/\/www.confederaciondelcobre.cl\/wp-content\/uploads\/2024\/07\/1dfb68ee-1f23-4ca4-ad70-b5775b121950.jpeg 1600w\" sizes=\"auto, (max-width: 1024px) 100vw, 1024px\" \/><\/figure><\/li><li class=\"wp-block-jetpack-slideshow_slide swiper-slide\"><figure><img loading=\"lazy\" decoding=\"async\" width=\"1024\" height=\"768\" alt=\"\" class=\"wp-block-jetpack-slideshow_image wp-image-5187\" data-id=\"5187\" src=\"https:\/\/www.confederaciondelcobre.cl\/wp-content\/uploads\/2024\/07\/3ecd9d91-be3d-47c8-9ca8-4a6624ecf90a-1024x768.jpeg\" srcset=\"https:\/\/www.confederaciondelcobre.cl\/wp-content\/uploads\/2024\/07\/3ecd9d91-be3d-47c8-9ca8-4a6624ecf90a-1024x768.jpeg 1024w, https:\/\/www.confederaciondelcobre.cl\/wp-content\/uploads\/2024\/07\/3ecd9d91-be3d-47c8-9ca8-4a6624ecf90a-300x225.jpeg 300w, https:\/\/www.confederaciondelcobre.cl\/wp-content\/uploads\/2024\/07\/3ecd9d91-be3d-47c8-9ca8-4a6624ecf90a-768x576.jpeg 768w, https:\/\/www.confederaciondelcobre.cl\/wp-content\/uploads\/2024\/07\/3ecd9d91-be3d-47c8-9ca8-4a6624ecf90a-1536x1152.jpeg 1536w, https:\/\/www.confederaciondelcobre.cl\/wp-content\/uploads\/2024\/07\/3ecd9d91-be3d-47c8-9ca8-4a6624ecf90a.jpeg 1600w\" sizes=\"auto, (max-width: 1024px) 100vw, 1024px\" \/><\/figure><\/li><li class=\"wp-block-jetpack-slideshow_slide swiper-slide\"><figure><img loading=\"lazy\" decoding=\"async\" width=\"1024\" height=\"768\" alt=\"\" class=\"wp-block-jetpack-slideshow_image wp-image-5188\" data-id=\"5188\" src=\"https:\/\/www.confederaciondelcobre.cl\/wp-content\/uploads\/2024\/07\/05ff93fb-1e72-459b-be4b-dc77a8cf2bd4-1024x768.jpeg\" srcset=\"https:\/\/www.confederaciondelcobre.cl\/wp-content\/uploads\/2024\/07\/05ff93fb-1e72-459b-be4b-dc77a8cf2bd4-1024x768.jpeg 1024w, https:\/\/www.confederaciondelcobre.cl\/wp-content\/uploads\/2024\/07\/05ff93fb-1e72-459b-be4b-dc77a8cf2bd4-300x225.jpeg 300w, https:\/\/www.confederaciondelcobre.cl\/wp-content\/uploads\/2024\/07\/05ff93fb-1e72-459b-be4b-dc77a8cf2bd4-768x576.jpeg 768w, https:\/\/www.confederaciondelcobre.cl\/wp-content\/uploads\/2024\/07\/05ff93fb-1e72-459b-be4b-dc77a8cf2bd4-1536x1152.jpeg 1536w, https:\/\/www.confederaciondelcobre.cl\/wp-content\/uploads\/2024\/07\/05ff93fb-1e72-459b-be4b-dc77a8cf2bd4.jpeg 1600w\" sizes=\"auto, (max-width: 1024px) 100vw, 1024px\" \/><\/figure><\/li><\/ul><a class=\"wp-block-jetpack-slideshow_button-prev swiper-button-prev swiper-button-white\" role=\"button\"><\/a><a class=\"wp-block-jetpack-slideshow_button-next swiper-button-next swiper-button-white\" role=\"button\"><\/a><a aria-label=\"Pause Slideshow\" class=\"wp-block-jetpack-slideshow_button-pause\" role=\"button\"><\/a><div class=\"wp-block-jetpack-slideshow_pagination swiper-pagination swiper-pagination-white\"><\/div><\/div><\/div><\/div>\n","protected":false},"excerpt":{"rendered":"<p>El d\u00eda de ayer, lunes 01 de julio de 2024, comenz\u00f3 a regir en Chile el aumento del salario m\u00ednimo quedando este en $500.000. La medida, que es fruto de &hellip; <\/p>\n","protected":false},"author":2,"featured_media":5184,"comment_status":"closed","ping_status":"closed","sticky":false,"template":"","format":"standard","meta":{"jetpack_post_was_ever_published":false,"_jetpack_newsletter_access":"","_jetpack_dont_email_post_to_subs":false,"_jetpack_newsletter_tier_id":0,"_jetpack_memberships_contains_paywalled_content":false,"_jetpack_memberships_contains_paid_content":false,"footnotes":"","jetpack_publicize_message":"","jetpack_publicize_feature_enabled":false,"jetpack_social_post_already_shared":true,"jetpack_social_options":{"image_generator_settings":{"template":"highway","default_image_id":0,"enabled":false},"version":2}},"categories":[9,21,15,19],"tags":[],"class_list":["post-5176","post","type-post","status-publish","format-standard","has-post-thumbnail","hentry","category-confederacion","category-federaciones","category-nacional","category-trabajadores"],"jetpack_publicize_connections":[],"jetpack_featured_media_url":"https:\/\/www.confederaciondelcobre.cl\/wp-content\/uploads\/2024\/07\/Port.jpg","jetpack_sharing_enabled":true,"post_mailing_queue_ids":[],"_links":{"self":[{"href":"https:\/\/www.confederaciondelcobre.cl\/index.php\/wp-json\/wp\/v2\/posts\/5176","targetHints":{"allow":["GET"]}}],"collection":[{"href":"https:\/\/www.confederaciondelcobre.cl\/index.php\/wp-json\/wp\/v2\/posts"}],"about":[{"href":"https:\/\/www.confederaciondelcobre.cl\/index.php\/wp-json\/wp\/v2\/types\/post"}],"author":[{"embeddable":true,"href":"https:\/\/www.confederaciondelcobre.cl\/index.php\/wp-json\/wp\/v2\/users\/2"}],"replies":[{"embeddable":true,"href":"https:\/\/www.confederaciondelcobre.cl\/index.php\/wp-json\/wp\/v2\/comments?post=5176"}],"version-history":[{"count":7,"href":"https:\/\/www.confederaciondelcobre.cl\/index.php\/wp-json\/wp\/v2\/posts\/5176\/revisions"}],"predecessor-version":[{"id":5190,"href":"https:\/\/www.confederaciondelcobre.cl\/index.php\/wp-json\/wp\/v2\/posts\/5176\/revisions\/5190"}],"wp:featuredmedia":[{"embeddable":true,"href":"https:\/\/www.confederaciondelcobre.cl\/index.php\/wp-json\/wp\/v2\/media\/5184"}],"wp:attachment":[{"href":"https:\/\/www.confederaciondelcobre.cl\/index.php\/wp-json\/wp\/v2\/media?parent=5176"}],"wp:term":[{"taxonomy":"category","embeddable":true,"href":"https:\/\/www.confederaciondelcobre.cl\/index.php\/wp-json\/wp\/v2\/categories?post=5176"},{"taxonomy":"post_tag","embeddable":true,"href":"https:\/\/www.confederaciondelcobre.cl\/index.php\/wp-json\/wp\/v2\/tags?post=5176"}],"curies":[{"name":"wp","href":"https:\/\/api.w.org\/{rel}","templated":true}]}}